{"id":313550,"date":"2025-08-12T08:57:13","date_gmt":"2025-08-12T08:57:13","guid":{"rendered":"https:\/\/www.europesays.com\/fr\/313550\/"},"modified":"2025-08-12T08:57:13","modified_gmt":"2025-08-12T08:57:13","slug":"la-bourse-de-paris-profite-de-loptimisme-apres-la-treve-commerciale-entre-etats-unis-et-chine-12-08-2025-a-0937","status":"publish","type":"post","link":"https:\/\/www.europesays.com\/fr\/313550\/","title":{"rendered":"La Bourse de Paris profite de l&rsquo;optimisme apr\u00e8s la tr\u00eave commerciale entre Etats-Unis et Chine &#8211; 12\/08\/2025 \u00e0 09:37"},"content":{"rendered":"<p>        <img fetchpriority=\"high\" decoding=\"async\" src=\"https:\/\/www.europesays.com\/fr\/wp-content\/uploads\/2025\/08\/7a1bf1c4b907ca89a8e5e3ba6219f19a-760x484.jpg\" alt=\"L'ancien si\u00e8ge de la Bourse de Paris, le palais Brongniart, \u00e0 Paris le 24 ao\u00fbt 2015 ( AFP \/ ERIC PIERMONT )\" loading=\"eager\" width=\"760\" height=\"484\" style=\"max-width: 100%!important; height: auto;\"\/><\/p>\n<p class=\"c-image-news__legend\">L&rsquo;ancien si\u00e8ge de la Bourse de Paris, le palais Brongniart, \u00e0 Paris le 24 ao\u00fbt 2015 ( AFP \/ ERIC PIERMONT )<\/p>\n<p>\n La Bourse de Paris \u00e9volue en petite hausse mardi, profitant de l&rsquo;annonce d&rsquo;une prolongation de la tr\u00eave entre la Chine et les Etats-Unis sur les droits de douane, avant des indicateurs \u00e9conomiques attendus dans la semaine.\n<\/p>\n<p>\n Vers 09H30 heure de Paris, l&rsquo;indice vedette de la place parisienne prenait 0,55% soit 42 points, pour s&rsquo;\u00e9tablir \u00e0 7.740,52 points. La veille, le CAC 40 avait termin\u00e9 en baisse de 0,57% pour finalement s&rsquo;\u00e9tablir \u00e0 7.698,52 points.\n<\/p>\n<p>\n Les march\u00e9s d&rsquo;actions \u00ab\u00a0ont connu un l\u00e9ger regain d&rsquo;optimisme\u00a0\u00bb avec l&rsquo;annonce de la prolongation de 90 jours de la d\u00e9tente commerciale entre Washington et P\u00e9kin, \u00e0 quelques heures de la fin th\u00e9orique de cette tr\u00eave entre les deux puissances, commente Jim Reid, \u00e9conomiste \u00e0 la Deustsche Bank.\n<\/p>\n<p>\n Le pr\u00e9sident am\u00e9ricain a sign\u00e9 un d\u00e9cret pour officialiser le prolongement de cette tr\u00eave, pr\u00e9cisant dans un message sur son r\u00e9seau Truth Social que tous les autres \u00e9l\u00e9ments de l&rsquo;accord restaient \u00ab\u00a0identiques\u00a0\u00bb.\n<\/p>\n<p>\n Les march\u00e9s d&rsquo;actions naviguent \u00e9galement en terrain positif \u00ab\u00a0alors que la confiance des investisseurs s\u2019est renforc\u00e9e apr\u00e8s que le pr\u00e9sident Donald Trump a exprim\u00e9 son  ouverture \u00e0 autoriser les entreprises am\u00e9ricaines \u00e0 reprendre certaines ventes de puces \u00e0 la Chine\u00a0\u00bb, note Patrick Munnelly, analyste chez Tickmill Group.\n<\/p>\n<p>\n Donald Trump a confirm\u00e9 lundi que le g\u00e9ant am\u00e9ricain des puces \u00e9lectroniques Nvidia avait accept\u00e9 de verser au gouvernement am\u00e9ricain 15% de ses recettes provenant de la vente de ses puces sp\u00e9cialis\u00e9es pour l&rsquo;intelligence artificielle (IA) H20 en Chine.\n<\/p>\n<p>\n AMD (Advanced Micro Devices), autre grand groupe am\u00e9ricain sp\u00e9cialis\u00e9 dans les microprocesseurs et puces avanc\u00e9es, a pass\u00e9 un accord similaire pour ses puces MI308, d&rsquo;apr\u00e8s les m\u00e9dias am\u00e9ricains.\n<\/p>\n<p>\n \u00ab\u00a0La d\u00e9cision de Trump concernant les exportations de puces a contribu\u00e9 \u00e0 apaiser les craintes des march\u00e9s sur l&rsquo;aggravation des sanctions technologiques et les possibles perturbations des cha\u00eenes d\u2019approvisionnement\u00a0\u00bb, poursuit-il.\n<\/p>\n<p>\n A l&rsquo;agenda, l&rsquo;indice des prix \u00e0 la consommation (CPI) aux Etats-Unis, qui mesure l&rsquo;inflation c\u00f4t\u00e9 consommateurs, est attendu ce mardi.\n<\/p>\n<p>\n L&rsquo;attention des investisseurs reste \u00e9galement fix\u00e9e sur la rencontre pr\u00e9vue vendredi en Alaska entre Donald Trump et Vladimir Poutine sur le dossier de la guerre en Ukraine.\n<\/p>\n<p> Valneva ravi<\/p>\n<p>\n Le laboratoire franco-autrichien sp\u00e9cialis\u00e9 dans les vaccins a fait \u00e9tat mardi d&rsquo;un chiffre d&rsquo;affaires de 97,6 millions d&rsquo;euros contre 70,8 millions d\u2019euros au premier semestre 2024 et a confirm\u00e9 ses perspectives 2025 dans un communiqu\u00e9 publi\u00e9 mardi.\n<\/p>\n<p>\n Ces r\u00e9sultats ont \u00e9t\u00e9 salu\u00e9s en Bourse, le titre grimpant de 11,65% \u00e0 4,06 euros vers 09H30 \u00e0 Paris.\n<\/p>\n<p>\n Euronext CAC40<\/p>\n","protected":false},"excerpt":{"rendered":"L&rsquo;ancien si\u00e8ge de la Bourse de Paris, le palais Brongniart, \u00e0 Paris le 24 ao\u00fbt 2015 ( AFP&hellip;\n","protected":false},"author":2,"featured_media":313551,"comment_status":"","ping_status":"","sticky":false,"template":"","format":"standard","meta":{"footnotes":""},"categories":[5],"tags":[400,11,398,408,405,1011,27,403,14,402,399,404,12,401,406,407,28],"class_list":{"0":"post-313550","1":"post","2":"type-post","3":"status-publish","4":"format-standard","5":"has-post-thumbnail","7":"category-international","8":"tag-action-cac-40","9":"tag-actualites","10":"tag-bourse-de-paris","11":"tag-boursorama","12":"tag-cotations","13":"tag-fr","14":"tag-france","15":"tag-indices-devises","16":"tag-international","17":"tag-investir","18":"tag-investissement","19":"tag-marche-boursier","20":"tag-news","21":"tag-sicav","22":"tag-trackers","23":"tag-warrants","24":"tag-world"},"share_on_mastodon":{"url":"https:\/\/pubeurope.com\/@fr\/115014968592492836","error":""},"_links":{"self":[{"href":"https:\/\/www.europesays.com\/fr\/wp-json\/wp\/v2\/posts\/313550","targetHints":{"allow":["GET"]}}],"collection":[{"href":"https:\/\/www.europesays.com\/fr\/wp-json\/wp\/v2\/posts"}],"about":[{"href":"https:\/\/www.europesays.com\/fr\/wp-json\/wp\/v2\/types\/post"}],"author":[{"embeddable":true,"href":"https:\/\/www.europesays.com\/fr\/wp-json\/wp\/v2\/users\/2"}],"replies":[{"embeddable":true,"href":"https:\/\/www.europesays.com\/fr\/wp-json\/wp\/v2\/comments?post=313550"}],"version-history":[{"count":0,"href":"https:\/\/www.europesays.com\/fr\/wp-json\/wp\/v2\/posts\/313550\/revisions"}],"wp:featuredmedia":[{"embeddable":true,"href":"https:\/\/www.europesays.com\/fr\/wp-json\/wp\/v2\/media\/313551"}],"wp:attachment":[{"href":"https:\/\/www.europesays.com\/fr\/wp-json\/wp\/v2\/media?parent=313550"}],"wp:term":[{"taxonomy":"category","embeddable":true,"href":"https:\/\/www.europesays.com\/fr\/wp-json\/wp\/v2\/categories?post=313550"},{"taxonomy":"post_tag","embeddable":true,"href":"https:\/\/www.europesays.com\/fr\/wp-json\/wp\/v2\/tags?post=313550"}],"curies":[{"name":"wp","href":"https:\/\/api.w.org\/{rel}","templated":true}]}}