{"id":313564,"date":"2025-08-12T09:04:11","date_gmt":"2025-08-12T09:04:11","guid":{"rendered":"https:\/\/www.europesays.com\/fr\/313564\/"},"modified":"2025-08-12T09:04:11","modified_gmt":"2025-08-12T09:04:11","slug":"interpellation-dun-livreur-de-stupefiants-a-toulon","status":"publish","type":"post","link":"https:\/\/www.europesays.com\/fr\/313564\/","title":{"rendered":"Interpellation d\u2019un livreur de stup\u00e9fiants \u00e0 Toulon"},"content":{"rendered":"<p>La BAC de Toulon interpelle un livreur de stup\u00e9fiants, avec saisie de cannabis, cigarettes et esp\u00e8ces.<\/p>\n<p><img fetchpriority=\"high\" decoding=\"async\" width=\"1200\" height=\"900\" alt=\"Toulon interpellation assassinat femme Marseille 5e arrondissement Tirs La Beaucaire Toulon Braquage bijouterie Marseille Toulon voiture fauche un pi\u00e9ton hy\u00e8res stup\u00e9fiants Cagnes-sur-Mer examen renforcement lutte trafic var marseille chauffard octog\u00e9naire La Penne-sur-Huveaune enfant 9 ans arme kidnapping appel t\u00e9moins accident A57 cannes homme retranch\u00e9 rixe Solli\u00e8s-Pont cambriolage nouvel an marseille supermarch\u00e9 femme mise en examen Toulon cambrioleur aix-en-provence marseille drogues martigues Marseille plan d'Aou 30 ans de r\u00e9clusion criminelle represaille place nette\" title=\"VOITURE POLICE NATIONALE CAPOT\" src=\"https:\/\/www.europesays.com\/fr\/wp-content\/uploads\/2025\/08\/VOITURE-POLICE-NATIONALE-CAPOT.jpg\" class=\"img-responsive wp-image-22976\"\/><\/p>\n<p>Toulon interpellation \u2013 CREDIT : VarActu<\/p>\n<p data-start=\"59\" data-end=\"311\">La Brigade Anti-Criminalit\u00e9 (BAC) de Toulon a proc\u00e9d\u00e9 \u00e0 l\u2019interpellation d\u2019un individu soup\u00e7onn\u00e9 de livrer des produits stup\u00e9fiants dans le Var. Cette arrestation fait suite \u00e0 une op\u00e9ration de surveillance cibl\u00e9e men\u00e9e par la Police Nationale du Var.<\/p>\n<p data-start=\"313\" data-end=\"535\">Lors de l\u2019intervention, les forces \u2026<\/p>\n<p>Lire la suite dans l\u2019article <a href=\"https:\/\/www.varactu.fr\/interpellation-dun-livreur-de-stupefiants-a-toulon\/\" rel=\"nofollow noopener\" target=\"_blank\">Interpellation d\u2019un livreur de stup\u00e9fiants \u00e0 Toulon<\/a> qui est apparu en premier sur <a href=\"https:\/\/www.varactu.fr\" rel=\"nofollow noopener\" target=\"_blank\">Var Actu<\/a>.<\/p>\n","protected":false},"excerpt":{"rendered":"La BAC de Toulon interpelle un livreur de stup\u00e9fiants, avec saisie de cannabis, cigarettes et esp\u00e8ces. Toulon interpellation&hellip;\n","protected":false},"author":2,"featured_media":313565,"comment_status":"","ping_status":"","sticky":false,"template":"","format":"standard","meta":{"footnotes":""},"categories":[9619],"tags":[1111,11,1777,674,1011,27,12,882,25,2310],"class_list":{"0":"post-313564","1":"post","2":"type-post","3":"status-publish","4":"format-standard","5":"has-post-thumbnail","7":"category-toulon","8":"tag-actu","9":"tag-actualites","10":"tag-eu","11":"tag-europe","12":"tag-fr","13":"tag-france","14":"tag-news","15":"tag-provence-alpes-cote-dazur","16":"tag-republique-francaise","17":"tag-toulon"},"share_on_mastodon":{"url":"https:\/\/pubeurope.com\/@fr\/115014996066606026","error":""},"_links":{"self":[{"href":"https:\/\/www.europesays.com\/fr\/wp-json\/wp\/v2\/posts\/313564","targetHints":{"allow":["GET"]}}],"collection":[{"href":"https:\/\/www.europesays.com\/fr\/wp-json\/wp\/v2\/posts"}],"about":[{"href":"https:\/\/www.europesays.com\/fr\/wp-json\/wp\/v2\/types\/post"}],"author":[{"embeddable":true,"href":"https:\/\/www.europesays.com\/fr\/wp-json\/wp\/v2\/users\/2"}],"replies":[{"embeddable":true,"href":"https:\/\/www.europesays.com\/fr\/wp-json\/wp\/v2\/comments?post=313564"}],"version-history":[{"count":0,"href":"https:\/\/www.europesays.com\/fr\/wp-json\/wp\/v2\/posts\/313564\/revisions"}],"wp:featuredmedia":[{"embeddable":true,"href":"https:\/\/www.europesays.com\/fr\/wp-json\/wp\/v2\/media\/313565"}],"wp:attachment":[{"href":"https:\/\/www.europesays.com\/fr\/wp-json\/wp\/v2\/media?parent=313564"}],"wp:term":[{"taxonomy":"category","embeddable":true,"href":"https:\/\/www.europesays.com\/fr\/wp-json\/wp\/v2\/categories?post=313564"},{"taxonomy":"post_tag","embeddable":true,"href":"https:\/\/www.europesays.com\/fr\/wp-json\/wp\/v2\/tags?post=313564"}],"curies":[{"name":"wp","href":"https:\/\/api.w.org\/{rel}","templated":true}]}}