{"id":313566,"date":"2025-08-12T09:05:12","date_gmt":"2025-08-12T09:05:12","guid":{"rendered":"https:\/\/www.europesays.com\/fr\/313566\/"},"modified":"2025-08-12T09:05:12","modified_gmt":"2025-08-12T09:05:12","slug":"top-14-saga-toulon-nous-ne-pouvons-pas-aller-plus-vite-que-la-musique-patience-et-continuite-maitres-mots-a-toulon","status":"publish","type":"post","link":"https:\/\/www.europesays.com\/fr\/313566\/","title":{"rendered":"Top 14 &#8211; Saga Toulon. \u00ab\u00a0Nous ne pouvons pas aller plus vite que la musique\u00a0\u00bb : patience et continuit\u00e9, ma\u00eetres mots \u00e0 Toulon"},"content":{"rendered":"<p>\n                Apr\u00e8s avoir retrouv\u00e9 les phases finales de Top 14 et de Champions Cup, Toulon n\u2019a rien r\u00e9volutionn\u00e9. Cette stabilit\u00e9 doit permettre, \u00e0 long terme, aux Rouge et Noir de retrouver le go\u00fbt des troph\u00e9es.\n            <\/p>\n<p>\u00ab\u00a0Pour le staff sportif, nous n\u2019avons rien chang\u00e9. Pour aller plus loin et vite, il faut stabiliser les choses.\u00a0\u00bb Les supporters des Rouge et Noir ont certainement d\u00fb se pincer pour croire aux propos de Pierre Mignoni. Pour la premi\u00e8re fois depuis la p\u00e9riode dor\u00e9e de Bernard Laporte, Toulon a fait une entorse \u00e0 sa culture du changement permanent.<\/p>\n<p>Le pr\u00e9sident Bernard Lema\u00eetre a beau r\u00e9p\u00e9ter qu\u2019il ne travaillait que sur le \u00ab\u00a0temps long\u00a0\u00bb avec une vision de \u00ab\u00a0b\u00e2tisseur\u00a0\u00bb, l\u2019entrepreneur a d\u00e9j\u00e0 \u00e9t\u00e9 contraint de prendre des d\u00e9cisions (limogeage de Patrice Collazo) ou de les subir (d\u00e9parts de Franck Az\u00e9ma et de Romain Poite ces derni\u00e8res saisons). \u00ab\u00a0La derni\u00e8re ann\u00e9e a d\u00e9montr\u00e9 une capacit\u00e9 \u00e0 franchir de nouvelles marches, note l\u2019homme d\u2019affaires. On esp\u00e9rait faire un peu mieux. C\u2019est logique dans un esprit sportif. Aujourd\u2019hui, nous savons que pour franchir les deux marches qui nous manquent, il faut aller plus loin. On vit dans ces conditions et cet espoir. On se donne les moyens pour \u00e7a. Au sein du club, j\u2019ai la r\u00e9putation d\u2019\u00eatre un impatient (sourire). C\u2019est vrai que j\u2019aime aller vite et fort, mais il y a des domaines o\u00f9 nous sommes oblig\u00e9s de prendre patience. Une \u00e9quipe se construit, tout comme un club. \u00c7a se construit dans la dur\u00e9e et dans le temps, par des petites retouches. Nous sommes en train de le faire, mais nous ne pouvons pas aller plus vite que la musique. Des concurrents ont pris de l\u2019avance. Nous sommes dans une situation, ici, o\u00f9 nous sommes d\u00e9j\u00e0 contents d\u2019\u00eatre dans les trois ou quatre meilleurs clubs de la saison pass\u00e9e. Il faut d\u00e9sormais durer dans cette position, avec l\u2019envie de monter une ou deux marches de plus.\u00a0\u00bb<\/p>\n<p><strong>Se stabiliser dans le top 4 et \u00eatre ambitieux\u00a0<\/strong><strong>en Champions Cup<\/strong><\/p>\n<p>Ce d\u00e9sir de sommet est partag\u00e9 entre les deux comp\u00e9titions. \u00ab\u00a0Quand nous sommes \u00e0 Toulon, expose Mignoni, il faut viser le top 4 en championnat. Il faut \u00eatre ambitieux, et vouloir chercher les choses comme l\u2019an dernier. Je peux juste vous garantir que l\u2019on va tout faire pour revenir. On doit avoir beaucoup d\u2019humilit\u00e9 par rapport \u00e0 ce que l\u2019on a fait. On repart \u00e0 z\u00e9ro. Pour faire mieux, il faut faire plus un peu tous les jours. On doit faire plus au sein du club, au niveau des joueurs, du staff, de l\u2019administratif. On doit avoir, ensemble, une m\u00eame vision pour gagner de l\u2019exp\u00e9rience. Il faut s\u2019am\u00e9liorer. Pour la coupe d\u2019Europe, \u00e7a sera pareil. On prend du plaisir dans cette comp\u00e9tition. La poule sera difficile, mais excitante. Il est hors de question de ne pas jouer cette comp\u00e9tition, on jouera \u00e0 fond toutes les comp\u00e9titions. On jouera avec nos tripes.\u00a0\u00bb<\/p>\n<p>C\u2019est finalement dans la coulisse, \u00e9loign\u00e9e du rectangle vert, que les changements sont intervenus. Dans l\u2019optique de retrouver \u00ab\u00a0un \u00e9quilibre \u00e9conomique\u00a0\u00bb et de pr\u00e9parer sa succession, Lema\u00eetre \u0153uvre aux c\u00f4t\u00e9s de son bras droit Jessica Casanova. Plusieurs collaborateurs ont quitt\u00e9 le navire varois ces derniers mois, dont le dernier en date se nomme Mathias Icard (directeur des revenus depuis 2023). Martin d\u2019Argenlieu a \u00e9t\u00e9 recrut\u00e9 au poste de directeur g\u00e9n\u00e9ral adjoint, et l\u2019int\u00e9ress\u00e9 a r\u00e9cup\u00e9r\u00e9 une partie du portefeuille. \u00ab\u00a0Il n\u2019y a que Trump qui sait r\u00e9duire un d\u00e9ficit de 50 % en un an, sourit le pr\u00e9sident. On sait que \u00e7a prendra trois saisons. Nous visons donc l\u2019exercice 2027-2028. \u00c7a passe par ce que j\u2019appelle le cahier de la cuisini\u00e8re : augmenter les recettes et ma\u00eetriser les d\u00e9penses. Ces derni\u00e8res sont ins\u00e9parables, \u00e9galement, des ambitions sportives du club. Nous sommes dans un rugby assez long [\u2026], et on ne peut pas fonctionner avec moins de 40 joueurs. Parmi ces \u00e9l\u00e9ments, il faut un niveau qualitatif. C\u2019est aussi contradictoire avec le salary cap. Vous voyez, il y a des \u00e9l\u00e9ments \u00e0 prendre en compte. Nous \u00e9voluons dans ce contexte.\u00a0\u00bb Dans ce jeu d\u2019enfants qu\u2019est le rugby, il y a bien des enjeux d\u2019adultes.<\/p>\n","protected":false},"excerpt":{"rendered":"Apr\u00e8s avoir retrouv\u00e9 les phases finales de Top 14 et de Champions Cup, Toulon n\u2019a rien r\u00e9volutionn\u00e9. Cette&hellip;\n","protected":false},"author":2,"featured_media":313567,"comment_status":"","ping_status":"","sticky":false,"template":"","format":"standard","meta":{"footnotes":""},"categories":[9619],"tags":[1111,11,1777,674,1011,27,12,882,25,2310],"class_list":{"0":"post-313566","1":"post","2":"type-post","3":"status-publish","4":"format-standard","5":"has-post-thumbnail","7":"category-toulon","8":"tag-actu","9":"tag-actualites","10":"tag-eu","11":"tag-europe","12":"tag-fr","13":"tag-france","14":"tag-news","15":"tag-provence-alpes-cote-dazur","16":"tag-republique-francaise","17":"tag-toulon"},"share_on_mastodon":{"url":"https:\/\/pubeurope.com\/@fr\/115014999922016968","error":""},"_links":{"self":[{"href":"https:\/\/www.europesays.com\/fr\/wp-json\/wp\/v2\/posts\/313566","targetHints":{"allow":["GET"]}}],"collection":[{"href":"https:\/\/www.europesays.com\/fr\/wp-json\/wp\/v2\/posts"}],"about":[{"href":"https:\/\/www.europesays.com\/fr\/wp-json\/wp\/v2\/types\/post"}],"author":[{"embeddable":true,"href":"https:\/\/www.europesays.com\/fr\/wp-json\/wp\/v2\/users\/2"}],"replies":[{"embeddable":true,"href":"https:\/\/www.europesays.com\/fr\/wp-json\/wp\/v2\/comments?post=313566"}],"version-history":[{"count":0,"href":"https:\/\/www.europesays.com\/fr\/wp-json\/wp\/v2\/posts\/313566\/revisions"}],"wp:featuredmedia":[{"embeddable":true,"href":"https:\/\/www.europesays.com\/fr\/wp-json\/wp\/v2\/media\/313567"}],"wp:attachment":[{"href":"https:\/\/www.europesays.com\/fr\/wp-json\/wp\/v2\/media?parent=313566"}],"wp:term":[{"taxonomy":"category","embeddable":true,"href":"https:\/\/www.europesays.com\/fr\/wp-json\/wp\/v2\/categories?post=313566"},{"taxonomy":"post_tag","embeddable":true,"href":"https:\/\/www.europesays.com\/fr\/wp-json\/wp\/v2\/tags?post=313566"}],"curies":[{"name":"wp","href":"https:\/\/api.w.org\/{rel}","templated":true}]}}