{"id":313570,"date":"2025-08-12T09:07:09","date_gmt":"2025-08-12T09:07:09","guid":{"rendered":"https:\/\/www.europesays.com\/fr\/313570\/"},"modified":"2025-08-12T09:07:09","modified_gmt":"2025-08-12T09:07:09","slug":"coups-menaces-sept-affaires-de-violences-conjugales-en-seulement-quatre-jours","status":"publish","type":"post","link":"https:\/\/www.europesays.com\/fr\/313570\/","title":{"rendered":"coups, menaces&#8230; sept affaires de violences conjugales en seulement quatre jours"},"content":{"rendered":"<p>            Par<br \/>\n        <strong><br \/>\n            <a href=\"https:\/\/actu.fr\/auteur\/lea-pippinato\" title=\"Consulter tous les articles de L\u00e9a Pippinato\" target=\"_blank\" rel=\"noopener\">L\u00e9a Pippinato<\/a><br \/>\n        <\/strong><\/p>\n<p>        Publi\u00e9 le<\/p>\n<p>            12 ao\u00fbt 2025 \u00e0 10h30        <\/p>\n<p>Depuis le d\u00e9but de l\u2019ann\u00e9e 2025, <strong>plus de 80 femmes sont mortes<\/strong> <strong>en France<\/strong> sous les coups de leur conjoint ou ex-conjoint. Les <strong>policiers nationaux<\/strong> se retrouvent souvent en premi\u00e8re ligne pour \u00e9viter les drames. Menaces, coups, d\u00e9gradations, plaintes\u2026 <strong>entre le 7 et le 10 ao\u00fbt<\/strong>, les interventions se sont encha\u00een\u00e9es \u00e0 <strong>Montpellier<\/strong>.\u00a0<\/p>\n<p class=\" wall-content\">Le 7 ao\u00fbt, avenue de la R\u00e9glisse, une femme signale avoir \u00e9t\u00e9 battue par son conjoint devant leurs enfants. Des meubles ont \u00e9t\u00e9 endommag\u00e9s. Un homme de 50 ans est interpell\u00e9, plac\u00e9 en garde \u00e0 vue puis pr\u00e9sent\u00e9 au parquet deux jours plus tard.<\/p>\n<p>    <a href=\"https:\/\/www.google.com\/maps\/embed?pb=!1m18!1m12!1m3!1d2890.200352954586!2d3.8564466764585696!3d43.58154297110558!2m3!1f0!2f0!3f0!3m2!1i1024!2i768!4f13.1!3m3!1m2!1s0x12b6ae31e6096355%3A0x45fdd76911f2aa7c!2sAv.%20de%20la%20R%C3%A9glisse%2C%2034070%20Montpellier!5e0!3m2!1sfr!2sfr!4v1754927950482!5m2!1sfr!2sfr\" title=\"Ouvrie le lien\" target=\"_blank\" rel=\"noopener\">Cliquez ici pour visualiser le contenu<\/a><\/p>\n<p class=\" wall-content\">Quelques heures plus tard, \u00e0 14h10, une autre femme \u00e9voque des violences aggrav\u00e9es et une tentative d\u2019enl\u00e8vement, impliquant son conjoint et le fr\u00e8re de ce dernier. Deux hommes de 18 et 26 ans sont arr\u00eat\u00e9s. L\u2019affaire est finalement class\u00e9e, les faits apparaissant moins clairs qu\u2019annonc\u00e9 initialement.En d\u00e9but de soir\u00e9e, \u00e0 18h, rue de l\u2019Escoutadou, une m\u00e8re accuse son ex-compagnon de l\u2019avoir bouscul\u00e9e et menac\u00e9e de mort \u00e0 plusieurs reprises devant ses jeunes enfants. L\u2019homme, \u00e2g\u00e9 de 34 ans, est arr\u00eat\u00e9. La plaignante cesse ensuite de donner suite, bloquant la proc\u00e9dure.<\/p>\n<p>Des plaintes suivies d\u2019interdictions de contact<\/p>\n<p class=\" wall-content\">Le 8 ao\u00fbt, \u00e0 17h30, impasse de la Fayette, une femme souhaite d\u00e9poser plainte contre son conjoint pour violences. Un homme de 27 ans est interpell\u00e9 et d\u00e9f\u00e9r\u00e9 deux jours plus tard pour une convocation par proc\u00e8s-verbal. Le 9 ao\u00fbt \u00e0 21h30, une jeune m\u00e8re se pr\u00e9sente au commissariat avec son b\u00e9b\u00e9 de quelques mois. Elle accuse son compagnon de 24 ans. Une interdiction de contact est prononc\u00e9e. Le 10 ao\u00fbt \u00e0 11h45, une femme rapporte subir des violences depuis un an. Son compagnon de 28 ans est plac\u00e9 en garde \u00e0 vue puis soumis \u00e0 la m\u00eame interdiction. Enfin, ce 10 ao\u00fbt en fin de matin\u00e9e, rue du Pas du Loup, une soir\u00e9e festive d\u00e9g\u00e9n\u00e8re. Une femme affirme avoir \u00e9t\u00e9 frapp\u00e9e par son petit ami, lui aussi \u00e2g\u00e9 de 28 ans. L\u2019intervention des policiers conduit \u00e0 son interpellation, mais le contexte alcoolis\u00e9 emp\u00eache de confirmer les faits et l\u2019affaire est class\u00e9e sans suite.<\/p>\n<p>Vid\u00e9os : en ce moment sur Actu<\/p>\n<p class=\" wall-content\">Suivez toute l\u2019actualit\u00e9 de vos villes et m\u00e9dias favoris en vous inscrivant \u00e0 <a href=\"https:\/\/moncompte.actu.fr\" title=\"D\u00e9couvez Mon Actu\" rel=\"nofollow noopener\" data-trk=\"{&quot;cta&quot;:{&quot;action&quot;:&quot;https:\\\/\\\/moncompte.actu.fr&quot;,&quot;category&quot;:&quot;mon compte&quot;,&quot;from&quot;:&quot;article footer&quot;,&quot;name&quot;:&quot;Mon actu&quot;,&quot;type&quot;:&quot;cta&quot;}}\" target=\"_blank\">Mon Actu<\/a>.<\/p>\n","protected":false},"excerpt":{"rendered":"Par L\u00e9a Pippinato Publi\u00e9 le 12 ao\u00fbt 2025 \u00e0 10h30 Depuis le d\u00e9but de l\u2019ann\u00e9e 2025, plus de&hellip;\n","protected":false},"author":2,"featured_media":313571,"comment_status":"","ping_status":"","sticky":false,"template":"","format":"standard","meta":{"footnotes":""},"categories":[9599],"tags":[1111,11,1777,674,118,1011,27,303,2208,12,2680,1072,25,798],"class_list":{"0":"post-313570","1":"post","2":"type-post","3":"status-publish","4":"format-standard","5":"has-post-thumbnail","7":"category-montpellier","8":"tag-actu","9":"tag-actualites","10":"tag-eu","11":"tag-europe","12":"tag-faits-divers","13":"tag-fr","14":"tag-france","15":"tag-justice","16":"tag-montpellier","17":"tag-news","18":"tag-occitanie","19":"tag-police","20":"tag-republique-francaise","21":"tag-violences-conjugales"},"share_on_mastodon":{"url":"https:\/\/pubeurope.com\/@fr\/115015007786305844","error":""},"_links":{"self":[{"href":"https:\/\/www.europesays.com\/fr\/wp-json\/wp\/v2\/posts\/313570","targetHints":{"allow":["GET"]}}],"collection":[{"href":"https:\/\/www.europesays.com\/fr\/wp-json\/wp\/v2\/posts"}],"about":[{"href":"https:\/\/www.europesays.com\/fr\/wp-json\/wp\/v2\/types\/post"}],"author":[{"embeddable":true,"href":"https:\/\/www.europesays.com\/fr\/wp-json\/wp\/v2\/users\/2"}],"replies":[{"embeddable":true,"href":"https:\/\/www.europesays.com\/fr\/wp-json\/wp\/v2\/comments?post=313570"}],"version-history":[{"count":0,"href":"https:\/\/www.europesays.com\/fr\/wp-json\/wp\/v2\/posts\/313570\/revisions"}],"wp:featuredmedia":[{"embeddable":true,"href":"https:\/\/www.europesays.com\/fr\/wp-json\/wp\/v2\/media\/313571"}],"wp:attachment":[{"href":"https:\/\/www.europesays.com\/fr\/wp-json\/wp\/v2\/media?parent=313570"}],"wp:term":[{"taxonomy":"category","embeddable":true,"href":"https:\/\/www.europesays.com\/fr\/wp-json\/wp\/v2\/categories?post=313570"},{"taxonomy":"post_tag","embeddable":true,"href":"https:\/\/www.europesays.com\/fr\/wp-json\/wp\/v2\/tags?post=313570"}],"curies":[{"name":"wp","href":"https:\/\/api.w.org\/{rel}","templated":true}]}}