{"id":313572,"date":"2025-08-12T09:10:16","date_gmt":"2025-08-12T09:10:16","guid":{"rendered":"https:\/\/www.europesays.com\/fr\/313572\/"},"modified":"2025-08-12T09:10:16","modified_gmt":"2025-08-12T09:10:16","slug":"basket-le-rmb-dattaque-en-elite-2","status":"publish","type":"post","link":"https:\/\/www.europesays.com\/fr\/313572\/","title":{"rendered":"Basket : le RMB d&rsquo;attaque en \u00c9lite 2"},"content":{"rendered":"<p>Le Rouen M\u00e9tropole Basket entame une nouvelle saison en \u00c9lite 2, le nouveau nom du championnat de France de Pro B. En attendant la premi\u00e8re journ\u00e9e \u00e0 domicile face \u00e0 La Rochelle le vendredi 19 septembre 2025, petit tour d&rsquo;horizon de l&rsquo;actualit\u00e9 du club.<\/p>\n<p>Championnat<\/p>\n<p>Apr\u00e8s avoir termin\u00e9 la saison r\u00e9guli\u00e8re de Pro B \u00e0 une anonyme 13e place, le RMB aura \u00e0 coeur de faire mieux dans cette nouvelle \u00c9lite 2. Il s&rsquo;agira cette fois-ci au moins d&rsquo;accrocher les play-offs. Les favoris se nomment La Rochelle, de retour apr\u00e8s une saison au premier \u00e9chelon, Blois, Orl\u00e9ans, Roanne ou encore Pau-Lacq-Orthez.<\/p>\n<p><img decoding=\"async\" alt=\"unnamed.png\" src=\"https:\/\/www.europesays.com\/fr\/wp-content\/uploads\/2025\/08\/1754989816_856_unnamed.png\"\/><\/p>\n<p>Effectif<\/p>\n<p>L&rsquo;intersaison a \u00e9t\u00e9 marqu\u00e9e par de nombreux mouvements, dans le sens des d\u00e9parts comme dans celui des arriv\u00e9es. Le coach Sylvain Delorme reste aux commandes de l&rsquo;\u00e9quipe qui s&rsquo;appuie d\u00e9sormais sur Rosaire Malonga, Tray Croft, Kevin Samuel ou Valentin Bigote.<\/p>\n<p>Ce contenu provient de Facebook. En l\u2019affichant, Facebook peut installer un cookie afin de suivre votre activit\u00e9.<\/p>\n<p><a href=\"https:\/\/www.facebook.com\/plugins\/post.php?href=https%3A%2F%2Fwww.facebook.com%2Frouenmetrobasket%2Fposts%2Fpfbid0368zMwTvv3KVFfynsJgRnYRUvZt1faerCiAbyPPbZgsQn9mM6nfEQX9vZBCxBGvP5l&amp;show_text=true&amp;width=500\" class=\"btlnk E018\" rel=\"nofollow noopener\" target=\"_blank\">J\u2019accepte<\/a><\/p>\n<p>Pr\u00e9-saison<\/p>\n<p>Pour son premier match de pr\u00e9paration, le RMB affronte Le Havre \u00e0 Rives-en-Seine le vendredi 22 ao\u00fbt. Suivront des rencontres contre Denain (Petit-Caux, mercredi 27 ao\u00fbt) et Champagne Basket (Maromme, samedi 30 ao\u00fbt). Les Rouennais disputeront enfin le tournoi de Blois les vendredi 5 et samedi 6 septembre prochains. Le 12 septembre, place \u00e0 la comp\u00e9tition avec l&rsquo;entr\u00e9e en lice du RMB dans la Coupe de France sur le parquet du STB Le Havre.<\/p>\n<p>Abonnement<\/p>\n<p>Cette ann\u00e9e, quatre formules d&rsquo;abonnement sont propos\u00e9es par le club aux supporters. Il faut compter de 100 \u00e0 240\u20ac selon la formule choisie et pour 20 matches de la saison (19 de championnat et un de Coupe de France ou premier match de play-offs). Il est possible de prendre son abonnement en ligne.<\/p>\n<p>Informations pratiquesNouvelle saison du RMB<\/p>\n<p>Plus d&rsquo;informations sur <a href=\"https:\/\/www.rouenmetrobasket.com\/\" target=\"_blank\" class=\"elf-external elf-icon\" rel=\"nofollow noopener\">rouenmetrobasket.com<\/a><\/p>\n<p>Cr\u00e9dit photo \u00a9 Facebook RMB<\/p>\n","protected":false},"excerpt":{"rendered":"Le Rouen M\u00e9tropole Basket entame une nouvelle saison en \u00c9lite 2, le nouveau nom du championnat de France&hellip;\n","protected":false},"author":2,"featured_media":313573,"comment_status":"","ping_status":"","sticky":false,"template":"","format":"standard","meta":{"footnotes":""},"categories":[9587],"tags":[1111,11,1777,674,1011,27,12,5161,25,9590],"class_list":{"0":"post-313572","1":"post","2":"type-post","3":"status-publish","4":"format-standard","5":"has-post-thumbnail","7":"category-rouen","8":"tag-actu","9":"tag-actualites","10":"tag-eu","11":"tag-europe","12":"tag-fr","13":"tag-france","14":"tag-news","15":"tag-normandie","16":"tag-republique-francaise","17":"tag-rouen"},"share_on_mastodon":{"url":"https:\/\/pubeurope.com\/@fr\/115015019561897734","error":""},"_links":{"self":[{"href":"https:\/\/www.europesays.com\/fr\/wp-json\/wp\/v2\/posts\/313572","targetHints":{"allow":["GET"]}}],"collection":[{"href":"https:\/\/www.europesays.com\/fr\/wp-json\/wp\/v2\/posts"}],"about":[{"href":"https:\/\/www.europesays.com\/fr\/wp-json\/wp\/v2\/types\/post"}],"author":[{"embeddable":true,"href":"https:\/\/www.europesays.com\/fr\/wp-json\/wp\/v2\/users\/2"}],"replies":[{"embeddable":true,"href":"https:\/\/www.europesays.com\/fr\/wp-json\/wp\/v2\/comments?post=313572"}],"version-history":[{"count":0,"href":"https:\/\/www.europesays.com\/fr\/wp-json\/wp\/v2\/posts\/313572\/revisions"}],"wp:featuredmedia":[{"embeddable":true,"href":"https:\/\/www.europesays.com\/fr\/wp-json\/wp\/v2\/media\/313573"}],"wp:attachment":[{"href":"https:\/\/www.europesays.com\/fr\/wp-json\/wp\/v2\/media?parent=313572"}],"wp:term":[{"taxonomy":"category","embeddable":true,"href":"https:\/\/www.europesays.com\/fr\/wp-json\/wp\/v2\/categories?post=313572"},{"taxonomy":"post_tag","embeddable":true,"href":"https:\/\/www.europesays.com\/fr\/wp-json\/wp\/v2\/tags?post=313572"}],"curies":[{"name":"wp","href":"https:\/\/api.w.org\/{rel}","templated":true}]}}