{"id":313578,"date":"2025-08-12T09:20:16","date_gmt":"2025-08-12T09:20:16","guid":{"rendered":"https:\/\/www.europesays.com\/fr\/313578\/"},"modified":"2025-08-12T09:20:16","modified_gmt":"2025-08-12T09:20:16","slug":"evenement-apres-avoir-emerveille-plus-de-500-000-spectateurs-a-travers-la-france-luminiscence-debarque-a-strasbourg","status":"publish","type":"post","link":"https:\/\/www.europesays.com\/fr\/313578\/","title":{"rendered":"\u00c9v\u00e9nement. Apr\u00e8s avoir \u00e9merveill\u00e9 plus de 500 000 spectateurs \u00e0 travers la France, LUMINISCENCE d\u00e9barque \u00e0 Strasbourg !"},"content":{"rendered":"<p>Contenu con\u00e7u et propos\u00e9 par EBRA Inspirations en partenariat avec EBRA Inspirations est une marque qui valorise les contenus r\u00e9dactionnels promotionnels.<br \/>La r\u00e9daction n&rsquo;a pas particip\u00e9 \u00e0 la r\u00e9alisation de cet article.<\/p>\n<p>                                                    <strong>LUMINISCENCE<\/strong><\/p>\n<p class=\"gmail-p1\">Chef-d\u2019\u0153uvre absolu de l\u2019art gothique, la cath\u00e9drale Notre-Dame de Strasbourg est un monument mill\u00e9naire class\u00e9 au patrimoine mondial de l\u2019UNESCO. Autrefois le plus haut \u00e9difice du monde, elle reste aujourd\u2019hui le plus haut b\u00e2timent de pierre de France. Avec sa fl\u00e8che de 142 m\u00e8tres, sa fa\u00e7ade en gr\u00e8s rose sculpt\u00e9e comme une dentelle, ses vitraux m\u00e9di\u00e9vaux et son horloge astronomique, elle s\u2019impose comme l\u2019un des joyaux du patrimoine europ\u00e9en.<\/p>\n<p>    &#13;<br \/>\n    &#13;<br \/>\n    &#13;<br \/>\n    <a href=\"https:\/\/cdn-s-www.dna.fr\/images\/507be713-0379-423a-b5c2-339950b16143\/NW_raw\/luminiscence-1750668416.jpg\" title=\"\u00a9Luminiscence\" class=\"chocolat-image GA-tracking\" data-ga_type=\"click\" data-ga_category=\"D\u00e9tail\" data-ga_action=\"zoomer\" data-ga_label=\"aggrandir image\" target=\"_blank\" rel=\"noopener\">&#13;<br \/>\n        <img src=\"https:\/\/www.europesays.com\/fr\/wp-content\/uploads\/2025\/08\/luminiscence-1750668416.jpg\"   alt=\"\u00a9Luminiscence\" fetchpriority=\"high\" decoding=\"async\" data-mobile=\"NW_listA_M|1750668416\" data-base=\"NW_listA|1750668416\"\/>&#13;<br \/>\n    <\/a>&#13;<\/p>\n<p>\u00a9Luminiscence<\/p>\n<p class=\"gmail-p1\">Dans ce cadre exceptionnel, LUMINISCENCE propose une exp\u00e9rience sensorielle in\u00e9dite m\u00ealant vid\u00e9o mapping \u00e0 360\u00b0, musique live et narration immersive. Gr\u00e2ce \u00e0 une mod\u00e9lisation 3D de l\u2019\u00e9difice, les projections monumentales r\u00e9v\u00e8lent avec une pr\u00e9cision saisissante chaque d\u00e9tail sculpt\u00e9, chaque vo\u00fbte, chaque \u00e9l\u00e9vation, prolongeant visuellement l\u2019architecture dans toute sa verticalit\u00e9. Le spectateur est plong\u00e9 au c\u0153ur d\u2019un r\u00e9cit en quatre actes, \u00e0 la rencontre des b\u00e2tisseurs, des symboles et de la m\u00e9moire du lieu. Plus qu\u2019un simple spectacle, c\u2019est une mise en lumi\u00e8re de l\u2019\u00e2me d\u2019un monument, une exp\u00e9rience collective, po\u00e9tique et profonde.<\/p>\n<p>    &#13;<br \/>\n    &#13;<br \/>\n    &#13;<br \/>\n    <a href=\"https:\/\/cdn-s-www.dna.fr\/images\/b6f74023-c42f-43f0-98ae-fbcc5b52152a\/NW_raw\/title-1750668416.jpg\" title=\"\" class=\"chocolat-image GA-tracking\" data-ga_type=\"click\" data-ga_category=\"D\u00e9tail\" data-ga_action=\"zoomer\" data-ga_label=\"aggrandir image\" target=\"_blank\" rel=\"noopener\">&#13;<br \/>\n        <img src=\"https:\/\/www.europesays.com\/fr\/wp-content\/uploads\/2025\/08\/title-1750668416.jpg\"   alt=\"\" fetchpriority=\"high\" decoding=\"async\" data-mobile=\"NW_listA_M|1750668416\" data-base=\"NW_listA|1750668416\"\/>&#13;<br \/>\n    <\/a>&#13;<\/p>\n<p>  <strong>Des soir\u00e9es exceptionnelles avec les Concerts Immersifs<\/strong><\/p>\n<p>Chaque vendredi et samedi jusqu\u2019\u00e0 fin octobre, les Concerts Immersifs proposent une version musicale live du spectacle, o\u00f9 l\u2019Orchestre LUMINISCENCE vient sublimer les voix du ch\u0153ur.<\/p>\n<p><strong>Inscrivez-vous sur la liste d\u2019attente avant le\u00a02 juillet \u00e0 12h pour r\u00e9server vos places en avant-premi\u00e8re et b\u00e9n\u00e9ficier de 10% de r\u00e9duction<\/strong>\u00a0!\t                                        \t                    \t\t                    <\/p>\n<ul class=\"galerieContent carousel-wrapper__slides\" id=\"43af153d-d33a-48fb-8091-7aa74fec4e40\">        &#13;<\/p>\n<li class=\"carousel-wrapper__slides--slide item\" id=\"slide-1\">&#13;<br \/>\n                                    &#13;<br \/>\n                        <a class=\"chocolat-image GA-tracking\" data-ga_type=\"click\" data-ga_category=\"D\u00e9tail\" data-ga_action=\"zoomer\" data-ga_label=\"aggrandir image\" href=\"https:\/\/cdn-s-www.dna.fr\/images\/b2bbb2d6-1bc5-476d-b534-1394ff1e87e5\/NW_raw\/luminiscence-1750668441.jpg\" title=\"\u00a9Luminiscence\" target=\"_blank\" rel=\"noopener\">&#13;<br \/>\n                            <img decoding=\"async\" src=\"https:\/\/www.europesays.com\/fr\/wp-content\/uploads\/2025\/08\/luminiscence-1750668441.jpg\"   alt=\"\u00a9Luminiscence\" fetchpriority=\"high\" data-mobile=\"NW_listA_M|1750668441\" data-base=\"NW_listA|1750668441\"\/>&#13;<br \/>\n                        <\/a>&#13;<br \/>\n                        &#13;<br \/>\n                                           &#13;\n                <\/li>\n<p>&#13;<br \/>\n            &#13;<\/p>\n<li class=\"carousel-wrapper__slides--slide item\" id=\"slide-2\">&#13;<br \/>\n                                    &#13;<br \/>\n                        <a class=\"chocolat-image GA-tracking\" data-ga_type=\"click\" data-ga_category=\"D\u00e9tail\" data-ga_action=\"zoomer\" data-ga_label=\"aggrandir image\" href=\"https:\/\/cdn-s-www.dna.fr\/images\/5665a480-ca0c-43a2-9077-1a27125ddaf2\/NW_raw\/luminiscence-1750668652.jpg\" title=\"\u00a9Luminiscence\" target=\"_blank\" rel=\"noopener\">&#13;<br \/>\n                            <img decoding=\"async\" src=\"https:\/\/www.europesays.com\/fr\/wp-content\/uploads\/2025\/08\/luminiscence-1750668652.jpg\"   alt=\"\u00a9Luminiscence\" loading=\"lazy\" fetchpriority=\"low\" data-mobile=\"NW_listA_M|1750668652\" data-base=\"NW_listA|1750668652\"\/>&#13;<br \/>\n                        <\/a>&#13;<br \/>\n                        &#13;<br \/>\n                                           &#13;\n                <\/li>\n<p>&#13;<br \/>\n            &#13;\n                <\/ul>\n<p>&#13;<br \/>\n                                            Contenu con\u00e7u et propos\u00e9 par EBRA inspirations&#13;<br \/>\n                        avec LUMINISCENCE&#13;\n                                    <\/p>\n","protected":false},"excerpt":{"rendered":"Contenu con\u00e7u et propos\u00e9 par EBRA Inspirations en partenariat avec EBRA Inspirations est une marque qui valorise les&hellip;\n","protected":false},"author":2,"featured_media":313579,"comment_status":"","ping_status":"","sticky":false,"template":"","format":"standard","meta":{"footnotes":""},"categories":[2820],"tags":[1111,11,7884,7885,1777,674,1011,27,775,12,25,640],"class_list":{"0":"post-313578","1":"post","2":"type-post","3":"status-publish","4":"format-standard","5":"has-post-thumbnail","7":"category-strasbourg","8":"tag-actu","9":"tag-actualites","10":"tag-articles-partenaires","11":"tag-brand-content","12":"tag-eu","13":"tag-europe","14":"tag-fr","15":"tag-france","16":"tag-grand-est","17":"tag-news","18":"tag-republique-francaise","19":"tag-strasbourg"},"share_on_mastodon":{"url":"https:\/\/pubeurope.com\/@fr\/115015059048825223","error":""},"_links":{"self":[{"href":"https:\/\/www.europesays.com\/fr\/wp-json\/wp\/v2\/posts\/313578","targetHints":{"allow":["GET"]}}],"collection":[{"href":"https:\/\/www.europesays.com\/fr\/wp-json\/wp\/v2\/posts"}],"about":[{"href":"https:\/\/www.europesays.com\/fr\/wp-json\/wp\/v2\/types\/post"}],"author":[{"embeddable":true,"href":"https:\/\/www.europesays.com\/fr\/wp-json\/wp\/v2\/users\/2"}],"replies":[{"embeddable":true,"href":"https:\/\/www.europesays.com\/fr\/wp-json\/wp\/v2\/comments?post=313578"}],"version-history":[{"count":0,"href":"https:\/\/www.europesays.com\/fr\/wp-json\/wp\/v2\/posts\/313578\/revisions"}],"wp:featuredmedia":[{"embeddable":true,"href":"https:\/\/www.europesays.com\/fr\/wp-json\/wp\/v2\/media\/313579"}],"wp:attachment":[{"href":"https:\/\/www.europesays.com\/fr\/wp-json\/wp\/v2\/media?parent=313578"}],"wp:term":[{"taxonomy":"category","embeddable":true,"href":"https:\/\/www.europesays.com\/fr\/wp-json\/wp\/v2\/categories?post=313578"},{"taxonomy":"post_tag","embeddable":true,"href":"https:\/\/www.europesays.com\/fr\/wp-json\/wp\/v2\/tags?post=313578"}],"curies":[{"name":"wp","href":"https:\/\/api.w.org\/{rel}","templated":true}]}}