{"id":313605,"date":"2025-08-12T09:35:15","date_gmt":"2025-08-12T09:35:15","guid":{"rendered":"https:\/\/www.europesays.com\/fr\/313605\/"},"modified":"2025-08-12T09:35:15","modified_gmt":"2025-08-12T09:35:15","slug":"lyon-un-animal-sauvage-qui-a-elu-domicile-au-parc-de-la-tete-dor-observe-dans-les-rues","status":"publish","type":"post","link":"https:\/\/www.europesays.com\/fr\/313605\/","title":{"rendered":"Lyon. Un animal sauvage qui a \u00e9lu domicile au parc de la T\u00eate d&rsquo;or observ\u00e9 dans les rues"},"content":{"rendered":"<p>            Par<br \/>\n        <strong><br \/>\n            <a href=\"https:\/\/actu.fr\/auteur\/emma-ressegaire\" title=\"Consulter tous les articles de Emma Ressegaire\" rel=\"nofollow noopener\" target=\"_blank\">Emma Ressegaire<\/a><br \/>\n        <\/strong><\/p>\n<p>        Publi\u00e9 le<\/p>\n<p>            12 ao\u00fbt 2025 \u00e0 11h19        <\/p>\n<p>Non ce n\u2019est pas une <strong>hallucination<\/strong>.\u00a0D\u2019apr\u00e8s nos confr\u00e8res du <a href=\"https:\/\/c.leprogres.fr\/societe\/2025\/08\/11\/chamois-echappe-de-la-tete-d-or-c-etait-assez-impressionnant-de-voir-cet-animal\" rel=\"nofollow noopener\" target=\"_blank\">Progr\u00e8s<\/a>, un chamois, a \u00e9t\u00e9 vu lundi 11 ao\u00fbt au matin, dans le 6e arrondissement de Lyon. L\u2019animal sauvage <strong>se baladait tranquillement dans les rues de la ville<\/strong>.\u00a0<\/p>\n<p class=\" wall-content\">Il s\u2019agirait du m\u00eame <a href=\"https:\/\/actu.fr\/auvergne-rhone-alpes\/lyon_69123\/lyon-un-animal-sauvage-s-introduit-au-parc-de-la-tete-d-or-une-incroyable-rencontre_62986681.html\" rel=\"nofollow noopener\" target=\"_blank\">chamois qui a \u00e9lu domicile au parc de la T\u00eate d\u2019Or<\/a> depuis d\u00e9but juillet. Rep\u00e9r\u00e9 par les \u00e9quipes municipales, l\u2019animal se prom\u00e8ne en libert\u00e9 dans l\u2019espace du c\u00e9l\u00e8bre parc lyonnais de 105 hectares.<\/p>\n<p>Inoffensif et en bonne sant\u00e9<\/p>\n<p class=\" wall-content\">Ce dernier<strong>, venu par ses propres moyens<\/strong>, est inoffensif et en bonne sant\u00e9. Gautier Chapuis, adjoint au maire Gr\u00e9gory Doucet en charge de la biodiversit\u00e9, avait confi\u00e9 \u00e0 actu Lyon que l\u2019animal \u00ab\u00a0se d\u00e9place de mani\u00e8re autonome, en pleine conscience, se nourrit seul, <strong>ne semble pas stress\u00e9<\/strong>, et n\u2019a pas besoin d\u2019intervention humaine, bien au contraire\u00a0\u00bb.<\/p>\n<p class=\" wall-content\">La pr\u00e9sence d\u2019un animal sauvage en ville est loin d\u2019\u00eatre rare. De nombreux castors se sont install\u00e9s \u00e0 Lyon. Mais un chamois, un gros mammif\u00e8re de montagne, ce n\u2019est pas commun dans la ville. \u00ab\u2009S\u2019il s\u2019installe ici, c\u2019est qu\u2019il trouve l\u2019habitat et la nourriture\u2009\u00bb, s\u2019\u00e9tait f\u00e9licit\u00e9 Gautier Chapuis.<\/p>\n<p class=\" wall-content\">Attention, si vous croisez dans le futur ce fameux chamois, il ne faut pas chercher \u00e0 <strong>le nourrir, ni \u00e0 l\u2019approcher, encore moins \u00e0 le caresser<\/strong>.<\/p>\n<p class=\" wall-content\">Suivez toute l\u2019actualit\u00e9 de vos villes et m\u00e9dias favoris en vous inscrivant \u00e0 <a href=\"https:\/\/moncompte.actu.fr\" title=\"D\u00e9couvez Mon Actu\" rel=\"nofollow noopener\" data-trk=\"{&quot;cta&quot;:{&quot;action&quot;:&quot;https:\\\/\\\/moncompte.actu.fr&quot;,&quot;category&quot;:&quot;mon compte&quot;,&quot;from&quot;:&quot;article footer&quot;,&quot;name&quot;:&quot;Mon actu&quot;,&quot;type&quot;:&quot;cta&quot;}}\" target=\"_blank\">Mon Actu<\/a>.<\/p>\n<ul class=\"ac-article-tag wall-content\">\n<li><a href=\"https:\/\/actu.fr\/tag\/animaux\" data-trk=\"{&quot;cta&quot;:{&quot;action&quot;:&quot;Animaux&quot;,&quot;category&quot;:&quot;tag&quot;,&quot;from&quot;:&quot;article footer&quot;,&quot;name&quot;:&quot;Animaux&quot;,&quot;type&quot;:&quot;cta&quot;}}\" rel=\"nofollow noopener\" target=\"_blank\">#Animaux<\/a><\/li>\n<li><a href=\"https:\/\/actu.fr\/tag\/parc-de-la-tete-d-or\" data-trk=\"{&quot;cta&quot;:{&quot;action&quot;:&quot;Parc de la T\\u00eate d\\u2019Or&quot;,&quot;category&quot;:&quot;tag&quot;,&quot;from&quot;:&quot;article footer&quot;,&quot;name&quot;:&quot;Parc de la T\\u00eate d\\u2019Or&quot;,&quot;type&quot;:&quot;cta&quot;}}\" rel=\"nofollow noopener\" target=\"_blank\">#Parc de la T\u00eate d\u2019Or<\/a><\/li>\n<\/ul>\n","protected":false},"excerpt":{"rendered":"Par Emma Ressegaire Publi\u00e9 le 12 ao\u00fbt 2025 \u00e0 11h19 Non ce n\u2019est pas une hallucination.\u00a0D\u2019apr\u00e8s nos confr\u00e8res&hellip;\n","protected":false},"author":2,"featured_media":292870,"comment_status":"","ping_status":"","sticky":false,"template":"","format":"standard","meta":{"footnotes":""},"categories":[1889],"tags":[1111,11,1867,2430,1777,674,1011,27,1757,2428,12,13760,25],"class_list":{"0":"post-313605","1":"post","2":"type-post","3":"status-publish","4":"format-standard","5":"has-post-thumbnail","7":"category-lyon","8":"tag-actu","9":"tag-actualites","10":"tag-animaux","11":"tag-auvergne-rhone-alpes","12":"tag-eu","13":"tag-europe","14":"tag-fr","15":"tag-france","16":"tag-insolite","17":"tag-lyon","18":"tag-news","19":"tag-parc-de-la-tete-dor","20":"tag-republique-francaise"},"share_on_mastodon":{"url":"https:\/\/pubeurope.com\/@fr\/115015118169700754","error":""},"_links":{"self":[{"href":"https:\/\/www.europesays.com\/fr\/wp-json\/wp\/v2\/posts\/313605","targetHints":{"allow":["GET"]}}],"collection":[{"href":"https:\/\/www.europesays.com\/fr\/wp-json\/wp\/v2\/posts"}],"about":[{"href":"https:\/\/www.europesays.com\/fr\/wp-json\/wp\/v2\/types\/post"}],"author":[{"embeddable":true,"href":"https:\/\/www.europesays.com\/fr\/wp-json\/wp\/v2\/users\/2"}],"replies":[{"embeddable":true,"href":"https:\/\/www.europesays.com\/fr\/wp-json\/wp\/v2\/comments?post=313605"}],"version-history":[{"count":0,"href":"https:\/\/www.europesays.com\/fr\/wp-json\/wp\/v2\/posts\/313605\/revisions"}],"wp:featuredmedia":[{"embeddable":true,"href":"https:\/\/www.europesays.com\/fr\/wp-json\/wp\/v2\/media\/292870"}],"wp:attachment":[{"href":"https:\/\/www.europesays.com\/fr\/wp-json\/wp\/v2\/media?parent=313605"}],"wp:term":[{"taxonomy":"category","embeddable":true,"href":"https:\/\/www.europesays.com\/fr\/wp-json\/wp\/v2\/categories?post=313605"},{"taxonomy":"post_tag","embeddable":true,"href":"https:\/\/www.europesays.com\/fr\/wp-json\/wp\/v2\/tags?post=313605"}],"curies":[{"name":"wp","href":"https:\/\/api.w.org\/{rel}","templated":true}]}}