{"id":313608,"date":"2025-08-12T09:37:18","date_gmt":"2025-08-12T09:37:18","guid":{"rendered":"https:\/\/www.europesays.com\/fr\/313608\/"},"modified":"2025-08-12T09:37:18","modified_gmt":"2025-08-12T09:37:18","slug":"ile-de-france-un-adolescent-mortellement-percute-par-la-police-lors-dune-poursuite","status":"publish","type":"post","link":"https:\/\/www.europesays.com\/fr\/313608\/","title":{"rendered":"Ile-de-France\u00a0: un adolescent mortellement percut\u00e9 par la police lors d&rsquo;une poursuite"},"content":{"rendered":"<p>Un adolescent de 17 ans a \u00e9t\u00e9 tu\u00e9 samedi matin, percut\u00e9 par une voiture de police lors d\u2019une course-poursuite qui s\u2019est achev\u00e9e \u00e0 Bi\u00e8vres, a indiqu\u00e9 \u00e0 l\u2019AFP une source polici\u00e8re selon laquelle une enqu\u00eate a \u00e9t\u00e9 confi\u00e9e \u00e0 l\u2019IGPN.<\/p>\n<p>Selon les premiers \u00e9l\u00e9ments du dossier, apr\u00e8s le vol d\u2019un deux-roues \u00e0 Ch\u00e2tenay-Malabry, vers 04H30, les forces de l\u2019ordre ont identifi\u00e9 un utilitaire et demand\u00e9 au conducteur de s\u2019arr\u00eater.<\/p>\n<p>Ce dernier refusant d\u2019obtemp\u00e9rer, une course poursuite s\u2019\u00e9tait engag\u00e9e.<\/p>\n<p>L\u2019utilitaire avait fini par s\u2019arr\u00eater au niveau d\u2019une station service et le jeune de 17 ans avait pris la fuite \u00e0 pied, traversant la route nationale 118.<\/p>\n<p>C\u2019est \u00e0 cet instant qu\u2019il a \u00e9t\u00e9 percut\u00e9 par une voiture de la BAC de nuit des Hauts-de-Seine, explique la m\u00eame source polici\u00e8re, qui assure que le conducteur du v\u00e9hicule de police a tent\u00e9 un freinage d\u2019urgence.<\/p>\n<p>Le mineur est mort quelques minutes plus tard, et la seconde personne \u00e0 bord du v\u00e9hicule a \u00e9t\u00e9 plac\u00e9e en garde \u00e0 vue.<\/p>\n<p>Samedi soir, l\u2019AFP n\u2019avait pas d\u2019informations plus d\u00e9velopp\u00e9es sur l\u2019enqu\u00eate de l\u2019IGPN, une source proche du dossier rappelant toutefois que l\u2019ouverture d\u2019une enqu\u00eate \u00e9tait \u201cl\u2019usage l\u00e9gal en pareil cas\u201d.<\/p>\n","protected":false},"excerpt":{"rendered":"Un adolescent de 17 ans a \u00e9t\u00e9 tu\u00e9 samedi matin, percut\u00e9 par une voiture de police lors d\u2019une&hellip;\n","protected":false},"author":2,"featured_media":313609,"comment_status":"","ping_status":"","sticky":false,"template":"","format":"standard","meta":{"footnotes":""},"categories":[1592],"tags":[1111,11,45318,38670,12930,45319,1777,674,118,1011,27,7774,3314,662,12,626,1072,25],"class_list":{"0":"post-313608","1":"post","2":"type-post","3":"status-publish","4":"format-standard","5":"has-post-thumbnail","7":"category-ile-de-france","8":"tag-actu","9":"tag-actualites","10":"tag-bievres","11":"tag-chatenay-malabry","12":"tag-course-poursuite","13":"tag-essone","14":"tag-eu","15":"tag-europe","16":"tag-faits-divers","17":"tag-fr","18":"tag-france","19":"tag-garde-a-vue","20":"tag-hauts-de-seine","21":"tag-ile-de-france","22":"tag-news","23":"tag-paris","24":"tag-police","25":"tag-republique-francaise"},"share_on_mastodon":{"url":"https:\/\/pubeurope.com\/@fr\/115015125856166922","error":""},"_links":{"self":[{"href":"https:\/\/www.europesays.com\/fr\/wp-json\/wp\/v2\/posts\/313608","targetHints":{"allow":["GET"]}}],"collection":[{"href":"https:\/\/www.europesays.com\/fr\/wp-json\/wp\/v2\/posts"}],"about":[{"href":"https:\/\/www.europesays.com\/fr\/wp-json\/wp\/v2\/types\/post"}],"author":[{"embeddable":true,"href":"https:\/\/www.europesays.com\/fr\/wp-json\/wp\/v2\/users\/2"}],"replies":[{"embeddable":true,"href":"https:\/\/www.europesays.com\/fr\/wp-json\/wp\/v2\/comments?post=313608"}],"version-history":[{"count":0,"href":"https:\/\/www.europesays.com\/fr\/wp-json\/wp\/v2\/posts\/313608\/revisions"}],"wp:featuredmedia":[{"embeddable":true,"href":"https:\/\/www.europesays.com\/fr\/wp-json\/wp\/v2\/media\/313609"}],"wp:attachment":[{"href":"https:\/\/www.europesays.com\/fr\/wp-json\/wp\/v2\/media?parent=313608"}],"wp:term":[{"taxonomy":"category","embeddable":true,"href":"https:\/\/www.europesays.com\/fr\/wp-json\/wp\/v2\/categories?post=313608"},{"taxonomy":"post_tag","embeddable":true,"href":"https:\/\/www.europesays.com\/fr\/wp-json\/wp\/v2\/tags?post=313608"}],"curies":[{"name":"wp","href":"https:\/\/api.w.org\/{rel}","templated":true}]}}