{"id":313621,"date":"2025-08-12T09:44:11","date_gmt":"2025-08-12T09:44:11","guid":{"rendered":"https:\/\/www.europesays.com\/fr\/313621\/"},"modified":"2025-08-12T09:44:11","modified_gmt":"2025-08-12T09:44:11","slug":"une-ancienne-diplomate-commerciale-analyse-la-treve-tarifaire-entre-les-etats-unis-et-la-chine-ainsi-que-les-negociations-en-cours","status":"publish","type":"post","link":"https:\/\/www.europesays.com\/fr\/313621\/","title":{"rendered":"Une ancienne diplomate commerciale analyse la tr\u00eave tarifaire entre les \u00c9tats-Unis et la Chine ainsi que les n\u00e9gociations en cours"},"content":{"rendered":"<p>Wendy Cutler, vice-pr\u00e9sidente de l&rsquo;Asia Society Policy Institute et ancienne repr\u00e9sentante commerciale adjointe par int\u00e9rim des \u00c9tats-Unis, s&rsquo;est exprim\u00e9e sur la d\u00e9cision de Donald Trump de prolonger de 90 jours la suspension des droits de douane sur les produits chinois. Elle a \u00e9galement \u00e9voqu\u00e9 la possibilit\u00e9 pour le pr\u00e9sident am\u00e9ricain d&rsquo;autoriser Nvidia \u00e0 vendre \u00e0 P\u00e9kin une version all\u00e9g\u00e9e de sa puce d&rsquo;intelligence artificielle la plus avanc\u00e9e. \u00ab\u00a0La Chine aborde ces n\u00e9gociations dans une position bien plus forte que lors des discussions de la phase un pendant Trump 1.0\u00a0\u00bb, affirme-t-elle. Cutler s&rsquo;est confi\u00e9e \u00e0 Paul Allen de Bloomberg dans l&rsquo;\u00e9mission \u00ab\u00a0The Asia Trade\u00a0\u00bb.<\/p>\n<p>Vid\u00e9os Bloomberg, fournies par MT Newswire<\/p>\n","protected":false},"excerpt":{"rendered":"Wendy Cutler, vice-pr\u00e9sidente de l&rsquo;Asia Society Policy Institute et ancienne repr\u00e9sentante commerciale adjointe par int\u00e9rim des \u00c9tats-Unis, s&rsquo;est&hellip;\n","protected":false},"author":2,"featured_media":313622,"comment_status":"","ping_status":"","sticky":false,"template":"","format":"standard","meta":{"footnotes":""},"categories":[1589],"tags":[11,340,73,1866,12,1864,1865,1863,308],"class_list":{"0":"post-313621","1":"post","2":"type-post","3":"status-publish","4":"format-standard","5":"has-post-thumbnail","7":"category-etats-unis","8":"tag-actualites","9":"tag-bourse","10":"tag-etats-unis","11":"tag-etats-unis-damerique","12":"tag-news","13":"tag-united-states","14":"tag-united-states-of-america","15":"tag-us","16":"tag-usa"},"share_on_mastodon":{"url":"https:\/\/pubeurope.com\/@fr\/115015153455223234","error":""},"_links":{"self":[{"href":"https:\/\/www.europesays.com\/fr\/wp-json\/wp\/v2\/posts\/313621","targetHints":{"allow":["GET"]}}],"collection":[{"href":"https:\/\/www.europesays.com\/fr\/wp-json\/wp\/v2\/posts"}],"about":[{"href":"https:\/\/www.europesays.com\/fr\/wp-json\/wp\/v2\/types\/post"}],"author":[{"embeddable":true,"href":"https:\/\/www.europesays.com\/fr\/wp-json\/wp\/v2\/users\/2"}],"replies":[{"embeddable":true,"href":"https:\/\/www.europesays.com\/fr\/wp-json\/wp\/v2\/comments?post=313621"}],"version-history":[{"count":0,"href":"https:\/\/www.europesays.com\/fr\/wp-json\/wp\/v2\/posts\/313621\/revisions"}],"wp:featuredmedia":[{"embeddable":true,"href":"https:\/\/www.europesays.com\/fr\/wp-json\/wp\/v2\/media\/313622"}],"wp:attachment":[{"href":"https:\/\/www.europesays.com\/fr\/wp-json\/wp\/v2\/media?parent=313621"}],"wp:term":[{"taxonomy":"category","embeddable":true,"href":"https:\/\/www.europesays.com\/fr\/wp-json\/wp\/v2\/categories?post=313621"},{"taxonomy":"post_tag","embeddable":true,"href":"https:\/\/www.europesays.com\/fr\/wp-json\/wp\/v2\/tags?post=313621"}],"curies":[{"name":"wp","href":"https:\/\/api.w.org\/{rel}","templated":true}]}}