{"id":313700,"date":"2025-08-12T10:29:17","date_gmt":"2025-08-12T10:29:17","guid":{"rendered":"https:\/\/www.europesays.com\/fr\/313700\/"},"modified":"2025-08-12T10:29:17","modified_gmt":"2025-08-12T10:29:17","slug":"un-jeune-homme-retrouve-pendu-en-cellule","status":"publish","type":"post","link":"https:\/\/www.europesays.com\/fr\/313700\/","title":{"rendered":"un jeune homme retrouv\u00e9 pendu en cellule"},"content":{"rendered":"<p>            Par<br \/>\n        <strong><br \/>\n            <a href=\"https:\/\/actu.fr\/auteur\/laurene-fertin\" title=\"Consulter tous les articles de Laur\u00e8ne Fertin\" target=\"_blank\" rel=\"noopener\">Laur\u00e8ne Fertin<\/a><br \/>\n        <\/strong><\/p>\n<p>        Publi\u00e9 le<\/p>\n<p>            12 ao\u00fbt 2025 \u00e0 11h24        <\/p>\n<p>Un mort de plus. Le 13\u00a0juin 2025, <strong>un nouveau d\u00e9tenu<\/strong> est d\u00e9c\u00e9d\u00e9 au sein du centre p\u00e9nitentiaire de Rennes \u2013 Vezin-le-Coquet.<\/p>\n<p class=\" wall-content\">Selon nos informations, il s\u2019agit d\u2019un jeune homme de <strong>27\u00a0ans<\/strong>. Ce dernier, incarc\u00e9r\u00e9 depuis le mois de mars de la m\u00eame ann\u00e9e, avait \u00e9t\u00e9 <strong>transf\u00e9r\u00e9 le 12\u00a0juin au quartier disciplinaire<\/strong>.<\/p>\n<p>\u00ab\u2009Aucune trace de l\u2019intervention d\u2019un tiers\u2009\u00bb<\/p>\n<p class=\" wall-content\">Le lendemain de son placement, le personnel de la prison le retrouvait <strong>pendu<\/strong> dans sa cellule, confirment \u00e0 la r\u00e9daction d\u2019<a href=\"https:\/\/actu.fr\/rennes\/\" target=\"_blank\" rel=\"noopener\">actu Rennes<\/a> la maison d\u2019arr\u00eat ainsi que Jean-Marie Blin, procureur adjoint de la R\u00e9publique de Rennes.<\/p>\n<p class=\" wall-content\">Selon ce dernier, \u00ab\u2009il n\u2019a \u00e9t\u00e9 relev\u00e9 <strong>aucune trace de l\u2019intervention d\u2019un tiers<\/strong> dans le d\u00e9c\u00e8s des suites d\u2019une pendaison\u2009\u00bb.<\/p>\n<blockquote class=\"ac-article-quote wall-content\">\n<p>Des analyses m\u00e9dicales sont en cours au titre des v\u00e9rifications de rigueur.<\/p>\n<p>    <strong>Jean-Marie Blin<\/strong><br \/>\n        Procureur adjoint de la R\u00e9publique de Rennes     <\/p><\/blockquote>\n<p class=\" wall-content\">Contact\u00e9, l\u2019avocat de la famille n\u2019a pas r\u00e9pondu \u00e0 nos sollicitations.<\/p>\n<p>Une quatri\u00e8me mort recens\u00e9e<\/p>\n<p class=\" wall-content\">Pour rappel, <a href=\"https:\/\/actu.fr\/bretagne\/vezin-le-coquet_35353\/humiliations-et-traces-de-coups-kevin-est-mort-a-la-prison-de-rennes-sa-famille-ne-croit-pas-au-suicide_62367586.html\" target=\"_blank\" rel=\"noopener\"><strong>K\u00e9vin Boudou<\/strong>, 35\u00a0ans, avait \u00e9t\u00e9 retrouv\u00e9 \u00e9galement pendu dans sa cellule<\/a> samedi 1\u1d49\u02b3 mars\u00a02025, alors qu\u2019il \u00e9tait <strong>plac\u00e9 \u00e0 l\u2019isolement<\/strong>. Plac\u00e9 dans le coma, il perdra la vie trois jours plus tard.<\/p>\n<p class=\" wall-content\">Jeudi 10\u00a0avril, la mort d\u2019un autre d\u00e9tenu est survenue\u2009:<a href=\"https:\/\/actu.fr\/bretagne\/rennes_35238\/apres-le-deces-de-kevin-boudou-a-la-prison-de-rennes-vezin-un-autre-detenu-retrouve-mort-en-cellule_62521406.html\" target=\"_blank\" rel=\"noopener\"><strong> Jos\u00e9 Kinkembo, 39\u00a0ans,<\/strong> pendu en cellule<\/a>.<\/p>\n<p class=\" wall-content\">Puis, samedi 14\u00a0juin, <a href=\"https:\/\/actu.fr\/bretagne\/rennes_35238\/brulures-actes-de-torture-et-de-barbarie-a-la-prison-de-rennes-un-nouveau-detenu-est-mort-en-cellule_62790178.html\" target=\"_blank\" rel=\"noopener\"><strong>le corps d\u2019Alexis, 25\u00a0ans,<\/strong> \u00e9tait retrouv\u00e9 br\u00fbl\u00e9<\/a>, pr\u00e9sentant de nombreuses l\u00e9sions, selon<a href=\"https:\/\/actu.fr\/bretagne\/rennes_35238\/brulures-fractures-lesions-ce-que-revele-le-rapport-d-autopsie-d-alexis-mort-a-la-prison-de-rennes-vezin_62794895.html\" target=\"_blank\" rel=\"noopener\"> le rapport d\u2019autopsie<\/a>. Son co-d\u00e9tenu, Lofti, \u00e9tait alors mis en cause pour meurtre.<\/p>\n<p class=\" wall-content\">Suivez toute l\u2019actualit\u00e9 de vos villes et m\u00e9dias favoris en vous inscrivant \u00e0 <a href=\"https:\/\/moncompte.actu.fr\" title=\"D\u00e9couvez Mon Actu\" rel=\"nofollow noopener\" data-trk=\"{&quot;cta&quot;:{&quot;action&quot;:&quot;https:\\\/\\\/moncompte.actu.fr&quot;,&quot;category&quot;:&quot;mon compte&quot;,&quot;from&quot;:&quot;article footer&quot;,&quot;name&quot;:&quot;Mon actu&quot;,&quot;type&quot;:&quot;cta&quot;}}\" target=\"_blank\">Mon Actu<\/a>.<\/p>\n","protected":false},"excerpt":{"rendered":"Par Laur\u00e8ne Fertin Publi\u00e9 le 12 ao\u00fbt 2025 \u00e0 11h24 Un mort de plus. Le 13\u00a0juin 2025, un&hellip;\n","protected":false},"author":2,"featured_media":187340,"comment_status":"","ping_status":"","sticky":false,"template":"","format":"standard","meta":{"footnotes":""},"categories":[2821],"tags":[1111,11,829,1777,674,118,1011,27,303,12,899,584,25],"class_list":{"0":"post-313700","1":"post","2":"type-post","3":"status-publish","4":"format-standard","5":"has-post-thumbnail","7":"category-rennes","8":"tag-actu","9":"tag-actualites","10":"tag-bretagne","11":"tag-eu","12":"tag-europe","13":"tag-faits-divers","14":"tag-fr","15":"tag-france","16":"tag-justice","17":"tag-news","18":"tag-prisons","19":"tag-rennes","20":"tag-republique-francaise"},"share_on_mastodon":{"url":"https:\/\/pubeurope.com\/@fr\/115015330451524698","error":""},"_links":{"self":[{"href":"https:\/\/www.europesays.com\/fr\/wp-json\/wp\/v2\/posts\/313700","targetHints":{"allow":["GET"]}}],"collection":[{"href":"https:\/\/www.europesays.com\/fr\/wp-json\/wp\/v2\/posts"}],"about":[{"href":"https:\/\/www.europesays.com\/fr\/wp-json\/wp\/v2\/types\/post"}],"author":[{"embeddable":true,"href":"https:\/\/www.europesays.com\/fr\/wp-json\/wp\/v2\/users\/2"}],"replies":[{"embeddable":true,"href":"https:\/\/www.europesays.com\/fr\/wp-json\/wp\/v2\/comments?post=313700"}],"version-history":[{"count":0,"href":"https:\/\/www.europesays.com\/fr\/wp-json\/wp\/v2\/posts\/313700\/revisions"}],"wp:featuredmedia":[{"embeddable":true,"href":"https:\/\/www.europesays.com\/fr\/wp-json\/wp\/v2\/media\/187340"}],"wp:attachment":[{"href":"https:\/\/www.europesays.com\/fr\/wp-json\/wp\/v2\/media?parent=313700"}],"wp:term":[{"taxonomy":"category","embeddable":true,"href":"https:\/\/www.europesays.com\/fr\/wp-json\/wp\/v2\/categories?post=313700"},{"taxonomy":"post_tag","embeddable":true,"href":"https:\/\/www.europesays.com\/fr\/wp-json\/wp\/v2\/tags?post=313700"}],"curies":[{"name":"wp","href":"https:\/\/api.w.org\/{rel}","templated":true}]}}