{"id":313713,"date":"2025-08-12T10:38:11","date_gmt":"2025-08-12T10:38:11","guid":{"rendered":"https:\/\/www.europesays.com\/fr\/313713\/"},"modified":"2025-08-12T10:38:11","modified_gmt":"2025-08-12T10:38:11","slug":"a-bordeaux-un-homme-interpelle-apres-avoir-menace-sa-conseillere-bancaire","status":"publish","type":"post","link":"https:\/\/www.europesays.com\/fr\/313713\/","title":{"rendered":"\u00e0 Bordeaux, un homme interpell\u00e9 apr\u00e8s avoir menac\u00e9 sa conseill\u00e8re bancaire"},"content":{"rendered":"<p>Les faits se sont d\u00e9roul\u00e9s lundi matin, pr\u00e8s de la place de la Victoire. La conseill\u00e8re bancaire a port\u00e9 plainte.<\/p>\n<p class=\"fig-paragraph\">Lundi 11 ao\u00fbt, aux alentours de 11h30, un incident a \u00e9clat\u00e9 dans une agence de la Banque postale, pr\u00e8s de la\u00a0<a href=\"https:\/\/www.lefigaro.fr\/bordeaux\/meurtre-dans-le-centre-ville-de-bordeaux-l-auteur-des-coups-de-couteau-mis-en-examen-pour-assassinat-20250331?msockid=258c4318a154643d05395665a0ed65f9\" target=\"_blank\" data-fig-type=\"NewsFlash\" rel=\"sponsored noopener nofollow\" data-gtm-custom-categorie=\"navigation\" data-gtm-custom-action=\"crossclick\" data-gtm-custom-label=\"Contextuel\" data-gtm-event=\"customEventSPE\" data-fig-domain=\"LEFIGARO\">place de la Victoire<\/a>, \u00e0\u00a0<a href=\"http:\/\/www.lefigaro.fr\/bordeaux\/bordeaux-malgre-l-opposition-de-riverains-la-renovation-de-la-place-des-chartrons-en-place-a-l-italienne-se-poursuit-20250812\" data-fig-type=\"NewsFlash\" data-gtm-custom-categorie=\"navigation\" data-gtm-custom-action=\"crossclick\" data-gtm-custom-label=\"Contextuel\" data-gtm-event=\"customEventSPE\" data-fig-domain=\"LEFIGARO\" rel=\"nofollow noopener\" target=\"_blank\">Bordeaux<\/a>. D\u2019apr\u00e8s une information de Sud-Ouest confirm\u00e9e au Figaro, un homme de 33 ans, re\u00e7u par sa conseill\u00e8re, s\u2019est subitement emport\u00e9. Apr\u00e8s un \u00e9change tendu, il aurait menac\u00e9 la salari\u00e9e en affirmant vouloir \u00ablui couper la t\u00eate\u00bb.<\/p>\n<p class=\"fig-paragraph\">Le personnel de l\u2019agence a imm\u00e9diatement contact\u00e9 la\u00a0<a href=\"http:\/\/www.lefigaro.fr\/marseille\/marseille-a-l-arrivee-de-la-police-un-dealer-panique-et-jette-plusieurs-kilos-de-drogue-par-la-fenetre-20250811\" data-fig-type=\"NewsFlash\" data-gtm-custom-categorie=\"navigation\" data-gtm-custom-action=\"crossclick\" data-gtm-custom-label=\"Contextuel\" data-gtm-event=\"customEventSPE\" data-fig-domain=\"LEFIGARO\" rel=\"nofollow noopener\" target=\"_blank\">police<\/a>\u00a0et a d\u00e9crit physiquement l\u2019individu mena\u00e7ant, qui venait de quitter les lieux. Les forces de l\u2019ordre sont intervenues rapidement et ont proc\u00e9d\u00e9 \u00e0 l\u2019interpellation du trentenaire, \u00e0 quelques rues de l\u2019agence, sans qu\u2019il n\u2019oppose de r\u00e9sistance. La conseill\u00e8re bancaire, elle, a d\u00e9pos\u00e9 plainte.<\/p>\n<p>                                    <a class=\"fig-a11y-skip a11y-hidden\" href=\"#fig-a11y-skip-main-inarticle\"><br \/>\n        Passer la publicit\u00e9<br \/>\n    <\/a><\/p>\n<p class=\"fig-paragraph\">Selon la police, le mis en cause est sorti de garde \u00e0 vue ce mardi matin, et fera l\u2019objet de poursuites judiciaires.<\/p>\n","protected":false},"excerpt":{"rendered":"Les faits se sont d\u00e9roul\u00e9s lundi matin, pr\u00e8s de la place de la Victoire. La conseill\u00e8re bancaire a&hellip;\n","protected":false},"author":2,"featured_media":313714,"comment_status":"","ping_status":"","sticky":false,"template":"","format":"standard","meta":{"footnotes":""},"categories":[2817],"tags":[1111,11,4282,1997,1777,674,1011,27,7775,12,2219,25],"class_list":{"0":"post-313713","1":"post","2":"type-post","3":"status-publish","4":"format-standard","5":"has-post-thumbnail","7":"category-bordeaux","8":"tag-actu","9":"tag-actualites","10":"tag-banques","11":"tag-bordeaux","12":"tag-eu","13":"tag-europe","14":"tag-fr","15":"tag-france","16":"tag-menaces-de-mort","17":"tag-news","18":"tag-nouvelle-aquitaine","19":"tag-republique-francaise"},"share_on_mastodon":{"url":"https:\/\/pubeurope.com\/@fr\/115015365676253301","error":""},"_links":{"self":[{"href":"https:\/\/www.europesays.com\/fr\/wp-json\/wp\/v2\/posts\/313713","targetHints":{"allow":["GET"]}}],"collection":[{"href":"https:\/\/www.europesays.com\/fr\/wp-json\/wp\/v2\/posts"}],"about":[{"href":"https:\/\/www.europesays.com\/fr\/wp-json\/wp\/v2\/types\/post"}],"author":[{"embeddable":true,"href":"https:\/\/www.europesays.com\/fr\/wp-json\/wp\/v2\/users\/2"}],"replies":[{"embeddable":true,"href":"https:\/\/www.europesays.com\/fr\/wp-json\/wp\/v2\/comments?post=313713"}],"version-history":[{"count":0,"href":"https:\/\/www.europesays.com\/fr\/wp-json\/wp\/v2\/posts\/313713\/revisions"}],"wp:featuredmedia":[{"embeddable":true,"href":"https:\/\/www.europesays.com\/fr\/wp-json\/wp\/v2\/media\/313714"}],"wp:attachment":[{"href":"https:\/\/www.europesays.com\/fr\/wp-json\/wp\/v2\/media?parent=313713"}],"wp:term":[{"taxonomy":"category","embeddable":true,"href":"https:\/\/www.europesays.com\/fr\/wp-json\/wp\/v2\/categories?post=313713"},{"taxonomy":"post_tag","embeddable":true,"href":"https:\/\/www.europesays.com\/fr\/wp-json\/wp\/v2\/tags?post=313713"}],"curies":[{"name":"wp","href":"https:\/\/api.w.org\/{rel}","templated":true}]}}