{"id":313715,"date":"2025-08-12T10:39:16","date_gmt":"2025-08-12T10:39:16","guid":{"rendered":"https:\/\/www.europesays.com\/fr\/313715\/"},"modified":"2025-08-12T10:39:16","modified_gmt":"2025-08-12T10:39:16","slug":"cine-plein-air-avec-un-ptit-truc-en-plus-haute-garonne-st-loup-cammas","status":"publish","type":"post","link":"https:\/\/www.europesays.com\/fr\/313715\/","title":{"rendered":"Cin\u00e9 Plein Air avec \u00ab\u00a0Un p\u2019tit truc en plus\u00a0\u00bb &#8211; Haute Garonne &#8211; St-Loup-Cammas"},"content":{"rendered":"<p>                    <img width=\"1220\" height=\"612\" src=\"https:\/\/www.europesays.com\/fr\/wp-content\/uploads\/2025\/08\/images-1.jpg\" class=\"img-fluid landscape wp-post-image\" alt=\"Cin\u00e9 plein air \u00e0 Castelmaurou\" itemprop=\"image\" decoding=\"async\" fetchpriority=\"high\"  \/>                    <\/p>\n<p itemprop=\"name\">\n                                                Cin\u00e9 plein air \u00e0 Castelmaurou\n                                            <\/p>\n<p><strong>Le samedi 30 ao\u00fbt \u00e0 21h, pr\u00e9parez-vous \u00e0 vivre une soir\u00e9e inoubliable sous les \u00e9toiles avec le Cin\u00e9ma Le M\u00e9li\u00e8s de Castelmaurou. Une projection en plein air gratuite du film \u00ab\u00a0Un p\u2019tit truc en plus\u00a0\u00bb (2024) vous attend, promettant une exp\u00e9rience cin\u00e9matographique unique et envo\u00fbtante.<\/strong>&#13;<br \/>\n&#13;<br \/>\n\u00ab\u00a0Un p\u2019tit truc en plus\u00a0\u00bb est une com\u00e9die touchante et pleine d\u2019humanit\u00e9 qui a su conqu\u00e9rir le c\u0153ur du public. Ce film, sorti en 2024, est une v\u00e9ritable p\u00e9pite qui saura vous faire rire et vous \u00e9mouvoir. C&rsquo;est l&rsquo;occasion parfaite pour passer une soir\u00e9e agr\u00e9able en famille ou entre amis, sous le ciel \u00e9toil\u00e9 du parvis de la salle des f\u00eates de Castelmaurou.&#13;<br \/>\nN&rsquo;oubliez pas d&rsquo;apporter vos couvertures et vos coussins pour plus de confort! Le Cin\u00e9ma Le M\u00e9li\u00e8s vous promet une ambiance chaleureuse et conviviale, id\u00e9ale pour profiter d&rsquo;une belle soir\u00e9e d&rsquo;\u00e9t\u00e9.&#13;<br \/>\nRendez-vous le samedi 30 ao\u00fbt \u00e0 21h sur le parvis de la salle des f\u00eates de Castelmaurou pour une soir\u00e9e cin\u00e9matographique sous les \u00e9toiles !&#13;<br \/>\nEn cas de mauvais temps la s\u00e9ance aura lieu dans la salle des f\u00eates de Castelmaurou.<\/p>\n<p>                Cet article est r\u00e9serv\u00e9 aux abonn\u00e9s.<\/p>\n<p class=\"signature\" itemscope=\"\" itemprop=\"Author\" itemtype=\"http:\/\/schema.org\/Person\">\n                mj\n            <\/p>\n","protected":false},"excerpt":{"rendered":"Cin\u00e9 plein air \u00e0 Castelmaurou Le samedi 30 ao\u00fbt \u00e0 21h, pr\u00e9parez-vous \u00e0 vivre une soir\u00e9e inoubliable sous&hellip;\n","protected":false},"author":2,"featured_media":313716,"comment_status":"","ping_status":"","sticky":false,"template":"","format":"standard","meta":{"footnotes":""},"categories":[2816],"tags":[1111,11,1777,674,1011,27,12,2680,301,25,2312],"class_list":{"0":"post-313715","1":"post","2":"type-post","3":"status-publish","4":"format-standard","5":"has-post-thumbnail","7":"category-toulouse","8":"tag-actu","9":"tag-actualites","10":"tag-eu","11":"tag-europe","12":"tag-fr","13":"tag-france","14":"tag-news","15":"tag-occitanie","16":"tag-premium","17":"tag-republique-francaise","18":"tag-toulouse"},"share_on_mastodon":{"url":"https:\/\/pubeurope.com\/@fr\/115015369716039978","error":""},"_links":{"self":[{"href":"https:\/\/www.europesays.com\/fr\/wp-json\/wp\/v2\/posts\/313715","targetHints":{"allow":["GET"]}}],"collection":[{"href":"https:\/\/www.europesays.com\/fr\/wp-json\/wp\/v2\/posts"}],"about":[{"href":"https:\/\/www.europesays.com\/fr\/wp-json\/wp\/v2\/types\/post"}],"author":[{"embeddable":true,"href":"https:\/\/www.europesays.com\/fr\/wp-json\/wp\/v2\/users\/2"}],"replies":[{"embeddable":true,"href":"https:\/\/www.europesays.com\/fr\/wp-json\/wp\/v2\/comments?post=313715"}],"version-history":[{"count":0,"href":"https:\/\/www.europesays.com\/fr\/wp-json\/wp\/v2\/posts\/313715\/revisions"}],"wp:featuredmedia":[{"embeddable":true,"href":"https:\/\/www.europesays.com\/fr\/wp-json\/wp\/v2\/media\/313716"}],"wp:attachment":[{"href":"https:\/\/www.europesays.com\/fr\/wp-json\/wp\/v2\/media?parent=313715"}],"wp:term":[{"taxonomy":"category","embeddable":true,"href":"https:\/\/www.europesays.com\/fr\/wp-json\/wp\/v2\/categories?post=313715"},{"taxonomy":"post_tag","embeddable":true,"href":"https:\/\/www.europesays.com\/fr\/wp-json\/wp\/v2\/tags?post=313715"}],"curies":[{"name":"wp","href":"https:\/\/api.w.org\/{rel}","templated":true}]}}