{"id":313717,"date":"2025-08-12T10:40:17","date_gmt":"2025-08-12T10:40:17","guid":{"rendered":"https:\/\/www.europesays.com\/fr\/313717\/"},"modified":"2025-08-12T10:40:17","modified_gmt":"2025-08-12T10:40:17","slug":"en-images-avec-la-canicule-voici-comment-les-nouveaux-espaces-sadaptent-a-la-chaleur-a-toulouse","status":"publish","type":"post","link":"https:\/\/www.europesays.com\/fr\/313717\/","title":{"rendered":"EN IMAGES. Avec la canicule, voici comment les (nouveaux) espaces s&rsquo;adaptent \u00e0 la chaleur \u00e0 Toulouse"},"content":{"rendered":"<p>            Par<br \/>\n        <strong><br \/>\n            <a href=\"https:\/\/actu.fr\/auteur\/lea-afonso\" title=\"Consulter tous les articles de L\u00e9a Afonso\" target=\"_blank\" rel=\"noopener\">L\u00e9a Afonso<\/a><br \/>\n        <\/strong><\/p>\n<p>        Publi\u00e9 le<\/p>\n<p>            12 ao\u00fbt 2025 \u00e0 12h35        <\/p>\n<p>Parer \u00e0 la <strong>canicule<\/strong> est un d\u00e9fi quotidien pour <a href=\"https:\/\/actu.fr\/toulouse\/\" target=\"_blank\" rel=\"noopener\">Toulouse<\/a>. D\u2019autant plus en ces temps actuels avec les <a href=\"https:\/\/actu.fr\/occitanie\/toulouse_31555\/l-alerte-rouge-canicule-prolongee-en-haute-garonne-mardi-une-chaleur-de-plomb-toute-la-semaine-a-toulouse_63021128.html\" target=\"_blank\" rel=\"noopener\">alertes jaune, orange puis rouge<\/a> qui s\u2019encha\u00eenent comme ce mardi 12 ao\u00fbt 2025. Alors pour gagner quelques degr\u00e9s, la ville investit d\u00e8s aujourd\u2019hui, notamment au niveau de l\u2019urbanisme. Voici ce qui a \u00e9t\u00e9 r\u00e9alis\u00e9 dans les rues, celles r\u00e9nov\u00e9es particuli\u00e8rement.<\/p>\n<p>D\u00e9bitumiser pour favoriser la nature<br \/>\n    <img   decoding=\"async\" loading=\"lazy\" src=\"https:\/\/www.europesays.com\/fr\/wp-content\/uploads\/2025\/08\/img-4468-960x640.jpeg\" alt=\"La rue Croix-Baragnon fait partie des espaces d\u00e9bitumis\u00e9s depuis 2024. \" width=\"960\" height=\"640\"\/><br \/>\n    La rue Croix-Baragnon fait partie des espaces d\u00e9bitumis\u00e9s depuis 2024. (\u00a9L\u00e9a Afonso \/ Actu Toulouse)<\/p>\n<p class=\" wall-content\">L\u2019un des axes principaux de ces transformations, men\u00e9es par la mairie de Toulouse et la m\u00e9tropole, c\u2019est la <strong>d\u00e9bitumisation<\/strong>, autrement dit le fait d\u2019<strong>enlever du goudron<\/strong> pour favoriser la nature. En 2025, au total, \u00ab\u200961 000 m2 seront d\u00e9butimis\u00e9s (pr\u00e9visionnel), cela comprend les voies de circulation (rues, places, parkings) et les grands projets de transformation de la ville (Grand parc au Ramier, Piste des G\u00e9ants, Guillaumet etc)\u00bb, explique la mairie.<\/p>\n<p class=\" wall-content\">\u00c0 plus grande \u00e9chelle, \u00ab\u2009le seuil des <strong>20\u00a0ha d\u00e9bitumis\u00e9s<\/strong> sera atteint sur la p\u00e9riode 2020 \u2013 2026\u2009\u00bb. Depuis 2024, \u00ab\u200952 rues ont \u00e9t\u00e9 d\u00e9bitumis\u00e9es soit plus de 23\u2009000 m\u00b2\u00bb, poursuit la mairie.<\/p>\n<p>\u00c9claircir le sol<\/p>\n<p class=\" wall-content\">Autre point strat\u00e9gique de la mutation de Toulouse, l<strong>\u2019\u00e9claircissement des sols<\/strong>. Les Toulousains l\u2019auront remarqu\u00e9, dans les rues r\u00e9cemment r\u00e9nov\u00e9es, le<strong> parterre est plus clair<\/strong> que le goudron gris fonc\u00e9 auquel on est habitu\u00e9\u2009: des pav\u00e9s gris clair, voire beiges recouvrent les sols des rues de Metz et Croix Baragnon par exemple. Il s\u2019agit \u00ab\u2009d\u2019<strong>enrob\u00e9s de bitume<\/strong> dits \u00ab\u2009grenaill\u00e9s\u2009\u00bb, comprenant gravier, sable et granulats clairs\u2009\u00bb explique la mairie.<\/p>\n<p>    <img   decoding=\"async\" loading=\"lazy\" src=\"https:\/\/www.europesays.com\/fr\/wp-content\/uploads\/2025\/08\/img-4464-960x640.jpeg\" alt=\"Le sol de la rue de Metz fra\u00eechement refaite est bien plus clair qu'auparavant pour gagner quelques degr\u00e9s en surface. \" width=\"960\" height=\"640\"\/><br \/>\n    Le sol de la rue de Metz fra\u00eechement refaite est bien plus clair qu\u2019auparavant pour gagner quelques degr\u00e9s en surface. (\u00a9L\u00e9a Afonso \/ Actu Toulouse)<\/p>\n<p class=\" wall-content\">En bref, une logique de couleurs claires qui permettent de r\u00e9fl\u00e9chir la lumi\u00e8re et donc la chaleur. Cela apporte un gain de \u00ab<strong>\u20096 degr\u00e9s minimum de temp\u00e9rature de surface\u2009\u00bb<\/strong>, confirme la Ville.<\/p>\n<p>Sans oublier la v\u00e9g\u00e9talisation<\/p>\n<p class=\" wall-content\">La <strong>v\u00e9g\u00e9talisation<\/strong> n\u2019est pas \u00e0 exclure de cette mutation. Toulouse se tourne vers le plus v\u00e9g\u00e9tal avec la plantation d\u2019arbres. Pensons par exemple <a href=\"https:\/\/actu.fr\/occitanie\/toulouse_31555\/toulouse-plan-100-000-arbres-plantes-d-ici-2030-quel-bilan-a-mi-chemin_62524081.html\" target=\"_blank\" rel=\"noopener\">au plan<strong> 100\u2009000 arbres<\/strong> lanc\u00e9 par la mairie<\/a>. Bon nombre d\u2019entre eux sont plant\u00e9s dans les rues, places et espace r\u00e9nov\u00e9s.<\/p>\n<p class=\" wall-content\">Et quand cela n\u2019est pas possible, ce sont des <strong>bacs de plantations<\/strong> qui sont install\u00e9s, comme place du Capitole (en raison du parking souterrain) ou rue Croix-Baragnon.<\/p>\n<p>    <img   decoding=\"async\" loading=\"lazy\" src=\"https:\/\/www.europesays.com\/fr\/wp-content\/uploads\/2025\/08\/img-4473-960x640.jpeg\" alt=\"Quand la v\u00e9g\u00e9talisation n'est pas possible, ce sont des bacs de plantations qui sont install\u00e9s, comme ici, rue Croix-Baragnon.\" width=\"960\" height=\"640\"\/><br \/>\n    Quand la v\u00e9g\u00e9talisation n\u2019est pas possible, ce sont des bacs de plantations qui sont install\u00e9s, comme ici, rue Croix-Baragnon.S\u2019ombrager sous des volants<br \/>\n    <img   decoding=\"async\" loading=\"lazy\" src=\"https:\/\/www.europesays.com\/fr\/wp-content\/uploads\/2025\/08\/ombrieres-rue-alsace-3-960x640.jpg\" alt=\"Les ombri\u00e8res sont aussi un point essentiel pour s'abriter de la chaleur et gagner quelques degr\u00e9s. \" width=\"960\" height=\"640\"\/><br \/>\n    Les ombri\u00e8res sont aussi un point essentiel pour s\u2019abriter de la chaleur et gagner quelques degr\u00e9s. (\u00a9L\u00e9a Afonso \/ Actu Toulouse)<\/p>\n<p class=\" wall-content\">Autre point et pas des moindres, les <strong>ombri\u00e8res<\/strong>. Elles sont de plus en plus pr\u00e9sentes depuis quelques ann\u00e9es, nouvelles pour certains lieux, mais leur but reste le m\u00eame\u2009: <strong>faire de l\u2019ombre et abaisser la chaleur<\/strong>.<\/p>\n<p class=\" wall-content\">L\u2019efficacit\u00e9 de ces installations se compte en degr\u00e9s. En 2024, Jean-Luc Moudenc confiait que sous l\u2019ombri\u00e8re de l\u2019aire de jeu de Borderouge, \u00ab\u20095,6\u00a0\u00b0C de moins avaient \u00e9t\u00e9 relev\u00e9s par rapport \u00e0 une mesure sans ombri\u00e8re. Et 4,1\u00a0\u00b0C de moins sous celle du Capitole\u2009\u00bb, expliquait-il \u00e0 <a href=\"https:\/\/actu.fr\/occitanie\/toulouse_31555\/ombrieres-vegetalisation-piscines-voici-les-10-mesures-de-la-ville-pour-rafraichir-toulouse-cet-ete_62679697.html\" target=\"_blank\" rel=\"noopener\">Actu Toulouse<\/a>. Une efficacit\u00e9 qui s\u00e9duit <a href=\"https:\/\/actu.fr\/occitanie\/toulouse_31555\/toulouse-pour-faire-face-aux-fortes-chaleurs-les-ombrieres-urbaines-sont-reinstallees-voici-ou-les-trouver_62761588.html\" target=\"_blank\" rel=\"noopener\">de plus en plus d\u2019espaces r\u00e9nov\u00e9s<\/a>.<\/p>\n<p class=\" wall-content\">Suivez toute l\u2019actualit\u00e9 de vos villes et m\u00e9dias favoris en vous inscrivant \u00e0 <a href=\"https:\/\/moncompte.actu.fr\" title=\"D\u00e9couvez Mon Actu\" rel=\"nofollow noopener\" data-trk=\"{&quot;cta&quot;:{&quot;action&quot;:&quot;https:\\\/\\\/moncompte.actu.fr&quot;,&quot;category&quot;:&quot;mon compte&quot;,&quot;from&quot;:&quot;article footer&quot;,&quot;name&quot;:&quot;Mon actu&quot;,&quot;type&quot;:&quot;cta&quot;}}\" target=\"_blank\">Mon Actu<\/a>.<\/p>\n","protected":false},"excerpt":{"rendered":"Par L\u00e9a Afonso Publi\u00e9 le 12 ao\u00fbt 2025 \u00e0 12h35 Parer \u00e0 la canicule est un d\u00e9fi quotidien&hellip;\n","protected":false},"author":2,"featured_media":313718,"comment_status":"","ping_status":"","sticky":false,"template":"","format":"standard","meta":{"footnotes":""},"categories":[2816],"tags":[1111,11,6698,1777,674,1011,27,12,2680,25,104,2312,1352],"class_list":{"0":"post-313717","1":"post","2":"type-post","3":"status-publish","4":"format-standard","5":"has-post-thumbnail","7":"category-toulouse","8":"tag-actu","9":"tag-actualites","10":"tag-canicule","11":"tag-eu","12":"tag-europe","13":"tag-fr","14":"tag-france","15":"tag-news","16":"tag-occitanie","17":"tag-republique-francaise","18":"tag-societe","19":"tag-toulouse","20":"tag-urbanisme"},"share_on_mastodon":{"url":"https:\/\/pubeurope.com\/@fr\/115015373701880249","error":""},"_links":{"self":[{"href":"https:\/\/www.europesays.com\/fr\/wp-json\/wp\/v2\/posts\/313717","targetHints":{"allow":["GET"]}}],"collection":[{"href":"https:\/\/www.europesays.com\/fr\/wp-json\/wp\/v2\/posts"}],"about":[{"href":"https:\/\/www.europesays.com\/fr\/wp-json\/wp\/v2\/types\/post"}],"author":[{"embeddable":true,"href":"https:\/\/www.europesays.com\/fr\/wp-json\/wp\/v2\/users\/2"}],"replies":[{"embeddable":true,"href":"https:\/\/www.europesays.com\/fr\/wp-json\/wp\/v2\/comments?post=313717"}],"version-history":[{"count":0,"href":"https:\/\/www.europesays.com\/fr\/wp-json\/wp\/v2\/posts\/313717\/revisions"}],"wp:featuredmedia":[{"embeddable":true,"href":"https:\/\/www.europesays.com\/fr\/wp-json\/wp\/v2\/media\/313718"}],"wp:attachment":[{"href":"https:\/\/www.europesays.com\/fr\/wp-json\/wp\/v2\/media?parent=313717"}],"wp:term":[{"taxonomy":"category","embeddable":true,"href":"https:\/\/www.europesays.com\/fr\/wp-json\/wp\/v2\/categories?post=313717"},{"taxonomy":"post_tag","embeddable":true,"href":"https:\/\/www.europesays.com\/fr\/wp-json\/wp\/v2\/tags?post=313717"}],"curies":[{"name":"wp","href":"https:\/\/api.w.org\/{rel}","templated":true}]}}