{"id":313723,"date":"2025-08-12T10:43:10","date_gmt":"2025-08-12T10:43:10","guid":{"rendered":"https:\/\/www.europesays.com\/fr\/313723\/"},"modified":"2025-08-12T10:43:10","modified_gmt":"2025-08-12T10:43:10","slug":"info-bfm-marseille-provence-un-detenu-retrouve-pendu-dans-sa-cellule-a-la-prison-des-baumettes","status":"publish","type":"post","link":"https:\/\/www.europesays.com\/fr\/313723\/","title":{"rendered":"INFO BFM MARSEILLE PROVENCE. Un d\u00e9tenu retrouv\u00e9 pendu dans sa cellule \u00e0 la prison des Baumettes"},"content":{"rendered":"<p>Des agents p\u00e9nitentiaires ont d\u00e9couvert un d\u00e9tenu pendu dans sa cellule, \u00e0 la prison des Baumettes, dans la nuit du lundi 11 au mardi 12 ao\u00fbt. Malgr\u00e9 les tentatives de r\u00e9animation, l&rsquo;homme de 27 ans est mort.<\/p>\n<p>Un d\u00e9tenu s&rsquo;est pendu dans sa cellule au cours de la nuit du lundi 11 au mardi 12 ao\u00fbt, \u00e0 la <a href=\"https:\/\/www.bfmtv.com\/marseille\/marseille-l-extension-de-la-prison-des-baumettes-provoque-l-inquietude-des-riverains_AV-202504120126.html\" title=\"Marseille: l&#039;extension de la prison des Baumettes provoque l&#039;inqui\u00e9tude des riverains\" class=\"internal_link\" rel=\"nofollow noopener\" target=\"_blank\">prison des Baumettes<\/a> de Marseille, a appris BFM Marseille Provence de sources concordantes.<\/p>\n<p>L&rsquo;homme, \u00e2g\u00e9 de 27 ans a \u00e9t\u00e9 retrouv\u00e9 par des agents p\u00e9nitentiaires peu avant 4 heures du matin dans sa cellule. Malgr\u00e9 leurs efforts, il n&rsquo;a pas pu \u00eatre r\u00e9anim\u00e9.<\/p>\n<p>Selon nos informations, le d\u00e9tenu pr\u00e9sentait un profil et un comportement normaux ces derni\u00e8res semaines.<\/p>\n<p>Florian Perrin avec Mathias Fleury<\/p>\n","protected":false},"excerpt":{"rendered":"Des agents p\u00e9nitentiaires ont d\u00e9couvert un d\u00e9tenu pendu dans sa cellule, \u00e0 la prison des Baumettes, dans la&hellip;\n","protected":false},"author":2,"featured_media":215661,"comment_status":"","ping_status":"","sticky":false,"template":"","format":"standard","meta":{"footnotes":""},"categories":[2814],"tags":[1111,11,1777,674,1011,27,884,12,882,25],"class_list":{"0":"post-313723","1":"post","2":"type-post","3":"status-publish","4":"format-standard","5":"has-post-thumbnail","7":"category-marseille","8":"tag-actu","9":"tag-actualites","10":"tag-eu","11":"tag-europe","12":"tag-fr","13":"tag-france","14":"tag-marseille","15":"tag-news","16":"tag-provence-alpes-cote-dazur","17":"tag-republique-francaise"},"share_on_mastodon":{"url":"https:\/\/pubeurope.com\/@fr\/115015385388437135","error":""},"_links":{"self":[{"href":"https:\/\/www.europesays.com\/fr\/wp-json\/wp\/v2\/posts\/313723","targetHints":{"allow":["GET"]}}],"collection":[{"href":"https:\/\/www.europesays.com\/fr\/wp-json\/wp\/v2\/posts"}],"about":[{"href":"https:\/\/www.europesays.com\/fr\/wp-json\/wp\/v2\/types\/post"}],"author":[{"embeddable":true,"href":"https:\/\/www.europesays.com\/fr\/wp-json\/wp\/v2\/users\/2"}],"replies":[{"embeddable":true,"href":"https:\/\/www.europesays.com\/fr\/wp-json\/wp\/v2\/comments?post=313723"}],"version-history":[{"count":0,"href":"https:\/\/www.europesays.com\/fr\/wp-json\/wp\/v2\/posts\/313723\/revisions"}],"wp:featuredmedia":[{"embeddable":true,"href":"https:\/\/www.europesays.com\/fr\/wp-json\/wp\/v2\/media\/215661"}],"wp:attachment":[{"href":"https:\/\/www.europesays.com\/fr\/wp-json\/wp\/v2\/media?parent=313723"}],"wp:term":[{"taxonomy":"category","embeddable":true,"href":"https:\/\/www.europesays.com\/fr\/wp-json\/wp\/v2\/categories?post=313723"},{"taxonomy":"post_tag","embeddable":true,"href":"https:\/\/www.europesays.com\/fr\/wp-json\/wp\/v2\/tags?post=313723"}],"curies":[{"name":"wp","href":"https:\/\/api.w.org\/{rel}","templated":true}]}}