{"id":313724,"date":"2025-08-12T10:44:14","date_gmt":"2025-08-12T10:44:14","guid":{"rendered":"https:\/\/www.europesays.com\/fr\/313724\/"},"modified":"2025-08-12T10:44:14","modified_gmt":"2025-08-12T10:44:14","slug":"the-jeff-panacloc-company-15-10-2026-marseille","status":"publish","type":"post","link":"https:\/\/www.europesays.com\/fr\/313724\/","title":{"rendered":"The Jeff Panacloc Company &#8211; 15\/10\/2026 &#8211; Marseille"},"content":{"rendered":"\n<p>Pr\u00e9parez-vous \u00e0 franchir les portes du bureau secret de\u00a0<strong>Jeff Panacloc<\/strong>\u00a0et \u00e0 plonger dans un univers o\u00f9 l&rsquo;humour flirte avec l&rsquo;absurde. Dans \u00ab\u00a0<strong>The Jeff Panacloc Company<\/strong>\u00a0\u00bb, chaque personnage d\u00e9traqu\u00e9 vous promet une soir\u00e9e d\u00e9lirante et inoubliable. Rejoignez cette troupe fantastique et vivez une exp\u00e9rience immersive unique qui vous laissera transform\u00e9 et l\u00e9ger.<\/p>\n<p>&#13;<\/p>\n<p>Infos\/r\u00e9servations :\u00a0<a href=\"https:\/\/dome.marseille.fr\/programmation\" target=\"_blank\" rel=\"nofollow noopener\">dome.marseille.fr<\/a><\/p>\n<p>&#13;<\/p>\n<p><strong><strong><strong>\u00a0<\/strong><\/strong><\/strong><\/p>\n","protected":false},"excerpt":{"rendered":"Pr\u00e9parez-vous \u00e0 franchir les portes du bureau secret de\u00a0Jeff Panacloc\u00a0et \u00e0 plonger dans un univers o\u00f9 l&rsquo;humour flirte&hellip;\n","protected":false},"author":2,"featured_media":313725,"comment_status":"","ping_status":"","sticky":false,"template":"","format":"standard","meta":{"footnotes":""},"categories":[2814],"tags":[1111,11,1777,674,1011,27,884,12,882,25],"class_list":{"0":"post-313724","1":"post","2":"type-post","3":"status-publish","4":"format-standard","5":"has-post-thumbnail","7":"category-marseille","8":"tag-actu","9":"tag-actualites","10":"tag-eu","11":"tag-europe","12":"tag-fr","13":"tag-france","14":"tag-marseille","15":"tag-news","16":"tag-provence-alpes-cote-dazur","17":"tag-republique-francaise"},"share_on_mastodon":{"url":"https:\/\/pubeurope.com\/@fr\/115015389267315171","error":""},"_links":{"self":[{"href":"https:\/\/www.europesays.com\/fr\/wp-json\/wp\/v2\/posts\/313724","targetHints":{"allow":["GET"]}}],"collection":[{"href":"https:\/\/www.europesays.com\/fr\/wp-json\/wp\/v2\/posts"}],"about":[{"href":"https:\/\/www.europesays.com\/fr\/wp-json\/wp\/v2\/types\/post"}],"author":[{"embeddable":true,"href":"https:\/\/www.europesays.com\/fr\/wp-json\/wp\/v2\/users\/2"}],"replies":[{"embeddable":true,"href":"https:\/\/www.europesays.com\/fr\/wp-json\/wp\/v2\/comments?post=313724"}],"version-history":[{"count":0,"href":"https:\/\/www.europesays.com\/fr\/wp-json\/wp\/v2\/posts\/313724\/revisions"}],"wp:featuredmedia":[{"embeddable":true,"href":"https:\/\/www.europesays.com\/fr\/wp-json\/wp\/v2\/media\/313725"}],"wp:attachment":[{"href":"https:\/\/www.europesays.com\/fr\/wp-json\/wp\/v2\/media?parent=313724"}],"wp:term":[{"taxonomy":"category","embeddable":true,"href":"https:\/\/www.europesays.com\/fr\/wp-json\/wp\/v2\/categories?post=313724"},{"taxonomy":"post_tag","embeddable":true,"href":"https:\/\/www.europesays.com\/fr\/wp-json\/wp\/v2\/tags?post=313724"}],"curies":[{"name":"wp","href":"https:\/\/api.w.org\/{rel}","templated":true}]}}