{"id":313726,"date":"2025-08-12T10:45:18","date_gmt":"2025-08-12T10:45:18","guid":{"rendered":"https:\/\/www.europesays.com\/fr\/313726\/"},"modified":"2025-08-12T10:45:18","modified_gmt":"2025-08-12T10:45:18","slug":"agression-antisemite-dun-couple-a-lyon-lenquete-classee-sans-suite","status":"publish","type":"post","link":"https:\/\/www.europesays.com\/fr\/313726\/","title":{"rendered":"Agression antis\u00e9mite d&rsquo;un couple \u00e0 Lyon : l&rsquo;enqu\u00eate class\u00e9e sans suite"},"content":{"rendered":"<p>Au regard des \u00e9l\u00e9ments recueillis lors de l&rsquo;enqu\u00eate, le parquet de Lyon a en tout cas d\u00e9cid\u00e9 de classer l&rsquo;affaire sans suite.<\/p>\n<p>Pour rappel, mercredi dernier, un couple de Lyonnais de confession juive disait avoir \u00e9t\u00e9 alpagu\u00e9 par deux individus alors qu&rsquo;il sortait d&rsquo;un restaurant de la rue du Professeur Weill dans le 6e arrondissement. L&rsquo;homme qui portait une kippa et sa femme auraient \u00e9t\u00e9 injuri\u00e9s et auraient re\u00e7u des crachats.<\/p>\n<p>Une version r\u00e9fut\u00e9e par les deux suspects interpell\u00e9s, et aucun t\u00e9moin n&rsquo;a \u00e9t\u00e9 trouv\u00e9 pour l&rsquo;appuyer.<\/p>\n<p>Les agresseurs pr\u00e9sum\u00e9s ont reconnu avoir eu une br\u00e8ve altercation verbale avec le couple au sujet d&rsquo;une bousculade dans la rue, mais sans insulte antis\u00e9mite prof\u00e9r\u00e9e.<\/p>\n<p>Le fait divers, qui n&rsquo;en est plus un, avait \u00e9t\u00e9 comment\u00e9 par le maire de Lyon <a href=\"https:\/\/www.lyonmag.com\/profil-personnalite-lyonnaise\/504\/gregory-doucet\" target=\"_blank\" rel=\"noopener nofollow\">Gr\u00e9gory Doucet<\/a> et son futur opposant <a href=\"https:\/\/www.lyonmag.com\/profil-personnalite-lyonnaise\/8\/jean-michel-aulas\" target=\"_blank\" rel=\"noopener nofollow\">Jean-Michel Aulas<\/a>.<\/p>\n","protected":false},"excerpt":{"rendered":"Au regard des \u00e9l\u00e9ments recueillis lors de l&rsquo;enqu\u00eate, le parquet de Lyon a en tout cas d\u00e9cid\u00e9 de&hellip;\n","protected":false},"author":2,"featured_media":313727,"comment_status":"","ping_status":"","sticky":false,"template":"","format":"standard","meta":{"footnotes":""},"categories":[1889],"tags":[1111,11,2813,2190,2430,1109,251,1112,2811,1777,674,118,1011,27,1922,1110,1114,2428,2810,12,241,316,25,2812,517,800],"class_list":{"0":"post-313726","1":"post","2":"type-post","3":"status-publish","4":"format-standard","5":"has-post-thumbnail","7":"category-lyon","8":"tag-actu","9":"tag-actualites","10":"tag-article","11":"tag-asvel","12":"tag-auvergne-rhone-alpes","13":"tag-breves","14":"tag-culture","15":"tag-depeches","16":"tag-economique","17":"tag-eu","18":"tag-europe","19":"tag-faits-divers","20":"tag-fr","21":"tag-france","22":"tag-info","23":"tag-informations","24":"tag-infos","25":"tag-lyon","26":"tag-lyonmag","27":"tag-news","28":"tag-ol","29":"tag-politique","30":"tag-republique-francaise","31":"tag-sociale","32":"tag-sport","33":"tag-transports"},"share_on_mastodon":{"url":"https:\/\/pubeurope.com\/@fr\/115015393215203168","error":""},"_links":{"self":[{"href":"https:\/\/www.europesays.com\/fr\/wp-json\/wp\/v2\/posts\/313726","targetHints":{"allow":["GET"]}}],"collection":[{"href":"https:\/\/www.europesays.com\/fr\/wp-json\/wp\/v2\/posts"}],"about":[{"href":"https:\/\/www.europesays.com\/fr\/wp-json\/wp\/v2\/types\/post"}],"author":[{"embeddable":true,"href":"https:\/\/www.europesays.com\/fr\/wp-json\/wp\/v2\/users\/2"}],"replies":[{"embeddable":true,"href":"https:\/\/www.europesays.com\/fr\/wp-json\/wp\/v2\/comments?post=313726"}],"version-history":[{"count":0,"href":"https:\/\/www.europesays.com\/fr\/wp-json\/wp\/v2\/posts\/313726\/revisions"}],"wp:featuredmedia":[{"embeddable":true,"href":"https:\/\/www.europesays.com\/fr\/wp-json\/wp\/v2\/media\/313727"}],"wp:attachment":[{"href":"https:\/\/www.europesays.com\/fr\/wp-json\/wp\/v2\/media?parent=313726"}],"wp:term":[{"taxonomy":"category","embeddable":true,"href":"https:\/\/www.europesays.com\/fr\/wp-json\/wp\/v2\/categories?post=313726"},{"taxonomy":"post_tag","embeddable":true,"href":"https:\/\/www.europesays.com\/fr\/wp-json\/wp\/v2\/tags?post=313726"}],"curies":[{"name":"wp","href":"https:\/\/api.w.org\/{rel}","templated":true}]}}