{"id":313734,"date":"2025-08-12T10:49:10","date_gmt":"2025-08-12T10:49:10","guid":{"rendered":"https:\/\/www.europesays.com\/fr\/313734\/"},"modified":"2025-08-12T10:49:10","modified_gmt":"2025-08-12T10:49:10","slug":"les-200-personnes-sans-abri-installees-sur-le-parvis-de-lhotel-de-ville-evacuees","status":"publish","type":"post","link":"https:\/\/www.europesays.com\/fr\/313734\/","title":{"rendered":"les 200 personnes sans abri install\u00e9es sur le parvis de l&rsquo;H\u00f4tel de Ville \u00e9vacu\u00e9es"},"content":{"rendered":"<p>            Par<br \/>\n        <strong><br \/>\n            <a href=\"https:\/\/actu.fr\/auteur\/redaction-paris\" title=\"Consulter tous les articles de R\u00e9daction Paris\" rel=\"nofollow noopener\" target=\"_blank\">R\u00e9daction Paris<\/a><br \/>\n        <\/strong><\/p>\n<p>        Publi\u00e9 le<\/p>\n<p>            12 ao\u00fbt 2025 \u00e0 11h50        <\/p>\n<p>Quelque 200\u00a0personnes migrantes qui dormaient <a href=\"https:\/\/actu.fr\/ile-de-france\/paris_75056\/paris-l-ete-la-situation-est-particulierement-tendue-200-personnes-sans-abri-ont-dormi-devant-la-mairie_63003471.html\" rel=\"nofollow noopener\" target=\"_blank\">depuis une semaine devant le parvis de l\u2019H\u00f4tel de Ville<\/a> de Paris faute de place dans des h\u00e9bergements d\u2019urgence \u00e9taient <strong>en cours d\u2019\u00e9vacuation<\/strong> mardi 12\u00a0ao\u00fbt 2025 dans la matin\u00e9e, a constat\u00e9 une journaliste de l\u2019AFP.<\/p>\n<p class=\" wall-content\">Les sans-abri, <strong>principalement des femmes avec de jeunes enfants<\/strong>, mais aussi quelques p\u00e8res de famille, ont \u00e9t\u00e9 r\u00e9veill\u00e9s \u00e0 l\u2019aube et pri\u00e9s de quitter les lieux avec leurs maigres effets personnels. Au moins trois cars \u00e9taient stationn\u00e9s aux alentours de la mairie afin de transporter les familles qui le souhaitaient en r\u00e9gion, \u00e0 Marseille, Bourges et Besan\u00e7on, o\u00f9 elles devaient \u00eatre accueillies dans <a href=\"https:\/\/actu.fr\/societe\/sans-abri-incites-a-quitter-paris-5-questions-sur-ce-projet-polemique_59648513.html\" rel=\"nofollow noopener\" target=\"_blank\">un sas d\u2019accueil temporaire (SAS)<\/a>.<\/p>\n<p>\u00ab\u2009Bient\u00f4t c\u2019est l\u2019\u00e9cole\u2009\u00bb<\/p>\n<p class=\" wall-content\">Leur \u00e9vacuation se d\u00e9roulait dans le calme en pr\u00e9sence d\u2019un important dispositif policier tandis qu\u2019une trentaine de personnes du <strong>service assistance des sans-abri de la mairie de Paris<\/strong> et des membres de l\u2019association France terre d\u2019asile s\u2019activaient aux c\u00f4t\u00e9s des familles, \u00e9galement \u00e9paul\u00e9s par l\u2019association Utopia 56.<\/p>\n<p class=\" wall-content\">De nombreuses familles, vivant \u00e0 Paris depuis plusieurs mois, ont refus\u00e9 d\u2019\u00eatre \u00e9loign\u00e9es de la capitale fran\u00e7aise, comme Nico, 33\u00a0ans, p\u00e8re de quatre enfants.\u00a0Ce Congolais et sa femme, <strong>en situation r\u00e9guli\u00e8re, mais sans logement<\/strong> ont refus\u00e9 de monter dans un car\u2009: \u00ab\u2009Bient\u00f4t c\u2019est l\u2019\u00e9cole, nous on travaille, l\u00e0, et on va laisser tout, pour aller dans la province pour recommencer dans un endroit qu\u2019on ma\u00eetrise pas\u2009?\u2009\u00bb, s\u2019est-il indign\u00e9.<\/p>\n<p class=\" wall-content\">Il fait des d\u00e9marches pour obtenir un logement depuis un an et demi, sans succ\u00e8s\u2009: \u00ab\u2009Ma priorit\u00e9, c\u2019est de prot\u00e9ger mon travail\u2009\u00bb, dit-il.<\/p>\n<p class=\" wall-content\"><strong>Avec AFP<\/strong><\/p>\n<p class=\" wall-content\">Suivez toute l\u2019actualit\u00e9 de vos villes et m\u00e9dias favoris en vous inscrivant \u00e0 <a href=\"https:\/\/moncompte.actu.fr\" title=\"D\u00e9couvez Mon Actu\" rel=\"nofollow noopener\" data-trk=\"{&quot;cta&quot;:{&quot;action&quot;:&quot;https:\\\/\\\/moncompte.actu.fr&quot;,&quot;category&quot;:&quot;mon compte&quot;,&quot;from&quot;:&quot;article footer&quot;,&quot;name&quot;:&quot;Mon actu&quot;,&quot;type&quot;:&quot;cta&quot;}}\" target=\"_blank\">Mon Actu<\/a>.<\/p>\n<ul class=\"ac-article-tag wall-content\">\n<li><a href=\"https:\/\/actu.fr\/tag\/mairie-de-paris\" data-trk=\"{&quot;cta&quot;:{&quot;action&quot;:&quot;Mairie de Paris&quot;,&quot;category&quot;:&quot;tag&quot;,&quot;from&quot;:&quot;article footer&quot;,&quot;name&quot;:&quot;Mairie de Paris&quot;,&quot;type&quot;:&quot;cta&quot;}}\" rel=\"nofollow noopener\" target=\"_blank\">#Mairie de Paris<\/a><\/li>\n<li><a href=\"https:\/\/actu.fr\/tag\/migrants\" data-trk=\"{&quot;cta&quot;:{&quot;action&quot;:&quot;Migrants&quot;,&quot;category&quot;:&quot;tag&quot;,&quot;from&quot;:&quot;article footer&quot;,&quot;name&quot;:&quot;Migrants&quot;,&quot;type&quot;:&quot;cta&quot;}}\" rel=\"nofollow noopener\" target=\"_blank\">#Migrants<\/a><\/li>\n<\/ul>\n","protected":false},"excerpt":{"rendered":"Par R\u00e9daction Paris Publi\u00e9 le 12 ao\u00fbt 2025 \u00e0 11h50 Quelque 200\u00a0personnes migrantes qui dormaient depuis une semaine&hellip;\n","protected":false},"author":2,"featured_media":313735,"comment_status":"","ping_status":"","sticky":false,"template":"","format":"standard","meta":{"footnotes":""},"categories":[1888],"tags":[1111,1928,11,1927,1777,674,1011,27,2381,1251,12,1926,626,1925,25,104],"class_list":{"0":"post-313734","1":"post","2":"type-post","3":"status-publish","4":"format-standard","5":"has-post-thumbnail","7":"category-paris","8":"tag-actu","9":"tag-actu-paris","10":"tag-actualites","11":"tag-actualites-paris","12":"tag-eu","13":"tag-europe","14":"tag-fr","15":"tag-france","16":"tag-mairie-de-paris","17":"tag-migrants","18":"tag-news","19":"tag-news-paris","20":"tag-paris","21":"tag-paris-news","22":"tag-republique-francaise","23":"tag-societe"},"share_on_mastodon":{"url":"https:\/\/pubeurope.com\/@fr\/115015408998126416","error":""},"_links":{"self":[{"href":"https:\/\/www.europesays.com\/fr\/wp-json\/wp\/v2\/posts\/313734","targetHints":{"allow":["GET"]}}],"collection":[{"href":"https:\/\/www.europesays.com\/fr\/wp-json\/wp\/v2\/posts"}],"about":[{"href":"https:\/\/www.europesays.com\/fr\/wp-json\/wp\/v2\/types\/post"}],"author":[{"embeddable":true,"href":"https:\/\/www.europesays.com\/fr\/wp-json\/wp\/v2\/users\/2"}],"replies":[{"embeddable":true,"href":"https:\/\/www.europesays.com\/fr\/wp-json\/wp\/v2\/comments?post=313734"}],"version-history":[{"count":0,"href":"https:\/\/www.europesays.com\/fr\/wp-json\/wp\/v2\/posts\/313734\/revisions"}],"wp:featuredmedia":[{"embeddable":true,"href":"https:\/\/www.europesays.com\/fr\/wp-json\/wp\/v2\/media\/313735"}],"wp:attachment":[{"href":"https:\/\/www.europesays.com\/fr\/wp-json\/wp\/v2\/media?parent=313734"}],"wp:term":[{"taxonomy":"category","embeddable":true,"href":"https:\/\/www.europesays.com\/fr\/wp-json\/wp\/v2\/categories?post=313734"},{"taxonomy":"post_tag","embeddable":true,"href":"https:\/\/www.europesays.com\/fr\/wp-json\/wp\/v2\/tags?post=313734"}],"curies":[{"name":"wp","href":"https:\/\/api.w.org\/{rel}","templated":true}]}}