{"id":313736,"date":"2025-08-12T10:50:17","date_gmt":"2025-08-12T10:50:17","guid":{"rendered":"https:\/\/www.europesays.com\/fr\/313736\/"},"modified":"2025-08-12T10:50:17","modified_gmt":"2025-08-12T10:50:17","slug":"decouvrez-la-carte-des-endroits-de-paris-ou-il-fera-le-plus-frais","status":"publish","type":"post","link":"https:\/\/www.europesays.com\/fr\/313736\/","title":{"rendered":"d\u00e9couvrez la carte des endroits de Paris o\u00f9 il fera le plus frais !"},"content":{"rendered":"<p class=\"p1\">Les pr\u00e9visions m\u00e9t\u00e9o sont formelles : cette semaine, \u00e7a va \u00eatre chaud pour tout le monde en France, et Paris n\u2019y \u00e9chappera pas. Alors que 16 d\u00e9partements sont d\u00e9j\u00e0 en vigilance rouge canicule, l\u2019Ile-de-France a \u00e9t\u00e9 plac\u00e9e en vigilance orange pour la journ\u00e9e du mardi 12 ao\u00fbt avec des temp\u00e9ratures qui d\u00e9passeront les 35\u00b0C. Et ce sera comme \u00e7a jusqu\u2019au week-end. <\/p>\n<p class=\"p1\">Alors, o\u00f9 se r\u00e9fugier si vous n\u2019avez pas encore d\u2019amis dot\u00e9s d\u2019un climatiseur (mais \u00e7a ne saurait tarder) ? La mairie de Paris a eu la bonne id\u00e9e de mettre en ligne une <a href=\"https:\/\/experience.arcgis.com\/experience\/97a1ee11f50e4c36afb48b93007b4fb8\/page\/Version-Fran%C3%A7aise\" target=\"_blank\" rel=\"noopener\">carte interactive<\/a>\u00a0recensant tous les \u00eelots de fra\u00eecheur de la ville, avec des filtres permettant d\u2019afficher les lieux gratuits. On y trouve notamment <a href=\"https:\/\/www.timeout.fr\/paris\/que-faire-a-paris\/parc-jardin\" target=\"_blank\" rel=\"noopener\">les parcs <\/a>et squares et leurs pergolas, les mus\u00e9es, les \u00e9glises ou les biblioth\u00e8ques climatis\u00e9es, les ombri\u00e8res, les brumisateurs, les <a href=\"https:\/\/www.timeout.fr\/paris\/sport\/meilleures-piscines-paris\" target=\"_blank\" rel=\"noopener\">piscines<\/a> et <a href=\"https:\/\/www.timeout.fr\/paris\/actualites\/baignade-dans-la-seine-ce-que-vous-devez-savoir-avant-de-plonger-061625\" target=\"_blank\" rel=\"noopener\">sites de baignade<\/a>, ainsi que les terrains de p\u00e9tanque, o\u00f9 il fait plus frais sous les arbres (sans\u00a0compter les gla\u00e7ons).<\/p>\n<p class=\"p1\">On y rep\u00e8re aussi les commer\u00e7ants faisant partie du dispositif\u00a0\u201cIci, je choisis l\u2019eau de Paris\u201d. Chez eux, il suffit de pousser la porte et de demander gentiment, et on vous remplit votre verre, bouteille ou gourde gratuitement.\u00a0<\/p>\n<p class=\"p1\">La carte indique \u00e9galement les zones les plus fra\u00eeches dans les parcs, soit celles qui disposent de la plus grande densit\u00e9 d\u2019arbres. Spoiler : cette semaine, il vaudra mieux se r\u00e9fugier aux Buttes-Chaumont et au parc Montsouris\u00a0!<\/p>\n","protected":false},"excerpt":{"rendered":"Les pr\u00e9visions m\u00e9t\u00e9o sont formelles : cette semaine, \u00e7a va \u00eatre chaud pour tout le monde en France,&hellip;\n","protected":false},"author":2,"featured_media":313737,"comment_status":"","ping_status":"","sticky":false,"template":"","format":"standard","meta":{"footnotes":""},"categories":[1888],"tags":[1111,1928,11,1927,4573,4572,1777,674,1011,27,12,1926,626,1925,3907,25],"class_list":{"0":"post-313736","1":"post","2":"type-post","3":"status-publish","4":"format-standard","5":"has-post-thumbnail","7":"category-paris","8":"tag-actu","9":"tag-actu-paris","10":"tag-actualites","11":"tag-actualites-paris","12":"tag-actualites-vivre-en-ville","13":"tag-categories-que-faire","14":"tag-eu","15":"tag-europe","16":"tag-fr","17":"tag-france","18":"tag-news","19":"tag-news-paris","20":"tag-paris","21":"tag-paris-news","22":"tag-que-faire","23":"tag-republique-francaise"},"share_on_mastodon":{"url":"https:\/\/pubeurope.com\/@fr\/115015413241057705","error":""},"_links":{"self":[{"href":"https:\/\/www.europesays.com\/fr\/wp-json\/wp\/v2\/posts\/313736","targetHints":{"allow":["GET"]}}],"collection":[{"href":"https:\/\/www.europesays.com\/fr\/wp-json\/wp\/v2\/posts"}],"about":[{"href":"https:\/\/www.europesays.com\/fr\/wp-json\/wp\/v2\/types\/post"}],"author":[{"embeddable":true,"href":"https:\/\/www.europesays.com\/fr\/wp-json\/wp\/v2\/users\/2"}],"replies":[{"embeddable":true,"href":"https:\/\/www.europesays.com\/fr\/wp-json\/wp\/v2\/comments?post=313736"}],"version-history":[{"count":0,"href":"https:\/\/www.europesays.com\/fr\/wp-json\/wp\/v2\/posts\/313736\/revisions"}],"wp:featuredmedia":[{"embeddable":true,"href":"https:\/\/www.europesays.com\/fr\/wp-json\/wp\/v2\/media\/313737"}],"wp:attachment":[{"href":"https:\/\/www.europesays.com\/fr\/wp-json\/wp\/v2\/media?parent=313736"}],"wp:term":[{"taxonomy":"category","embeddable":true,"href":"https:\/\/www.europesays.com\/fr\/wp-json\/wp\/v2\/categories?post=313736"},{"taxonomy":"post_tag","embeddable":true,"href":"https:\/\/www.europesays.com\/fr\/wp-json\/wp\/v2\/tags?post=313736"}],"curies":[{"name":"wp","href":"https:\/\/api.w.org\/{rel}","templated":true}]}}