{"id":313742,"date":"2025-08-12T10:53:11","date_gmt":"2025-08-12T10:53:11","guid":{"rendered":"https:\/\/www.europesays.com\/fr\/313742\/"},"modified":"2025-08-12T10:53:11","modified_gmt":"2025-08-12T10:53:11","slug":"zelensky-assure-que-la-russie-prepare-de-nouvelles-offensives","status":"publish","type":"post","link":"https:\/\/www.europesays.com\/fr\/313742\/","title":{"rendered":"Zelensky assure que la Russie pr\u00e9pare de \u00ab\u00a0nouvelles offensives\u00a0\u00bb"},"content":{"rendered":"<p class=\"article-p mdl\">La Russie pr\u00e9pare-t-elle de nouvelles attaques en Ukraine avant la rencontre entre Donald Trump et Vladimir Poutine ce vendredi ? C&rsquo;est en tout cas ce qu&rsquo;avance le pr\u00e9sident ukrainien, ce mardi, sur le r\u00e9seau social X.\u00a0<\/p>\n<p class=\"article-p mdl\">\u00ab\u00a0Nous constatons que <strong>l&rsquo;arm\u00e9e russe ne s&rsquo;appr\u00eate pas \u00e0 mettre fin \u00e0 la guerre<\/strong>. Au contraire, ils sont engag\u00e9s dans des mouvements qui indiquent <strong>la pr\u00e9paration de nouvelles offensives<\/strong>\u00ab\u00a0, a \u00e9crit\u00a0<a class=\"link\" href=\"https:\/\/www.rtl.fr\/actu\/international\/rencontre-trump-poutine-volodymyr-zelensky-met-en-garde-contre-des-decisions-prises-sans-l-ukraine-7900529011\" target=\"_blank\" rel=\"noopener\">Volodymyr Zelensky<\/a>, sur son compte.\u00a0<\/p>\n<p class=\"article-p mdl\">Sur le front ukrainien, <strong>les troupes russes continuent d&rsquo;avancer rapidement<\/strong> dans un secteur strat\u00e9gique dans l&rsquo;est du pays, ont indiqu\u00e9 des responsables de l&rsquo;arm\u00e9e ukrainienne et des analystes.\u00a0<\/p>\n<p class=\"article-p mdl\">Cette progression a eu lieu au nord-est de Pokrovsk, ville mini\u00e8re et \u00e9picentre des combats, dans la r\u00e9gion orientale de Donetsk dont\u00a0<a class=\"link\" href=\"https:\/\/www.rtl.fr\/actu\/international\/rencontre-en-alaska-poutine-ne-peut-pas-se-permettre-de-dire-non-a-trump-estime-le-journaliste-regis-gente-sur-rtl-7900530089\" target=\"_blank\" rel=\"noopener\">Moscou revendique toujours l&rsquo;annexion<\/a>.<\/p>\n<p>            Une dizaine de kilom\u00e8tres<\/p>\n<p class=\"article-p mdl\">En une seule journ\u00e9e, <strong>la Russie a avanc\u00e9 d&rsquo;une dizaine de kilom\u00e8tres vers le nord<\/strong> le long d&rsquo;une route, indique de son c\u00f4t\u00e9 le site d&rsquo;analyse militaire DeepState, proche de l&rsquo;arm\u00e9e ukrainienne, un rythme bien plus soutenu que d&rsquo;habitude.\u00a0<\/p>\n<p class=\"article-p mdl\">Une carte du front, publi\u00e9e par DeepState, montre un \u00e9troit couloir d\u00e9sormais sous contr\u00f4le russe, ce qui menace la ville garnison de Dobropillia, au nord-ouest de Pokrovsk.<\/p>\n<p>    La r\u00e9daction vous recommande<\/p>\n<p class=\"s-newsletter__title\">\n                L\u2019actualit\u00e9 par la r\u00e9daction de RTL dans votre bo\u00eete mail.\n            <\/p>\n<p class=\"s-newsletter__subtitle\">\n                Gr\u00e2ce \u00e0 votre compte RTL abonnez-vous \u00e0 la newsletter RTL info pour suivre toute l&rsquo;actualit\u00e9 au quotidien\n            <\/p>\n<p>\n                                    Lire la suite\n                                <\/p>\n","protected":false},"excerpt":{"rendered":"La Russie pr\u00e9pare-t-elle de nouvelles attaques en Ukraine avant la rencontre entre Donald Trump et Vladimir Poutine ce&hellip;\n","protected":false},"author":2,"featured_media":313743,"comment_status":"","ping_status":"","sticky":false,"template":"","format":"standard","meta":{"footnotes":""},"categories":[1591],"tags":[11,1887,107,131,12,1885,1886,132,135,134],"class_list":{"0":"post-313742","1":"post","2":"type-post","3":"status-publish","4":"format-standard","5":"has-post-thumbnail","7":"category-russie","8":"tag-actualites","9":"tag-federation-de-russie","10":"tag-fil-info","11":"tag-guerre-en-ukraine","12":"tag-news","13":"tag-russia","14":"tag-russian-federation","15":"tag-russie","16":"tag-vladimir-poutine","17":"tag-volodymyr-zelensky"},"share_on_mastodon":{"url":"https:\/\/pubeurope.com\/@fr\/115015424770104742","error":""},"_links":{"self":[{"href":"https:\/\/www.europesays.com\/fr\/wp-json\/wp\/v2\/posts\/313742","targetHints":{"allow":["GET"]}}],"collection":[{"href":"https:\/\/www.europesays.com\/fr\/wp-json\/wp\/v2\/posts"}],"about":[{"href":"https:\/\/www.europesays.com\/fr\/wp-json\/wp\/v2\/types\/post"}],"author":[{"embeddable":true,"href":"https:\/\/www.europesays.com\/fr\/wp-json\/wp\/v2\/users\/2"}],"replies":[{"embeddable":true,"href":"https:\/\/www.europesays.com\/fr\/wp-json\/wp\/v2\/comments?post=313742"}],"version-history":[{"count":0,"href":"https:\/\/www.europesays.com\/fr\/wp-json\/wp\/v2\/posts\/313742\/revisions"}],"wp:featuredmedia":[{"embeddable":true,"href":"https:\/\/www.europesays.com\/fr\/wp-json\/wp\/v2\/media\/313743"}],"wp:attachment":[{"href":"https:\/\/www.europesays.com\/fr\/wp-json\/wp\/v2\/media?parent=313742"}],"wp:term":[{"taxonomy":"category","embeddable":true,"href":"https:\/\/www.europesays.com\/fr\/wp-json\/wp\/v2\/categories?post=313742"},{"taxonomy":"post_tag","embeddable":true,"href":"https:\/\/www.europesays.com\/fr\/wp-json\/wp\/v2\/tags?post=313742"}],"curies":[{"name":"wp","href":"https:\/\/api.w.org\/{rel}","templated":true}]}}