{"id":313750,"date":"2025-08-12T10:57:16","date_gmt":"2025-08-12T10:57:16","guid":{"rendered":"https:\/\/www.europesays.com\/fr\/313750\/"},"modified":"2025-08-12T10:57:16","modified_gmt":"2025-08-12T10:57:16","slug":"allemagne-degradation-du-moral-des-investisseurs-en-aout-economie","status":"publish","type":"post","link":"https:\/\/www.europesays.com\/fr\/313750\/","title":{"rendered":"Allemagne: D\u00e9gradation du moral des investisseurs en ao\u00fbt &#8211; ECONOMIE"},"content":{"rendered":"<p class=\"post_meta\">12 ao\u00fbt 2025Reuters<\/p>\n<p>(Reuters) \u2013     Le moral des investisseurs en Allemagne s\u2019est d\u00e9grad\u00e9 plus rapidement que pr\u00e9vu depuis le d\u00e9but du mois ao\u00fbt, montre l\u2019enqu\u00eate mensuelle publi\u00e9e mardi par l\u2019institut d\u2019\u00e9tudes \u00e9conomiques Zew.<\/p>\n<p>Son indice est ressorti \u00e0 34,7 points, contre 52,7 points en juillet, tandis que le consensus Reuters pr\u00e9voyait 39,8 points.<\/p>\n<p>La perception des conditions \u00e9conomiques actuelles s\u2019est \u00e9galement d\u00e9grad\u00e9e plus qu\u2019attendu, passant de -59,5 en juillet \u00e0 -68,6 en ao\u00fbt, contre un consensus \u00e0 -65,0.<\/p>\n<p> (R\u00e9dig\u00e9 par Claude Chendjou, \u00e9dit\u00e9 par Blandine H\u00e9nault)<\/p>\n<p><a href=\"https:\/\/chretiens.com\/quoi-de-neuf\/allemagne-degradation-du-moral\/2025\/08\/12\/11\/13\/attachment\/le-soleil-se-couche-derriere-la-skyline-de-francfort\/\" rel=\"nofollow noopener\" target=\"_blank\"><img decoding=\"async\" src=\"https:\/\/www.europesays.com\/fr\/wp-content\/uploads\/2025\/08\/tagreuters.com2025binary_LYNXMPEL7B0CM-FILEDIMAGE.jpg\" alt=\"tagreuters.com2025binary_LYNXMPEL7B0CM-FILEDIMAGE\"\/><\/a><\/p>\n<p>\n<b>Afin de r\u00e9pondre aux attentes de nos lecteurs, nous avons \u00e9galement cr\u00e9\u00e9 une plateforme de ressources bibliques, une cha\u00eene de t\u00e9l\u00e9vision chr\u00e9tienne et une cha\u00eene de t\u00e9l\u00e9vision g\u00e9n\u00e9raliste qui d\u00e9crypte l&rsquo;actualit\u00e9 avec un regard chr\u00e9tien.<\/b><br \/>\nLes m\u00e9dias ont pris une telle importance dans la soci\u00e9t\u00e9 qu&rsquo;ils sont, pour beaucoup de gens, le moyen principal d&rsquo;information et de formation ; ils guident et inspirent les comportements individuels, familiaux et sociaux. <br \/>\nDepuis la cr\u00e9ation de notre plateforme, nous r\u00e9alisons \u00e0 quel point le bon usage des m\u00e9dias demande aux professionnels de l&rsquo;audiovisuel chr\u00e9tien et aux usagers de la communication un s\u00e9rieux engagement au niveau de la connaissance, de la comp\u00e9tence et de l&rsquo;usage qualifi\u00e9 et actualis\u00e9.<\/p>\n<p><b>Nous invitons les chr\u00e9tiens int\u00e9ress\u00e9s par les m\u00e9dias \u00e0 nous rejoindre<\/b>, notamment :<br \/>\n&#8211; les professionnels des m\u00e9dias ;<br \/>\n&#8211; les familles chr\u00e9tiennes si expos\u00e9es \u00e0 l&rsquo;influence des moyens de communication ;<br \/>\n&#8211; les jeunes g\u00e9n\u00e9rations qui sont les usagers et les cr\u00e9ateurs de la communication de masse.<\/p>\n<p><b>Pour plus d&rsquo;information, contactez-nous au +33 769138397 ou par email \u00e0 l&rsquo;adresse <a href=\"https:\/\/chretiens.com\/cdn-cgi\/l\/email-protection\" class=\"__cf_email__\" data-cfemail=\"2c4d484145426c4f445e49584549425f0245424a43\" rel=\"nofollow noopener\" target=\"_blank\">[email\u00a0protected]<\/a><\/b>Nos applications chr\u00e9tiennes :<br \/>\n<br \/>\n* Bible.audio (plateforme de ressources bibliques) : <a href=\"https:\/\/get.theapp.co\/26v5\" rel=\"nofollow noopener\" target=\"_blank\">https:\/\/get.theapp.co\/26v5<\/a><br \/>\n<br \/>\n* Chr\u00e9tiens TV (cha\u00eene de t\u00e9l\u00e9vision chr\u00e9tienne) : <a href=\"https:\/\/get.theapp.co\/dsry\" rel=\"nofollow noopener\" target=\"_blank\">https:\/\/get.theapp.co\/dsry<\/a><br \/>\nNos sites web:<br \/>\n&#8211; Journal Chr\u00e9tien : <a href=\"https:\/\/www.chretiens.com\" rel=\"nofollow noopener\" target=\"_blank\">https:\/\/www.chretiens.com<\/a><br \/>\n<br \/>\n&#8211; Bible.audio: <a href=\"https:\/\/www.bible.audio\" rel=\"nofollow noopener\" target=\"_blank\">https:\/\/www.bible.audio<\/a><br \/>\n<br \/>\n&#8211; Chr\u00e9tiens TV <a href=\"https:\/\/www.chretienstv.com\" rel=\"nofollow noopener\" target=\"_blank\">www.chretienstv.com<\/a><br \/>\n<br \/>\n&#8211; CTV Info: <a href=\"https:\/\/www.ctv-news.com\" rel=\"nofollow noopener\" target=\"_blank\">www.ctv-news.com<\/a><br \/>\nNos cha\u00eenes YouTube :<br \/>\n<br \/>\n&#8211; <a href=\"https:\/\/www.youtube.com\/c\/CHR\u00c9TIENSTV\/\" rel=\"nofollow noopener\" target=\"_blank\">https:\/\/www.youtube.com\/c\/CHR\u00c9TIENSTV\/<\/a><br \/>\n<br \/>\n&#8211; <a href=\"https:\/\/www.youtube.com\/@ctv-info\" rel=\"nofollow noopener\" target=\"_blank\">https:\/\/www.youtube.com\/@ctv-info<\/a><\/p>\n","protected":false},"excerpt":{"rendered":"12 ao\u00fbt 2025Reuters (Reuters) \u2013 Le moral des investisseurs en Allemagne s\u2019est d\u00e9grad\u00e9 plus rapidement que pr\u00e9vu depuis&hellip;\n","protected":false},"author":2,"featured_media":299583,"comment_status":"","ping_status":"","sticky":false,"template":"","format":"standard","meta":{"footnotes":""},"categories":[1587],"tags":[11,672,1804,1805,1803,1777,674,1801,12,1802],"class_list":{"0":"post-313750","1":"post","2":"type-post","3":"status-publish","4":"format-standard","5":"has-post-thumbnail","7":"category-allemagne","8":"tag-actualites","9":"tag-allemagne","10":"tag-bundesrepublik-deutschland","11":"tag-de","12":"tag-deutschland","13":"tag-eu","14":"tag-europe","15":"tag-germany","16":"tag-news","17":"tag-republique-federale-dallemagne"},"share_on_mastodon":{"url":"https:\/\/pubeurope.com\/@fr\/115015440761583387","error":""},"_links":{"self":[{"href":"https:\/\/www.europesays.com\/fr\/wp-json\/wp\/v2\/posts\/313750","targetHints":{"allow":["GET"]}}],"collection":[{"href":"https:\/\/www.europesays.com\/fr\/wp-json\/wp\/v2\/posts"}],"about":[{"href":"https:\/\/www.europesays.com\/fr\/wp-json\/wp\/v2\/types\/post"}],"author":[{"embeddable":true,"href":"https:\/\/www.europesays.com\/fr\/wp-json\/wp\/v2\/users\/2"}],"replies":[{"embeddable":true,"href":"https:\/\/www.europesays.com\/fr\/wp-json\/wp\/v2\/comments?post=313750"}],"version-history":[{"count":0,"href":"https:\/\/www.europesays.com\/fr\/wp-json\/wp\/v2\/posts\/313750\/revisions"}],"wp:featuredmedia":[{"embeddable":true,"href":"https:\/\/www.europesays.com\/fr\/wp-json\/wp\/v2\/media\/299583"}],"wp:attachment":[{"href":"https:\/\/www.europesays.com\/fr\/wp-json\/wp\/v2\/media?parent=313750"}],"wp:term":[{"taxonomy":"category","embeddable":true,"href":"https:\/\/www.europesays.com\/fr\/wp-json\/wp\/v2\/categories?post=313750"},{"taxonomy":"post_tag","embeddable":true,"href":"https:\/\/www.europesays.com\/fr\/wp-json\/wp\/v2\/tags?post=313750"}],"curies":[{"name":"wp","href":"https:\/\/api.w.org\/{rel}","templated":true}]}}