{"id":313767,"date":"2025-08-12T11:08:11","date_gmt":"2025-08-12T11:08:11","guid":{"rendered":"https:\/\/www.europesays.com\/fr\/313767\/"},"modified":"2025-08-12T11:08:11","modified_gmt":"2025-08-12T11:08:11","slug":"kuala-lumpur-favori-pour-accueillir-la-presentation-du-motogp-en-2026","status":"publish","type":"post","link":"https:\/\/www.europesays.com\/fr\/313767\/","title":{"rendered":"Kuala Lumpur favori pour accueillir la pr\u00e9sentation du MotoGP en 2026"},"content":{"rendered":"<p>Cette ann\u00e9e, le MotoGP a pour la premi\u00e8re fois organis\u00e9 une grande c\u00e9r\u00e9monie pour lancer la saison, en r\u00e9unissant toutes les \u00e9quipes. L&rsquo;\u00e9v\u00e9nement s&rsquo;est tenu \u00e0 Bangkok, capitale de la Tha\u00eflande, et l&rsquo;int\u00e9gralit\u00e9 des pilotes y a pris part \u2013 \u00e0 l&rsquo;exception de <a href=\"https:\/\/fr.motorsport.com\/driver\/jorge-martin\/109391\/\" target=\"_blank\" rel=\"noopener\">Jorge Mart\u00edn<\/a>, <a href=\"https:\/\/fr.motorsport.com\/driver\/fabio-di-giannantonio\/289538\/\" target=\"_blank\" rel=\"noopener\">Fabio Di Giannantonio<\/a> et <a href=\"https:\/\/fr.motorsport.com\/driver\/raul-fernandez\/443094\/\" target=\"_blank\" rel=\"noopener\">Ra\u00fal Fern\u00e1ndez<\/a>, bless\u00e9s quelques jours plus t\u00f4t \u2013 pour une photo officielle, une parade et enfin le d\u00e9marrage de leurs motos sur sc\u00e8ne.<\/p>\n<p>Lire aussi :<\/p>\n<p>Selon les informations de <strong>Motorsport.com<\/strong>, l&rsquo;\u00e9v\u00e9nement devrait \u00e0 nouveau se tenir en 2027, dans un nouveau pays. Kuala Lumpur, la capitale malaisienne, tient la corde pour \u00eatre choisie, mais le championnat a \u00e9galement song\u00e9 \u00e0 une pr\u00e9sentation \u00e0 Melbourne, un choix plus compliqu\u00e9 pour diff\u00e9rentes raisons.<\/p>\n<p>Kuala Lumpur offre un bon compromis pour la logistique et son exp\u00e9rience, puisque la ville a des liens avec le MotoGP et qu&rsquo;elle a \u00e9t\u00e9 le th\u00e9\u00e2tre de la pr\u00e9sentation des \u00e9quipes de Yamaha en d\u00e9but d&rsquo;ann\u00e9e, dans les c\u00e9l\u00e8bres tours Petronas.<\/p>\n<p>Depuis quelques semaines, l&rsquo;aspect commercial du MotoGP est g\u00e9r\u00e9 par Liberty Media, qui a <a href=\"https:\/\/fr.motorsport.com\/motogp\/news\/liberty-media-boucle-rachat-motogp\/10739023\/\" target=\"_blank\" rel=\"noopener\">rachet\u00e9 Dorna Sports<\/a>. Le groupe contr\u00f4le \u00e9galement la F1, qui a elle aussi organis\u00e9 une grande pr\u00e9sentation cette ann\u00e9e, \u00e0 Londres. Malgr\u00e9 sa r\u00e9ussite populaire, l&rsquo;exp\u00e9rience <a href=\"https:\/\/fr.motorsport.com\/f1\/news\/f1-renonce-show-presentation-saison-2026\/10731463\/\" target=\"_blank\" rel=\"noopener\">ne sera toutefois pas reproduite pour ce championnat en 2026<\/a>.<\/p>\n<p>Un programme \u00e0 d\u00e9finir<\/p>\n<p>La date de la pr\u00e9sentation doit encore \u00eatre choisie et sera naturellement li\u00e9e \u00e0 celles des essais de pr\u00e9-saison. <strong>Motorsport.com<\/strong> a appris que les \u00e9quipes doivent se r\u00e9unir ce jeudi sur le circuit de Spielberg, dans le cadre d&rsquo;une r\u00e9union de l<a href=\"https:\/\/fr.motorsport.com\/motogp\/news\/instances-fim-dorna-irta-msma\/10697472\/\" target=\"_blank\" rel=\"noopener\">&lsquo;IRTA<\/a>, afin de d\u00e9finir le programme pour l&rsquo;hiver prochain.<\/p>\n<p>Le <a href=\"https:\/\/fr.motorsport.com\/motogp\/schedule\/2026\/?all_event_types=0\" target=\"_self\" rel=\"noopener\">calendrier 2026 du MotoGP<\/a>, r\u00e9cemment d\u00e9voil\u00e9, laisse peu de marge de man\u0153uvre. En suivant le sch\u00e9ma de cette ann\u00e9e, le premier test devrait se tenir \u00e0 Sepang, \u00e0 quelques kilom\u00e8tres de Kuala Lumpur, au d\u00e9but du mois de f\u00e9vrier, quelques jours apr\u00e8s un Shakedown r\u00e9serv\u00e9 aux marques disposant des concessions de cat\u00e9gories D, aux d\u00e9butants et aux pilotes d&rsquo;essais.<\/p>\n<p>Le second test pourrait se tenir quelques jours plus tard \u00e0 Buriram, qui accueillera aussi le Grand Prix de Tha\u00eflande, premi\u00e8re manche du championnat au d\u00e9but du mois de mars. Ce programme pourrait \u00eatre compromis par l&rsquo;instabilit\u00e9 dans cette zone depuis quelques semaines.<\/p>\n<p>En plus du conflit \u00e0 la fronti\u00e8re entre la Tha\u00eflande et le Cambodge, la presse locale fait \u00e9tat de tensions de plus en plus fortes entre les habitants de la province de Buriram et le gouvernement national. Plusieurs manifestations se sont tenues apr\u00e8s la r\u00e9vocation de 995 titres fonciers appartenant \u00e0 des propri\u00e9taires locaux, dont la zone de Chang sur laquelle se situe le circuit de Buriram.<\/p>\n<p>Lire aussi :<\/p>\n<p>Dans cet article<\/p>\n<p>Soyez le premier inform\u00e9 et souscrivez aux alertes mails pour recevoir les infos en temps r\u00e9el<\/p>\n<p>    S&rsquo;abonner aux alertes de news<\/p>\n","protected":false},"excerpt":{"rendered":"Cette ann\u00e9e, le MotoGP a pour la premi\u00e8re fois organis\u00e9 une grande c\u00e9r\u00e9monie pour lancer la saison, en&hellip;\n","protected":false},"author":2,"featured_media":313768,"comment_status":"","ping_status":"","sticky":false,"template":"","format":"standard","meta":{"footnotes":""},"categories":[1413],"tags":[1011,27,45331,1457,1456,1458,60],"class_list":{"0":"post-313767","1":"post","2":"type-post","3":"status-publish","4":"format-standard","5":"has-post-thumbnail","7":"category-moto","8":"tag-fr","9":"tag-france","10":"tag-kuala-lumpur-favori-pour-accueillir-la-pru00e9sentation-du-motogp-en-2026","11":"tag-moto","12":"tag-motocycle","13":"tag-motogp","14":"tag-sports"},"share_on_mastodon":{"url":"https:\/\/pubeurope.com\/@fr\/115015483643652376","error":""},"_links":{"self":[{"href":"https:\/\/www.europesays.com\/fr\/wp-json\/wp\/v2\/posts\/313767","targetHints":{"allow":["GET"]}}],"collection":[{"href":"https:\/\/www.europesays.com\/fr\/wp-json\/wp\/v2\/posts"}],"about":[{"href":"https:\/\/www.europesays.com\/fr\/wp-json\/wp\/v2\/types\/post"}],"author":[{"embeddable":true,"href":"https:\/\/www.europesays.com\/fr\/wp-json\/wp\/v2\/users\/2"}],"replies":[{"embeddable":true,"href":"https:\/\/www.europesays.com\/fr\/wp-json\/wp\/v2\/comments?post=313767"}],"version-history":[{"count":0,"href":"https:\/\/www.europesays.com\/fr\/wp-json\/wp\/v2\/posts\/313767\/revisions"}],"wp:featuredmedia":[{"embeddable":true,"href":"https:\/\/www.europesays.com\/fr\/wp-json\/wp\/v2\/media\/313768"}],"wp:attachment":[{"href":"https:\/\/www.europesays.com\/fr\/wp-json\/wp\/v2\/media?parent=313767"}],"wp:term":[{"taxonomy":"category","embeddable":true,"href":"https:\/\/www.europesays.com\/fr\/wp-json\/wp\/v2\/categories?post=313767"},{"taxonomy":"post_tag","embeddable":true,"href":"https:\/\/www.europesays.com\/fr\/wp-json\/wp\/v2\/tags?post=313767"}],"curies":[{"name":"wp","href":"https:\/\/api.w.org\/{rel}","templated":true}]}}