{"id":313769,"date":"2025-08-12T11:09:14","date_gmt":"2025-08-12T11:09:14","guid":{"rendered":"https:\/\/www.europesays.com\/fr\/313769\/"},"modified":"2025-08-12T11:09:14","modified_gmt":"2025-08-12T11:09:14","slug":"george-russell-porte-voix-intransigeant-sur-la-securite-en-f1","status":"publish","type":"post","link":"https:\/\/www.europesays.com\/fr\/313769\/","title":{"rendered":"George Russell, porte-voix intransigeant sur la s\u00e9curit\u00e9 en F1"},"content":{"rendered":"<p><strong>Le pilote Mercedes assume pleinement son r\u00f4le de d\u00e9fenseur des standards de s\u00e9curit\u00e9, marqu\u00e9 par les drames v\u00e9cus dans le paddock.<\/strong><\/p>\n<p>Engag\u00e9 depuis 2019 en Formule 1, George Russell s\u2019est impos\u00e9 comme une voix incontournable du championnat. \u00c9lu \u00e0 la t\u00eate de l\u2019association des pilotes (GPDA) en 2021, le Britannique place la s\u00e9curit\u00e9 au c\u0153ur de ses priorit\u00e9s. Dans une interview r\u00e9cente, il a r\u00e9affirm\u00e9 sa d\u00e9termination \u00e0 intervenir d\u00e8s qu\u2019une am\u00e9lioration semble possible, particuli\u00e8rement concernant la protection des coureurs et des circuits.<\/p>\n<p>Ses convictions trouvent leur source dans des \u00e9v\u00e9nements tragiques. Le souvenir de l\u2019accident de Billy Monger en 2017, qui co\u00fbta ses deux jambes \u00e0 son compatriote en Formule 4, reste grav\u00e9 dans sa m\u00e9moire. Tout comme le choc du d\u00e9c\u00e8s d\u2019Anthoine Hubert \u00e0 Spa en 2019, ou encore l\u2019incendie spectaculaire de Romain Grosjean \u00e0 Bahre\u00efn en 2020. \u00ab Voir ces images en direct change votre perception du risque. Quand on conna\u00eet les personnes concern\u00e9es, on ne peut rester passif \u00bb, confie-t-il.<\/p>\n<p>Russell adopte cependant une approche collaborative avec les instances dirigeantes. Refusant les confrontations st\u00e9riles, il privil\u00e9gie le dialogue avec la FIA pour faire \u00e9voluer les normes. \u00ab L\u2019objectif est d\u2019agir dans l\u2019int\u00e9r\u00eat collectif, pas de provoquer des tensions \u00bb, explique-t-il. Conscient que ses prises de position divisent parfois, le pilote assume : \u00ab Chacun campe sur ses positions, mais cela ne m\u2019emp\u00eachera pas de m\u2019exprimer. Je me concentre sur l\u2019essentiel. \u00bb<\/p>\n<p>Son engagement d\u00e9passe la simple carri\u00e8re sportive. Sans chercher \u00e0 laisser une trace historique, Russell veut simplement que son exp\u00e9rience serve \u00e0 prot\u00e9ger les g\u00e9n\u00e9rations futures de pilotes. Une mission qu\u2019il poursuivra tant que des vies pourront \u00eatre sauv\u00e9es.<\/p>\n","protected":false},"excerpt":{"rendered":"Le pilote Mercedes assume pleinement son r\u00f4le de d\u00e9fenseur des standards de s\u00e9curit\u00e9, marqu\u00e9 par les drames v\u00e9cus&hellip;\n","protected":false},"author":2,"featured_media":313770,"comment_status":"","ping_status":"","sticky":false,"template":"","format":"standard","meta":{"footnotes":""},"categories":[1412],"tags":[1451,1452,1453,1454,1455,1011,27,60],"class_list":{"0":"post-313769","1":"post","2":"type-post","3":"status-publish","4":"format-standard","5":"has-post-thumbnail","7":"category-f1","8":"tag-f1","9":"tag-formula-1","10":"tag-formula1","11":"tag-formule-1","12":"tag-formule1","13":"tag-fr","14":"tag-france","15":"tag-sports"},"share_on_mastodon":{"url":"https:\/\/pubeurope.com\/@fr\/115015487551922342","error":""},"_links":{"self":[{"href":"https:\/\/www.europesays.com\/fr\/wp-json\/wp\/v2\/posts\/313769","targetHints":{"allow":["GET"]}}],"collection":[{"href":"https:\/\/www.europesays.com\/fr\/wp-json\/wp\/v2\/posts"}],"about":[{"href":"https:\/\/www.europesays.com\/fr\/wp-json\/wp\/v2\/types\/post"}],"author":[{"embeddable":true,"href":"https:\/\/www.europesays.com\/fr\/wp-json\/wp\/v2\/users\/2"}],"replies":[{"embeddable":true,"href":"https:\/\/www.europesays.com\/fr\/wp-json\/wp\/v2\/comments?post=313769"}],"version-history":[{"count":0,"href":"https:\/\/www.europesays.com\/fr\/wp-json\/wp\/v2\/posts\/313769\/revisions"}],"wp:featuredmedia":[{"embeddable":true,"href":"https:\/\/www.europesays.com\/fr\/wp-json\/wp\/v2\/media\/313770"}],"wp:attachment":[{"href":"https:\/\/www.europesays.com\/fr\/wp-json\/wp\/v2\/media?parent=313769"}],"wp:term":[{"taxonomy":"category","embeddable":true,"href":"https:\/\/www.europesays.com\/fr\/wp-json\/wp\/v2\/categories?post=313769"},{"taxonomy":"post_tag","embeddable":true,"href":"https:\/\/www.europesays.com\/fr\/wp-json\/wp\/v2\/tags?post=313769"}],"curies":[{"name":"wp","href":"https:\/\/api.w.org\/{rel}","templated":true}]}}