{"id":313775,"date":"2025-08-12T11:12:12","date_gmt":"2025-08-12T11:12:12","guid":{"rendered":"https:\/\/www.europesays.com\/fr\/313775\/"},"modified":"2025-08-12T11:12:12","modified_gmt":"2025-08-12T11:12:12","slug":"on-sait-qui-va-prendre-la-releve-de-sylvester-stallone-dans-la-peau-de-john-rambo","status":"publish","type":"post","link":"https:\/\/www.europesays.com\/fr\/313775\/","title":{"rendered":"On sait qui va prendre la rel\u00e8ve de Sylvester Stallone dans la peau de John Rambo"},"content":{"rendered":"<p>Apr\u00e8s Rocky, Sylvester Stallone va de nouveau l\u00e9guer une de ses sagas cultes \u00e0 la nouvelle g\u00e9n\u00e9ration : Rambo. Millennium Media, le producteur des deux derniers films sur le soldat am\u00e9ricain, pr\u00e9pare un prequel sur le personnage et cherche donc un jeune acteur pour prendre la rel\u00e8ve.<\/p>\n<p>Selon <a href=\"https:\/\/deadline.com\/2025\/08\/rambo-prequel-movie-noah-centineo-1236483104\/#:~:text=Directed%20by%20Kitao%20Sakurai%2C%20the,slated%20for%20release%20in%202026.\" target=\"_blank\" rel=\"noopener\">Deadline<\/a>, le studio aurait entam\u00e9 des discussions avec Noah Centineo, vu dans Black Adam, Dream Scenario et plus r\u00e9cemment le film de guerre Warfare. L\u2019intrigue de ce nouveau volet de la franchise Rambo n\u2019est pas encore connue. On sait seulement que le film reviendra sur les origines de John Rambo pendant la guerre du Vietnam.<\/p>\n<p>Pour rappel, le personnage a \u00e9t\u00e9 cr\u00e9\u00e9 dans les pages des romans de David Morrell, et a eu droit \u00e0 cinq adaptations au cin\u00e9ma sorties entre 1982 et 2019. \u00c0 premi\u00e8re vue, Sylvester Stallone ne serait pas impliqu\u00e9 dans le projet, alors qu\u2019il avait particip\u00e9 \u00e0 l\u2019\u00e9criture de tous les films et m\u00eame r\u00e9alis\u00e9 John Rambo en 2008.<\/p>\n<p>La r\u00e9alisation du prequel est entre les mains de Jalmari Helander (Sisu : de l\u2019or et du sang), et le tournage devrait d\u00e9buter en 2026 en Tha\u00eflande.<\/p>\n","protected":false},"excerpt":{"rendered":"Apr\u00e8s Rocky, Sylvester Stallone va de nouveau l\u00e9guer une de ses sagas cultes \u00e0 la nouvelle g\u00e9n\u00e9ration :&hellip;\n","protected":false},"author":2,"featured_media":313776,"comment_status":"","ping_status":"","sticky":false,"template":"","format":"standard","meta":{"footnotes":""},"categories":[1359],"tags":[58,59,1011,27,973,1970],"class_list":{"0":"post-313775","1":"post","2":"type-post","3":"status-publish","4":"format-standard","5":"has-post-thumbnail","7":"category-people","8":"tag-divertissement","9":"tag-entertainment","10":"tag-fr","11":"tag-france","12":"tag-people","13":"tag-pop-culture"},"share_on_mastodon":{"url":"https:\/\/pubeurope.com\/@fr\/115015499476225294","error":""},"_links":{"self":[{"href":"https:\/\/www.europesays.com\/fr\/wp-json\/wp\/v2\/posts\/313775","targetHints":{"allow":["GET"]}}],"collection":[{"href":"https:\/\/www.europesays.com\/fr\/wp-json\/wp\/v2\/posts"}],"about":[{"href":"https:\/\/www.europesays.com\/fr\/wp-json\/wp\/v2\/types\/post"}],"author":[{"embeddable":true,"href":"https:\/\/www.europesays.com\/fr\/wp-json\/wp\/v2\/users\/2"}],"replies":[{"embeddable":true,"href":"https:\/\/www.europesays.com\/fr\/wp-json\/wp\/v2\/comments?post=313775"}],"version-history":[{"count":0,"href":"https:\/\/www.europesays.com\/fr\/wp-json\/wp\/v2\/posts\/313775\/revisions"}],"wp:featuredmedia":[{"embeddable":true,"href":"https:\/\/www.europesays.com\/fr\/wp-json\/wp\/v2\/media\/313776"}],"wp:attachment":[{"href":"https:\/\/www.europesays.com\/fr\/wp-json\/wp\/v2\/media?parent=313775"}],"wp:term":[{"taxonomy":"category","embeddable":true,"href":"https:\/\/www.europesays.com\/fr\/wp-json\/wp\/v2\/categories?post=313775"},{"taxonomy":"post_tag","embeddable":true,"href":"https:\/\/www.europesays.com\/fr\/wp-json\/wp\/v2\/tags?post=313775"}],"curies":[{"name":"wp","href":"https:\/\/api.w.org\/{rel}","templated":true}]}}