{"id":313777,"date":"2025-08-12T11:13:20","date_gmt":"2025-08-12T11:13:20","guid":{"rendered":"https:\/\/www.europesays.com\/fr\/313777\/"},"modified":"2025-08-12T11:13:20","modified_gmt":"2025-08-12T11:13:20","slug":"gersi-reis-expose-ses-droles-de-femmes-au-centre-culturel-pagaret","status":"publish","type":"post","link":"https:\/\/www.europesays.com\/fr\/313777\/","title":{"rendered":"Gersi Reis expose ses dr\u00f4les de femmes au centre culturel Pagaret"},"content":{"rendered":"<p>Exposition apr\u00e8s exposition, l\u2019artiste Gersi Re\u00efs s\u2019est impos\u00e9e au fil des ans dans l\u2019univers pictural guyanais. Sa signature : une d\u00e9clinaison de portraits de femmes, tous plus intrigants les uns que les autres. \u00ab Elementos \u00bb est \u00e0 d\u00e9couvrir du 11 au 29 ao\u00fbt au centre Pagaret \u00e0 R\u00e9mire-Montjoly.<\/p>\n<p>\u00ab Je ne dessine jamais au crayon, je peins directement sur la toile. Les personnages m\u2019apparaissent et je les fixe sur la toile \u00bb dit avec son accent br\u00e9silien l&rsquo;artiste Gersi Reis. <br \/>Le style de cette artiste originaire de Bel\u00e9m est reconnaissable entre tous. Ses toiles repr\u00e9sentent des visages f\u00e9minins tordus, flamboyants, arborant des couleurs tr\u00e8s vives et des chevelures toujours \u00e9paisses et fris\u00e9es et des bouches sensuelles. <br \/>Sous cette apparente distorsion, l\u2019harmonie se d\u00e9couvre et s\u00e9duit.<\/p>\n<p>                                    <img class=\"a-article__image lazy libre\" width=\"800\" height=\"450\" data-src=\"https:\/\/www.europesays.com\/fr\/wp-content\/uploads\/2025\/08\/whatsapp-image-2025-08-11-at-15-25-01-689a3596a3505689986088.jpg\" style=\"--img-placeholder: url('\/assets\/img\/placeholders\/article-800-450.svg');\" alt=\"Caline et Olivia de Gersi Reis\" aria-hidden=\"true\"\/><\/p>\n<p>                Caline et Olivia de Gersi Reis<br \/>\n                     \u2022<br \/>\n                            \u00a9Catherine Lama<\/p>\n<p>Le style n\u2019est pas figuratif, ni abstrait. Construit, d\u00e9construit, on ne sait pas\u2026 Chaque visiteur face \u00e0 ces toiles y voit, peut-\u00eatre, des fragments de sa propre vie.<br \/>Gersi Reis affirme ne pas r\u00e9fl\u00e9chir, elle peint instinctivement\u00a0selon ce qui lui vient \u00e0 l\u2019esprit.<br \/>Parmi les \u0153uvres expos\u00e9es quelques portraits d&rsquo;hommes tel ce Tumuc :<\/p>\n<p>                                    <img class=\"a-article__image lazy libre\" width=\"800\" height=\"450\" data-src=\"https:\/\/www.europesays.com\/fr\/wp-content\/uploads\/2025\/08\/whatsapp-image-2025-08-11-at-12-55-53-1-689a34957fd3d775773390.jpg\" style=\"--img-placeholder: url('\/assets\/img\/placeholders\/article-800-450.svg');\" alt=\"Un des rares portraits d'homme &quot;Tumuc&quot; de Gersi Reis\" aria-hidden=\"true\"\/><\/p>\n<p>                Un des rares portraits d&rsquo;homme \u00ab\u00a0Tumuc\u00a0\u00bb de Gersi Reis<br \/>\n                     \u2022<br \/>\n                            \u00a9Catherine Lama<\/p>\n<p>\u00ab\u00a0Les femmes m\u2019inspirent. Peut-\u00eatre \u00e0 cause de leur c\u00f4t\u00e9 maternel. Je peux peindre \u00e0 n\u2019importe quel moment et souvent la nuit. Par exemple, le voyage \u00e0 Bel\u00e9m en bateau est une grande source d\u2019inspiration. Je fais cela r\u00e9guli\u00e8rement. La nature, l\u2019eau, les arbres, les oiseaux tout est enrichissant. Je rencontre des gens et tout cela nourrit mon imaginaire\u00a0\u00bb<\/p>\n<p>Gersi Reis se consacre essentiellement \u00e0 la peinture. Elle cr\u00e9e sur des toiles, des v\u00eatements participe \u00e0 des expositions collectives et \u00e0 des ateliers d&rsquo;art.<br \/>\u00ab Elementos \u00bb sorte d&rsquo;ode aux femmes d&rsquo;Amazonie est \u00e0 visiter jusqu&rsquo;au 29 ao\u00fbt au centre culturel Pagaret de R\u00e9mire-Montjoly.<\/p>\n<p>                                    <img class=\"a-article__image lazy libre\" width=\"800\" height=\"450\" data-src=\"https:\/\/www.europesays.com\/fr\/wp-content\/uploads\/2025\/08\/whatsapp-image-2025-08-11-at-12-55-53-2-689a34dcc1d97495444955.jpg\" style=\"--img-placeholder: url('\/assets\/img\/placeholders\/article-800-450.svg');\" alt=\"Portraits de l'exposition &quot;Elementos&quot; de Gersi Reis\" aria-hidden=\"true\"\/><\/p>\n<p>                Portraits de l&rsquo;exposition \u00ab\u00a0Elementos\u00a0\u00bb de Gersi Reis<br \/>\n                     \u2022<br \/>\n                            \u00a9Catherine Lama<\/p>\n<p><b>\u00a0A LIRE AUSSI \u23e9 <a href=\"https:\/\/la1ere.franceinfo.fr\/guyane\/centre-littoral\/cayenne\/l-artiste-peintre-gersi-reis-expose-au-muzeduninport-koi-1073164.html\" target=\"_blank\" rel=\"noopener nofollow\">L&rsquo;artiste peintre Gersi Reis expose au Muz\u00e9duninport&rsquo;koi<\/a><\/b><\/p>\n","protected":false},"excerpt":{"rendered":"Exposition apr\u00e8s exposition, l\u2019artiste Gersi Re\u00efs s\u2019est impos\u00e9e au fil des ans dans l\u2019univers pictural guyanais. Sa signature&hellip;\n","protected":false},"author":2,"featured_media":313778,"comment_status":"","ping_status":"","sticky":false,"template":"","format":"standard","meta":{"footnotes":""},"categories":[1358],"tags":[1348,1384,1385,1386,58,59,1011,27],"class_list":{"0":"post-313777","1":"post","2":"type-post","3":"status-publish","4":"format-standard","5":"has-post-thumbnail","7":"category-arts-et-design","8":"tag-arts","9":"tag-arts-and-design","10":"tag-arts-et-design","11":"tag-design","12":"tag-divertissement","13":"tag-entertainment","14":"tag-fr","15":"tag-france"},"share_on_mastodon":{"url":"https:\/\/pubeurope.com\/@fr\/115015503283078187","error":""},"_links":{"self":[{"href":"https:\/\/www.europesays.com\/fr\/wp-json\/wp\/v2\/posts\/313777","targetHints":{"allow":["GET"]}}],"collection":[{"href":"https:\/\/www.europesays.com\/fr\/wp-json\/wp\/v2\/posts"}],"about":[{"href":"https:\/\/www.europesays.com\/fr\/wp-json\/wp\/v2\/types\/post"}],"author":[{"embeddable":true,"href":"https:\/\/www.europesays.com\/fr\/wp-json\/wp\/v2\/users\/2"}],"replies":[{"embeddable":true,"href":"https:\/\/www.europesays.com\/fr\/wp-json\/wp\/v2\/comments?post=313777"}],"version-history":[{"count":0,"href":"https:\/\/www.europesays.com\/fr\/wp-json\/wp\/v2\/posts\/313777\/revisions"}],"wp:featuredmedia":[{"embeddable":true,"href":"https:\/\/www.europesays.com\/fr\/wp-json\/wp\/v2\/media\/313778"}],"wp:attachment":[{"href":"https:\/\/www.europesays.com\/fr\/wp-json\/wp\/v2\/media?parent=313777"}],"wp:term":[{"taxonomy":"category","embeddable":true,"href":"https:\/\/www.europesays.com\/fr\/wp-json\/wp\/v2\/categories?post=313777"},{"taxonomy":"post_tag","embeddable":true,"href":"https:\/\/www.europesays.com\/fr\/wp-json\/wp\/v2\/tags?post=313777"}],"curies":[{"name":"wp","href":"https:\/\/api.w.org\/{rel}","templated":true}]}}