{"id":313788,"date":"2025-08-12T11:20:15","date_gmt":"2025-08-12T11:20:15","guid":{"rendered":"https:\/\/www.europesays.com\/fr\/313788\/"},"modified":"2025-08-12T11:20:15","modified_gmt":"2025-08-12T11:20:15","slug":"johnny-hallyday-laura-smet-souffre-encore-de-la-guerre-familiale-ses-confidences-poignantes","status":"publish","type":"post","link":"https:\/\/www.europesays.com\/fr\/313788\/","title":{"rendered":"Johnny Hallyday : Laura Smet souffre encore de la guerre familiale, ses confidences poignantes"},"content":{"rendered":"<p>C\u2019est \u00e0 partir du 1er septembre que les t\u00e9l\u00e9spectateurs pourront<br \/>\nretrouver <a href=\"https:\/\/www.closermag.fr\/people\/laura-smet-la-bataille-pour-lheritage-de-johnny-a-laisse-beaucoup-de-traces-3569622\" rel=\"noopener\" target=\"_blank\">Laura Smet<\/a> et <a href=\"https:\/\/www.closermag.fr\/people\/tomer-et-sandra-sisley-leur-propriete-deure-et-loir-visitee-ce-que-revele-la-video-surveillance-est-glacant-3496977\" target=\"_blank\" rel=\"noopener\"><br \/>\nTomer Sisley<\/a> dans la s\u00e9rie Surface, qui sera diffus\u00e9e sur<br \/>\nFrance 2. Cette adaptation du roman d\u2019Olivier Norek raconte<br \/>\nl\u2019histoire de No\u00e9mie, capitaine de police qui va se retrouver<br \/>\nplong\u00e9e dans un cold case. Plong\u00e9e dans tous les sens du terme,<br \/>\npuisqu\u2019une partie de la s\u00e9rie se d\u00e9roule sous l\u2019eau.<br \/>\n<strong>L\u2019occasion pour Laura Smet de revenir sur son ressenti \u00e0<br \/>\nl\u2019id\u00e9e de tourner sous l\u2019eau<\/strong>, et sur les bienfaits<br \/>\ninattendus que cela lui a procur\u00e9.<\/p>\n<p>L\u2019actrice s\u2019est confi\u00e9e aupr\u00e8s du <a href=\"https:\/\/soirmag.lesoir.be\/\" rel=\"nofollow noopener\" target=\"_blank\">SoirMag<\/a> pour parler<br \/>\nde ses appr\u00e9hensions mais aussi de son personnage et des points<br \/>\ncommuns qu\u2019elle peut avoir avec elle. En effet la fille de <a href=\"https:\/\/www.closermag.fr\/people\/nathalie-baye-hospitalisee-lactrice-touchee-par-un-probleme-de-sante-elle-prend-une-decision-difficile-3562064\" target=\"_blank\" rel=\"noopener\"><br \/>\nNathalie Baye<\/a> et de <a href=\"https:\/\/www.closermag.fr\/people\/laura-smet-un-animal-blesse-ce-tacle-a-peine-dissimule-a-laeticia-hallyday-3569581\" target=\"_blank\" rel=\"noopener\"><br \/>\nJohnny Hallyday<\/a> a eu <strong>une histoire familiale compliqu\u00e9e<br \/>\nqui a laiss\u00e9 des traces<\/strong>. Mais, comme son personnage, elle<br \/>\na su s\u2019en lib\u00e9rer. \u00ab\u00a0Il y a l\u2019id\u00e9e de se relever, d\u2019avoir v\u00e9cu<br \/>\ndes choses pas forc\u00e9ment faciles et de ne jamais baisser les<br \/>\nbras\u00a0\u00bb explique Laura Smet en parlant des choses qui lui<br \/>\nressemblent dans son personnage.<\/p>\n<p>Laura Smet d\u00e9voile ses rem\u00e8des anti-angoisse<\/p>\n<p>\u00ab\u00a0Il y a ce c\u00f4t\u00e9 animal bless\u00e9, assez instinctif. (\u2026) Et puis<br \/>\nil y a le regard des gens sur elle, un peu agressif. <strong>Avec<br \/>\ntout ce que j\u2019ai v\u00e9cu, je ressens aussi parfois ce regard assez<br \/>\ninsistant<\/strong>. No\u00e9mie, elle ose enlever son masque\u00a0\u00bb<br \/>\nsouligne la <a href=\"https:\/\/www.closermag.fr\/people\/laura-smet-celebre-12-ans-damour-avec-raphael-lancrey-javal-avec-un-rarissime-et-tendre-cliche-de-leur-couple-3564152\" target=\"_blank\" rel=\"noopener\"><br \/>\ncom\u00e9dienne<\/a>. Un masque que Laura Smet a d\u2019ailleurs elle-m\u00eame<br \/>\nr\u00e9ussi \u00e0 enlever il y a quelques ann\u00e9es.<\/p>\n<p>\u00ab\u00a0Depuis que je suis maman en fait\u2026 Je pense que lorsqu\u2019on<br \/>\ndevient maman, on n\u2019a pas le choix. On s\u2019aper\u00e7oit que les priorit\u00e9s<br \/>\nsont ailleurs\u00a0\u00bb confie la m\u00e8re du petit L\u00e9o. Aujourd\u2019hui plus<br \/>\napais\u00e9e, <strong>Laura Smet a trouv\u00e9 des moyens de g\u00e9rer ses<br \/>\nangoisses.<\/strong> Et elle a d\u00e9couvert qu\u2019\u00eatre sous l\u2019eau lui<br \/>\nfaisait un bien fou malgr\u00e9 quelques appr\u00e9hensions. \u00ab\u00a0Sous l\u2019eau,<br \/>\nil se passe un truc assez agr\u00e9able. Je fais beaucoup de m\u00e9ditation,<br \/>\nbeaucoup de yoga, des choses pour me sentir bien parce que je suis<br \/>\nun peu angoiss\u00e9e de nature. Et j\u2019ai ressenti la m\u00eame sensation<br \/>\napr\u00e8s la plong\u00e9e\u00a0\u00bb explique-t-elle au SoirMag.<\/p>\n<p>L\u2019actrice a beaucoup appr\u00e9ci\u00e9 le<br \/>\ntournage de la s\u00e9rie<\/p>\n<p>Et de pr\u00e9ciser : \u00ab\u00a0Une fois qu\u2019on est sous l\u2019eau, qu\u2019on voit<br \/>\nqu\u2019il y a toujours quelqu\u2019un qui te regarde, des sauveteurs<br \/>\npartout, les choses se font naturellement. <strong>Ces plong\u00e9es,<br \/>\nc\u2019est juste l\u00e2cher prise, savoir faire confiance.<\/strong> J\u2019ai<br \/>\nador\u00e9 l\u2019exp\u00e9rience parce que je n\u2019arrive jamais \u00e0 \u00eatre dans le<br \/>\nmoment pr\u00e9sent. L\u00e0, quand tu es sous l\u2019eau, tu ne peux \u00eatre que<br \/>\ndans le pr\u00e9sent, parce que si tu veux une connerie ou si tu penses<br \/>\n\u00e0 un autre truc, pass\u00e9 ou futur, tu ne penses plus \u00e0 ta respiration<br \/>\net c\u2019est la cata\u00a0\u00bb. Une nouvelle exp\u00e9rience pleine de bonnes<br \/>\nsurprises donc, dont le r\u00e9sultat sera \u00e0 retrouver sur France 2 en<br \/>\nseptembre prochain.<\/p>\n","protected":false},"excerpt":{"rendered":"C\u2019est \u00e0 partir du 1er septembre que les t\u00e9l\u00e9spectateurs pourront retrouver Laura Smet et Tomer Sisley dans la&hellip;\n","protected":false},"author":2,"featured_media":313789,"comment_status":"","ping_status":"","sticky":false,"template":"","format":"standard","meta":{"footnotes":""},"categories":[8],"tags":[548,58,59,1011,27,1304,15910],"class_list":{"0":"post-313788","1":"post","2":"type-post","3":"status-publish","4":"format-standard","5":"has-post-thumbnail","7":"category-divertissement","8":"tag-article-simple","9":"tag-divertissement","10":"tag-entertainment","11":"tag-fr","12":"tag-france","13":"tag-johnny-hallyday","14":"tag-laura-smet"},"share_on_mastodon":{"url":"https:\/\/pubeurope.com\/@fr\/115015531124061204","error":""},"_links":{"self":[{"href":"https:\/\/www.europesays.com\/fr\/wp-json\/wp\/v2\/posts\/313788","targetHints":{"allow":["GET"]}}],"collection":[{"href":"https:\/\/www.europesays.com\/fr\/wp-json\/wp\/v2\/posts"}],"about":[{"href":"https:\/\/www.europesays.com\/fr\/wp-json\/wp\/v2\/types\/post"}],"author":[{"embeddable":true,"href":"https:\/\/www.europesays.com\/fr\/wp-json\/wp\/v2\/users\/2"}],"replies":[{"embeddable":true,"href":"https:\/\/www.europesays.com\/fr\/wp-json\/wp\/v2\/comments?post=313788"}],"version-history":[{"count":0,"href":"https:\/\/www.europesays.com\/fr\/wp-json\/wp\/v2\/posts\/313788\/revisions"}],"wp:featuredmedia":[{"embeddable":true,"href":"https:\/\/www.europesays.com\/fr\/wp-json\/wp\/v2\/media\/313789"}],"wp:attachment":[{"href":"https:\/\/www.europesays.com\/fr\/wp-json\/wp\/v2\/media?parent=313788"}],"wp:term":[{"taxonomy":"category","embeddable":true,"href":"https:\/\/www.europesays.com\/fr\/wp-json\/wp\/v2\/categories?post=313788"},{"taxonomy":"post_tag","embeddable":true,"href":"https:\/\/www.europesays.com\/fr\/wp-json\/wp\/v2\/tags?post=313788"}],"curies":[{"name":"wp","href":"https:\/\/api.w.org\/{rel}","templated":true}]}}