{"id":313811,"date":"2025-08-12T11:36:09","date_gmt":"2025-08-12T11:36:09","guid":{"rendered":"https:\/\/www.europesays.com\/fr\/313811\/"},"modified":"2025-08-12T11:36:09","modified_gmt":"2025-08-12T11:36:09","slug":"des-passants-de-la-place-du-vieux-marche-terrorises","status":"publish","type":"post","link":"https:\/\/www.europesays.com\/fr\/313811\/","title":{"rendered":"des passants de la place du Vieux March\u00e9 terroris\u00e9s"},"content":{"rendered":"<p>            Par<br \/>\n        <strong><br \/>\n            <a href=\"https:\/\/actu.fr\/auteur\/julien-bouteiller\" title=\"Consulter tous les articles de Julien Bouteiller\" rel=\"nofollow noopener\" target=\"_blank\">Julien Bouteiller<\/a><br \/>\n        <\/strong><\/p>\n<p>        Publi\u00e9 le<\/p>\n<p>            12 ao\u00fbt 2025 \u00e0 13h04        <\/p>\n<p>Se balader dans les rues de <a href=\"https:\/\/actu.fr\/normandie\/rouen_76540\" rel=\"nofollow noopener\" target=\"_blank\">Rouen<\/a> va faire de plus en plus peur\u2026 Dans la nuit du lundi 11 au mardi 12 ao\u00fbt 2025, un homme a \u00e9t\u00e9 interpell\u00e9 en plein centre-ville <strong>apr\u00e8s avoir terroris\u00e9 les passants en brandissant une arme<\/strong>, apprend-on de source polici\u00e8re.\u00a0<\/p>\n<p>Il terrorise les passants place du Vieux March\u00e9<\/p>\n<p class=\" wall-content\">Vers 2h15, la police est appel\u00e9e pour \u00ab\u00a0un individu mena\u00e7ant les passants<strong> place du Vieux March\u00e9<\/strong>, muni d\u2019une arme de poing\u00a0\u00bb.\u00a0<\/p>\n<p class=\" wall-content\">Sur place, les policiers rep\u00e8rent un homme correspondant \u00e0 la description et il est \u00e9galement d\u00e9sign\u00e9 par des t\u00e9moins comme \u00e9tant le suspect. \u00ab\u00a0Il les a vraiment menac\u00e9s, ont-ils indiqu\u00e9s aux forces de l\u2019ordre. Deux jeunes filles l\u2019ont vu aussi et ont pris la fuite.\u00a0\u00bb<\/p>\n<p class=\" wall-content\">\u00ab\u00a0Les policiers lui demandent de mettre ses mains en \u00e9vidence et lors du menottage, une grosseur est constat\u00e9e dans son pantalon\u00a0\u00bb, poursuit notre source. Il s\u2019agit en fait <strong>d\u2019une arme factice<\/strong>, \u00ab\u00a0une r\u00e9plique de 9mm semi-automatique en plastique\u00a0\u00bb.\u00a0<\/p>\n<p class=\" wall-content\">L\u2019homme de 20 ans est donc interpell\u00e9 et plac\u00e9 en garde \u00e0 vue.<\/p>\n<p class=\" wall-content\">Samedi dernier, c\u2019est un homme <a href=\"https:\/\/actu.fr\/normandie\/rouen_76540\/a-rouen-il-terrorise-les-passagers-du-bus-avec-son-arme-artisanale_63021579.html\" rel=\"nofollow noopener\" target=\"_blank\">arborant une lance \u00ab\u00a0artisanale\u00a0\u00bb<\/a> qui terrorisait les passagers d\u2019un bus \u00e0 Rouen. Tandis que, la semaine derni\u00e8re, c\u2019est <a href=\"https:\/\/actu.fr\/normandie\/malaunay_76402\/a-seulement-15-ans-il-se-promene-avec-un-9mm-en-pleine-rue-a-malaunay_62994620.html\" rel=\"nofollow noopener\" target=\"_blank\">un ado en possession d\u2019un pistolet<\/a> qui \u00e9tait interpell\u00e9 \u00e0 Malaunay.<\/p>\n<p>Suivez l\u2019actualit\u00e9 de Rouen <a href=\"https:\/\/www.whatsapp.com\/channel\/0029VaKfnf99hXF2ddApFB1D\" rel=\"nofollow noopener\" target=\"_blank\">sur notre cha\u00eene WhatsApp<\/a> et <a href=\"https:\/\/www.tiktok.com\/@76actu.fr?lang=fr\" rel=\"nofollow noopener\" target=\"_blank\">sur notre compte TikTok<\/a><\/p>\n<p class=\" wall-content\">Suivez toute l\u2019actualit\u00e9 de vos villes et m\u00e9dias favoris en vous inscrivant \u00e0 <a href=\"https:\/\/moncompte.actu.fr\" title=\"D\u00e9couvez Mon Actu\" rel=\"nofollow noopener\" data-trk=\"{&quot;cta&quot;:{&quot;action&quot;:&quot;https:\\\/\\\/moncompte.actu.fr&quot;,&quot;category&quot;:&quot;mon compte&quot;,&quot;from&quot;:&quot;article footer&quot;,&quot;name&quot;:&quot;Mon actu&quot;,&quot;type&quot;:&quot;cta&quot;}}\" target=\"_blank\">Mon Actu<\/a>.<\/p>\n<p>                    <script async src=\"\/\/www.tiktok.com\/embed.js\"><\/script><\/p>\n","protected":false},"excerpt":{"rendered":"Par Julien Bouteiller Publi\u00e9 le 12 ao\u00fbt 2025 \u00e0 13h04 Se balader dans les rues de Rouen va&hellip;\n","protected":false},"author":2,"featured_media":313812,"comment_status":"","ping_status":"","sticky":false,"template":"","format":"standard","meta":{"footnotes":""},"categories":[9587],"tags":[1111,11,1777,674,118,1011,27,12,5161,1072,25,9590],"class_list":{"0":"post-313811","1":"post","2":"type-post","3":"status-publish","4":"format-standard","5":"has-post-thumbnail","7":"category-rouen","8":"tag-actu","9":"tag-actualites","10":"tag-eu","11":"tag-europe","12":"tag-faits-divers","13":"tag-fr","14":"tag-france","15":"tag-news","16":"tag-normandie","17":"tag-police","18":"tag-republique-francaise","19":"tag-rouen"},"share_on_mastodon":{"url":"https:\/\/pubeurope.com\/@fr\/115015593844936169","error":""},"_links":{"self":[{"href":"https:\/\/www.europesays.com\/fr\/wp-json\/wp\/v2\/posts\/313811","targetHints":{"allow":["GET"]}}],"collection":[{"href":"https:\/\/www.europesays.com\/fr\/wp-json\/wp\/v2\/posts"}],"about":[{"href":"https:\/\/www.europesays.com\/fr\/wp-json\/wp\/v2\/types\/post"}],"author":[{"embeddable":true,"href":"https:\/\/www.europesays.com\/fr\/wp-json\/wp\/v2\/users\/2"}],"replies":[{"embeddable":true,"href":"https:\/\/www.europesays.com\/fr\/wp-json\/wp\/v2\/comments?post=313811"}],"version-history":[{"count":0,"href":"https:\/\/www.europesays.com\/fr\/wp-json\/wp\/v2\/posts\/313811\/revisions"}],"wp:featuredmedia":[{"embeddable":true,"href":"https:\/\/www.europesays.com\/fr\/wp-json\/wp\/v2\/media\/313812"}],"wp:attachment":[{"href":"https:\/\/www.europesays.com\/fr\/wp-json\/wp\/v2\/media?parent=313811"}],"wp:term":[{"taxonomy":"category","embeddable":true,"href":"https:\/\/www.europesays.com\/fr\/wp-json\/wp\/v2\/categories?post=313811"},{"taxonomy":"post_tag","embeddable":true,"href":"https:\/\/www.europesays.com\/fr\/wp-json\/wp\/v2\/tags?post=313811"}],"curies":[{"name":"wp","href":"https:\/\/api.w.org\/{rel}","templated":true}]}}