{"id":313815,"date":"2025-08-12T11:38:13","date_gmt":"2025-08-12T11:38:13","guid":{"rendered":"https:\/\/www.europesays.com\/fr\/313815\/"},"modified":"2025-08-12T11:38:13","modified_gmt":"2025-08-12T11:38:13","slug":"demoustication-a-eybens-apres-un-cas-autochtone-de-chikungunya","status":"publish","type":"post","link":"https:\/\/www.europesays.com\/fr\/313815\/","title":{"rendered":"D\u00e9moustication \u00e0 Eybens apr\u00e8s un cas autochtone de chikungunya"},"content":{"rendered":"<p>Le chi\u00adkun\u00adgu\u00adnya gagne-t-il du ter\u00adrain sur la M\u00e9tropole de Grenoble\u00a0? Apr\u00e8s des cas autoch\u00adtones signa\u00adl\u00e9s <a href=\"https:\/\/www.placegrenet.fr\/2025\/07\/23\/claix-nouvelle-operation-de-demoustication-apres-un-deuxieme-cas-autochtone-de-chikungunya\/656623\" target=\"_blank\" rel=\"noopener nofollow\">sur la com\u00admune de Claix<\/a> au mois de juillet 2025, c\u2019est \u00e0 Eybens que la muni\u00adci\u00adpa\u00adlit\u00e9 annonce qu\u2019un nou\u00adveau cas a \u00e9t\u00e9 d\u00e9tect\u00e9, dans <a href=\"https:\/\/www.eybens.fr\/actualite\/977\/3-un-cas-de-chikungunya-detecte-a-eybens.htm\" target=\"_blank\" rel=\"noopener nofollow\">un com\u00admu\u00adni\u00adqu\u00e9<\/a> en date du 8 ao\u00fbt. Pour rap\u00adpel, un cas dit \u00ab\u00a0autoch\u00adtone\u00a0\u00bb signi\u00adfie que la per\u00adsonne a contract\u00e9 la mala\u00addie tro\u00adpi\u00adcale sans avoir voyag\u00e9 dans un pays ou une r\u00e9gion o\u00f9 celle-ci est implant\u00e9e.<\/p>\n<p>La Ville d\u2019Eybens indique qu\u2019une op\u00e9\u00adra\u00adtion de d\u00e9mous\u00adti\u00adca\u00adtion est pro\u00adgram\u00adm\u00e9e par l\u2019Agence r\u00e9gio\u00adnale de sant\u00e9 (ARS) Auvergne-Rh\u00f4ne-Alpes dans la nuit du mardi 12 au mer\u00adcredi 13 ao\u00fbt. Men\u00e9e par l\u2019Eirad (Entente inter\u00add\u00e9\u00adpar\u00adte\u00admen\u00adtale Rh\u00f4ne-Alpes de d\u00e9mous\u00adti\u00adca\u00adtion), celle-ci doit se d\u00e9rou\u00adler autour de la sta\u00adtion Esso sur l\u2019a\u00adve\u00adnue Jean-Jaur\u00e8s, \u00e0 proxi\u00admit\u00e9 du cas identifi\u00e9.<\/p>\n<p><a href=\"https:\/\/www.europesays.com\/fr\/wp-content\/uploads\/2025\/08\/MoustiqueTigreDR.jpg\" target=\"_blank\" rel=\"noopener\"><img fetchpriority=\"high\" decoding=\"async\" aria-describedby=\"caption-attachment-5385\" class=\"wp-image-5385 size-full\" src=\"data:image\/svg+xml,%3Csvg%20xmlns=\" http:=\"\" alt=\"Le chikungunya est transmis par la piq\u00fbre d'un moustique tigre infect\u00e9. La Ville d'Eybens appelle \u00e0 lutter contre la prolif\u00e9ration de l'insecte. DR\" width=\"600\" height=\"407\" data-lazy- data-lazy- data-lazy-src=\"https:\/\/www.europesays.com\/fr\/wp-content\/uploads\/2025\/08\/MoustiqueTigreDR.jpg\"\/><\/a><\/p>\n<p id=\"caption-attachment-5385\" class=\"wp-caption-text\">Le chi\u00adkun\u00adgu\u00adnya est trans\u00admis par la piq\u00fbre d\u2019un mous\u00adtique tigre infect\u00e9. La Ville d\u2019Eybens appelle donc \u00e0 lut\u00adter contre la pro\u00adli\u00adf\u00e9\u00adra\u00adtion de l\u2019in\u00adsecte. DR<\/p>\n<p>Le chi\u00adkun\u00adgu\u00adnya se trans\u00admet par piq\u00fbre du mous\u00adtique tigre et se mani\u00adfeste par des atteintes arti\u00adcu\u00adlaires qui peuvent s\u2019a\u00adv\u00e9\u00adrer tr\u00e8s inva\u00adli\u00addantes. \u00ab\u00a0Celles-ci concernent prin\u00adci\u00adpa\u00adle\u00adment les poi\u00adgnets, les doigts, les che\u00advilles, les pieds, les genoux et, plus rare\u00adment, les hanches ou les \u00e9paules\u00a0\u00bb, note <a href=\"https:\/\/www.pasteur.fr\/fr\/centre-medical\/fiches-maladies\/chikungunya\" target=\"_blank\" rel=\"noopener nofollow\">l\u2019Institut Pasteur<\/a>. Des maux de t\u00eate, de la fi\u00e8vre, de fortes dou\u00adleurs mus\u00adcu\u00adlaires ou encore des \u00e9rup\u00adtions cuta\u00adn\u00e9es sont \u00e9ga\u00adle\u00adment tr\u00e8s fr\u00e9quentes.<\/p>\n<p>Si la mala\u00addie est rare\u00adment mor\u00adtelle, elle peut tou\u00adte\u00adfois entra\u00ee\u00adner des formes neu\u00adro\u00adlo\u00adgiques graves, \u00ab\u00a0notam\u00adment des m\u00e9ningo-enc\u00e9\u00adpha\u00adlites et des atteintes des nerfs p\u00e9ri\u00adph\u00e9\u00adriques\u00a0\u00bb, en par\u00adti\u00adcu\u00adlier chez les per\u00adsonnes \u00e2g\u00e9es ou au sys\u00adt\u00e8me immu\u00adni\u00adtaire fra\u00adgile. Dans tous les cas, les per\u00adsonnes pr\u00e9\u00adsen\u00adtant des symp\u00adt\u00f4mes \u00e9vo\u00adquant le chi\u00adkun\u00adgu\u00adnya sont invi\u00adt\u00e9es \u00e0 rapi\u00adde\u00adment consul\u00adter un pro\u00adfes\u00adsion\u00adnel de\u00a0sant\u00e9.<\/p>\n<p>La Ville d\u2019Eybens appelle en outre ses habi\u00adtants \u00e0 lut\u00adter contre la pro\u00adli\u00adf\u00e9\u00adra\u00adtion du mous\u00adtique tigre, en rap\u00adpe\u00adlant les pr\u00e9\u00adcau\u00adtions d\u2019u\u00adsage. En l\u2019oc\u00adcur\u00adrence, faire en sorte d\u2019\u00e9\u00advi\u00adter tout point d\u2019eau stag\u00adnante, depuis les cou\u00adpelles et gamelles pour les ani\u00admaux aux usten\u00adsiles de jar\u00addin, en pas\u00adsant par les arro\u00adsoirs ou les cen\u00addriers et tout autre r\u00e9ci\u00adpient poten\u00adtiel o\u00f9 une femelle pour\u00adrait venir d\u00e9po\u00adser ses\u00a0\u0153ufs.<\/p>\n","protected":false},"excerpt":{"rendered":"Le chi\u00adkun\u00adgu\u00adnya gagne-t-il du ter\u00adrain sur la M\u00e9tropole de Grenoble\u00a0? Apr\u00e8s des cas autoch\u00adtones signa\u00adl\u00e9s sur la com\u00admune&hellip;\n","protected":false},"author":2,"featured_media":313816,"comment_status":"","ping_status":"","sticky":false,"template":"","format":"standard","meta":{"footnotes":""},"categories":[9566],"tags":[1111,11,2430,1777,674,1011,27,2731,12,25],"class_list":{"0":"post-313815","1":"post","2":"type-post","3":"status-publish","4":"format-standard","5":"has-post-thumbnail","7":"category-grenoble","8":"tag-actu","9":"tag-actualites","10":"tag-auvergne-rhone-alpes","11":"tag-eu","12":"tag-europe","13":"tag-fr","14":"tag-france","15":"tag-grenoble","16":"tag-news","17":"tag-republique-francaise"},"share_on_mastodon":{"url":"https:\/\/pubeurope.com\/@fr\/115015601688482701","error":""},"_links":{"self":[{"href":"https:\/\/www.europesays.com\/fr\/wp-json\/wp\/v2\/posts\/313815","targetHints":{"allow":["GET"]}}],"collection":[{"href":"https:\/\/www.europesays.com\/fr\/wp-json\/wp\/v2\/posts"}],"about":[{"href":"https:\/\/www.europesays.com\/fr\/wp-json\/wp\/v2\/types\/post"}],"author":[{"embeddable":true,"href":"https:\/\/www.europesays.com\/fr\/wp-json\/wp\/v2\/users\/2"}],"replies":[{"embeddable":true,"href":"https:\/\/www.europesays.com\/fr\/wp-json\/wp\/v2\/comments?post=313815"}],"version-history":[{"count":0,"href":"https:\/\/www.europesays.com\/fr\/wp-json\/wp\/v2\/posts\/313815\/revisions"}],"wp:featuredmedia":[{"embeddable":true,"href":"https:\/\/www.europesays.com\/fr\/wp-json\/wp\/v2\/media\/313816"}],"wp:attachment":[{"href":"https:\/\/www.europesays.com\/fr\/wp-json\/wp\/v2\/media?parent=313815"}],"wp:term":[{"taxonomy":"category","embeddable":true,"href":"https:\/\/www.europesays.com\/fr\/wp-json\/wp\/v2\/categories?post=313815"},{"taxonomy":"post_tag","embeddable":true,"href":"https:\/\/www.europesays.com\/fr\/wp-json\/wp\/v2\/tags?post=313815"}],"curies":[{"name":"wp","href":"https:\/\/api.w.org\/{rel}","templated":true}]}}