{"id":313817,"date":"2025-08-12T11:39:11","date_gmt":"2025-08-12T11:39:11","guid":{"rendered":"https:\/\/www.europesays.com\/fr\/313817\/"},"modified":"2025-08-12T11:39:11","modified_gmt":"2025-08-12T11:39:11","slug":"jespere-quil-vit-au-milieu-de-la-population-quil-aime-tant","status":"publish","type":"post","link":"https:\/\/www.europesays.com\/fr\/313817\/","title":{"rendered":"J&rsquo;esp\u00e8re qu&rsquo;il vit au milieu de la population qu&rsquo;il aime tant"},"content":{"rendered":"<p>Grenoble : \u00ab\u00a0J&rsquo;esp\u00e8re qu&rsquo;il vit au milieu de la population qu&rsquo;il aime tant\u00a0\u00bbSur le m\u00eame sujet<a href=\"https:\/\/rmc.bfmtv.com\/actualites\/politique\/video-grenoble-j-espere-qu-il-vit-au-milieu-de-la-population-qu-il-aime-tant_VN-202508120319.html\" title=\"Grenoble : &quot;J&#039;esp\u00e8re qu&#039;il vit au milieu de la population qu&#039;il aime tant&quot;\" rel=\"nofollow noopener\" target=\"_blank\"><img width=\"16\" height=\"9\" class=\"lozad\"  alt=\"Grenoble : &quot;J'esp\u00e8re qu'il vit au milieu de la population qu'il aime tant&quot;\"\/>en lectureGrenoble : \u00ab\u00a0J&rsquo;esp\u00e8re qu&rsquo;il vit au milieu de la population qu&rsquo;il aime tant\u00a0\u00bb<\/a><a href=\"https:\/\/rmc.bfmtv.com\/actualites\/politique\/video-ryanair-ferme-3-dessertes-je-ne-comprends-pas-ces-accusations-declare-philippe-tabarot-ministre-des-transports_VN-202508120187.html\" title=\" Ryanair ferme 3 dessertes: &quot;Je ne comprends pas ces accusations&quot;, d\u00e9clare Philippe Tabarot, ministre des transports\" rel=\"nofollow noopener\" target=\"_blank\"><img width=\"16\" height=\"9\" class=\"lozad\"  alt=\" Ryanair ferme 3 dessertes: &quot;Je ne comprends pas ces accusations&quot;, d\u00e9clare Philippe Tabarot, ministre des transports\"\/>3:01Ryanair ferme 3 dessertes: \u00ab\u00a0Je ne comprends pas ces accusations\u00a0\u00bb, d\u00e9clare Philippe Tabarot, ministre des transports<\/a><a href=\"https:\/\/rmc.bfmtv.com\/actualites\/politique\/video-airbags-takata-le-ministere-des-transports-a-fait-plus-en-7-mois-que-n-importe-qui-en-10-ans-affirme-philippe-tabarot-ministre-des-transports_VN-202508120176.html\" title=\"Airbags Takata : &quot;Le minist\u00e8re des Transports a fait plus en 7 mois que n&#039;importe qui en 10 ans&quot;, affirme Philippe Tabarot, ministre des transports\" rel=\"nofollow noopener\" target=\"_blank\"><img width=\"16\" height=\"9\" class=\"lozad\"  alt=\"Airbags Takata : &quot;Le minist\u00e8re des Transports a fait plus en 7 mois que n'importe qui en 10 ans&quot;, affirme Philippe Tabarot, ministre des transports\"\/>0:49Airbags Takata : \u00ab\u00a0Le minist\u00e8re des Transports a fait plus en 7 mois que n&rsquo;importe qui en 10 ans\u00a0\u00bb, affirme Philippe Tabarot, ministre des transports<\/a><a href=\"https:\/\/rmc.bfmtv.com\/actualites\/politique\/video-transport-ferroviaire-on-a-un-des-reseaux-les-plus-anciens-d-europe-parce-que-les-investissements-ces-20-dernieres-annees-n-ont-pas-ete-a-la-hauteur-declare-philippe-tabarot-ministre-des-transports_VN-202508120171.html\" title=\"Transport ferroviaire: &quot;On a un des r\u00e9seaux les plus anciens d&#039;Europe parce que les investissements ces 20 derni\u00e8res ann\u00e9es n&#039;ont pas \u00e9t\u00e9 \u00e0 la hauteur&quot;, d\u00e9clare\u00a0Philippe Tabarot, ministre des transports\" rel=\"nofollow noopener\" target=\"_blank\"><img width=\"16\" height=\"9\" class=\"lozad\"  alt=\"Transport ferroviaire: &quot;On a un des r\u00e9seaux les plus anciens d'Europe parce que les investissements ces 20 derni\u00e8res ann\u00e9es n'ont pas \u00e9t\u00e9 \u00e0 la hauteur&quot;, d\u00e9clare\u00a0Philippe Tabarot, ministre des transports\"\/>1:13Transport ferroviaire: \u00ab\u00a0On a un des r\u00e9seaux les plus anciens d&rsquo;Europe parce que les investissements ces 20 derni\u00e8res ann\u00e9es n&rsquo;ont pas \u00e9t\u00e9 \u00e0 la hauteur\u00a0\u00bb, d\u00e9clare\u00a0Philippe Tabarot, ministre des transports<\/a><a href=\"https:\/\/rmc.bfmtv.com\/actualites\/politique\/video-nouvelle-caledonie-le-flnks-doit-trancher-sur-l-accord-de-bougival_VN-202508120086.html\" title=\"Nouvelle-Cal\u00e9donie : le FLNKS doit trancher sur l&#039;accord de Bougival\" rel=\"nofollow noopener\" target=\"_blank\"><img width=\"16\" height=\"9\" class=\"lozad\"  alt=\"Nouvelle-Cal\u00e9donie : le FLNKS doit trancher sur l'accord de Bougival\"\/>1:09Nouvelle-Cal\u00e9donie : le FLNKS doit trancher sur l&rsquo;accord de Bougival<\/a><a href=\"https:\/\/rmc.bfmtv.com\/actualites\/politique\/video-emmanuel-macron-promulgue-la-loi-duplomb_VN-202508120061.html\" title=\"Emmanuel Macron promulgue la loi Duplomb\" rel=\"nofollow noopener\" target=\"_blank\"><img width=\"16\" height=\"9\" class=\"lozad\"  alt=\"Emmanuel Macron promulgue la loi Duplomb\"\/>1:09Emmanuel Macron promulgue la loi Duplomb<\/a><a href=\"https:\/\/rmc.bfmtv.com\/actualites\/politique\/video-le-conseil-constitutionnel-ca-coute-de-l-argent-ca-degage-pour-barbara-lefevbre_VN-202508110383.html\" title=\"&quot;Le Conseil Constitutionnel, \u00e7a co\u00fbte de l&#039;argent, \u00e7a d\u00e9gage !&quot; pour Barbara Lefevbre\" rel=\"nofollow noopener\" target=\"_blank\"><img width=\"16\" height=\"9\" class=\"lozad\"  alt=\"&quot;Le Conseil Constitutionnel, \u00e7a co\u00fbte de l'argent, \u00e7a d\u00e9gage !&quot; pour Barbara Lefevbre\"\/>1:09&Prime;Le Conseil Constitutionnel, \u00e7a co\u00fbte de l&rsquo;argent, \u00e7a d\u00e9gage !\u00a0\u00bb pour Barbara Lefevbre<\/a><a href=\"https:\/\/rmc.bfmtv.com\/actualites\/politique\/video-didier-giraud-on-est-devenu-un-pays-du-tiers-monde_VN-202508110288.html\" title=\"Didier Giraud : &quot;On est devenu un pays du tiers-monde !&quot;\" rel=\"nofollow noopener\" target=\"_blank\"><img width=\"16\" height=\"9\" class=\"lozad\"  alt=\"Didier Giraud : &quot;On est devenu un pays du tiers-monde !&quot;\"\/>1:18Didier Giraud : \u00ab\u00a0On est devenu un pays du tiers-monde !\u00a0\u00bb<\/a><a href=\"https:\/\/rmc.bfmtv.com\/actualites\/politique\/video-ryanair-boude-3-aeroports-en-france-pour-eviter-la-surtaxe-je-souhaiterais-revenir-au-plafond-de-2024-indique-nathalie-delattre-ministre-deleguee-chargee-du-tourisme_VN-202508080178.html\" title=\"Ryanair boude 3 a\u00e9roports en France pour \u00e9viter la surtaxe: &quot;Je souhaiterais revenir au plafond de 2024&quot;, indique Nathalie Delattre, ministre d\u00e9l\u00e9gu\u00e9e charg\u00e9e du tourisme\" rel=\"nofollow noopener\" target=\"_blank\"><img width=\"16\" height=\"9\" class=\"lozad\"  alt=\"Ryanair boude 3 a\u00e9roports en France pour \u00e9viter la surtaxe: &quot;Je souhaiterais revenir au plafond de 2024&quot;, indique Nathalie Delattre, ministre d\u00e9l\u00e9gu\u00e9e charg\u00e9e du tourisme\"\/>1:26Ryanair boude 3 a\u00e9roports en France pour \u00e9viter la surtaxe: \u00ab\u00a0Je souhaiterais revenir au plafond de 2024\u00a0\u00bb, indique Nathalie Delattre, ministre d\u00e9l\u00e9gu\u00e9e charg\u00e9e du tourisme<\/a><a href=\"https:\/\/rmc.bfmtv.com\/actualites\/politique\/video-10-000-hoteliers-europeens-attaquent-booking-en-france-j-ai-rencontre-mon-homologue-europeen-pour-lui-rappeler-cette-volonte-d-arriver-a-trouver-une-solution-avec-booking-dit-nathalie-delattre-ministre-deleguee-chargee-du-tourisme_VN-202508080174.html\" title=\" 10.000 h\u00f4teliers europ\u00e9ens attaquent Booking en France: &quot;J&#039;ai rencontr\u00e9 mon homologue europ\u00e9en pour lui rappeler cette volont\u00e9 d&#039;arriver \u00e0 trouver une solution avec Booking&quot;, dit Nathalie Delattre, ministre d\u00e9l\u00e9gu\u00e9e charg\u00e9e du tourisme\" rel=\"nofollow noopener\" target=\"_blank\"><img width=\"16\" height=\"9\" class=\"lozad\"  alt=\" 10.000 h\u00f4teliers europ\u00e9ens attaquent Booking en France: &quot;J'ai rencontr\u00e9 mon homologue europ\u00e9en pour lui rappeler cette volont\u00e9 d'arriver \u00e0 trouver une solution avec Booking&quot;, dit Nathalie Delattre, ministre d\u00e9l\u00e9gu\u00e9e charg\u00e9e du tourisme\"\/>1:3410.000 h\u00f4teliers europ\u00e9ens attaquent Booking en France: \u00ab\u00a0J&rsquo;ai rencontr\u00e9 mon homologue europ\u00e9en pour lui rappeler cette volont\u00e9 d&rsquo;arriver \u00e0 trouver une solution avec Booking\u00a0\u00bb, dit Nathalie Delattre, ministre d\u00e9l\u00e9gu\u00e9e charg\u00e9e du tourisme<\/a><a href=\"https:\/\/rmc.bfmtv.com\/actualites\/politique\/video-tourisme-en-france-quand-on-prend-les-chiffres-globaux-on-voit-une-augmentation-du-tourisme-grace-a-l-effet-jo-le-tour-de-france-ou-encore-la-reouverture-de-notre-dame-dit-nathalie-delattre-ministre-deleguee-chargee-du-tourisme_VN-202508080170.html\" title=\"Tourisme en France: &quot;Quand on prend les chiffres globaux, on voit une augmentation du tourisme gr\u00e2ce \u00e0 l&#039;effet JO, le tour de France ou encore la r\u00e9ouverture de Notre-Dame&quot;, dit Nathalie Delattre, ministre d\u00e9l\u00e9gu\u00e9e charg\u00e9e du tourisme\" rel=\"nofollow noopener\" target=\"_blank\"><img width=\"16\" height=\"9\" class=\"lozad\"  alt=\"Tourisme en France: &quot;Quand on prend les chiffres globaux, on voit une augmentation du tourisme gr\u00e2ce \u00e0 l'effet JO, le tour de France ou encore la r\u00e9ouverture de Notre-Dame&quot;, dit Nathalie Delattre, ministre d\u00e9l\u00e9gu\u00e9e charg\u00e9e du tourisme\"\/>1:13Tourisme en France: \u00ab\u00a0Quand on prend les chiffres globaux, on voit une augmentation du tourisme gr\u00e2ce \u00e0 l&rsquo;effet JO, le tour de France ou encore la r\u00e9ouverture de Notre-Dame\u00a0\u00bb, dit Nathalie Delattre, ministre d\u00e9l\u00e9gu\u00e9e charg\u00e9e du tourisme<\/a><a href=\"https:\/\/rmc.bfmtv.com\/actualites\/politique\/video-loi-duplomb-respect-total-de-la-decision-du-conseil-constitutionnel_VN-202508080168.html\" title=\"Loi Duplomb : &quot;Respect total de la d\u00e9cision du Conseil constitutionnel&quot;\" rel=\"nofollow noopener\" target=\"_blank\"><img width=\"16\" height=\"9\" class=\"lozad\"  alt=\"Loi Duplomb : &quot;Respect total de la d\u00e9cision du Conseil constitutionnel&quot;\"\/>1:18Loi Duplomb : \u00ab\u00a0Respect total de la d\u00e9cision du Conseil constitutionnel\u00a0\u00bb<\/a><a href=\"https:\/\/rmc.bfmtv.com\/actualites\/politique\/video-feux-dans-l-aude-nous-accompagnerons-les-acteurs-du-tourisme-sur-une-saison-qui-a-bien-commence-en-france-dit-nathalie-delattre-ministre-deleguee-chargee-du-tourisme_VN-202508080162.html\" title=\"Feux dans l&#039;Aude: &quot;Nous accompagnerons les acteurs du tourisme sur une saison qui a bien commenc\u00e9 en France&quot;, dit Nathalie Delattre, ministre d\u00e9l\u00e9gu\u00e9e charg\u00e9e du tourisme\" rel=\"nofollow noopener\" target=\"_blank\"><img width=\"16\" height=\"9\" class=\"lozad\"  alt=\"Feux dans l'Aude: &quot;Nous accompagnerons les acteurs du tourisme sur une saison qui a bien commenc\u00e9 en France&quot;, dit Nathalie Delattre, ministre d\u00e9l\u00e9gu\u00e9e charg\u00e9e du tourisme\"\/>0:41Feux dans l&rsquo;Aude: \u00ab\u00a0Nous accompagnerons les acteurs du tourisme sur une saison qui a bien commenc\u00e9 en France\u00a0\u00bb, dit Nathalie Delattre, ministre d\u00e9l\u00e9gu\u00e9e charg\u00e9e du tourisme<\/a><a href=\"https:\/\/rmc.bfmtv.com\/actualites\/politique\/video-censure-de-la-loi-duplomb-victoire-de-l-agro-industrie-c-est-la-victoire-de-la-decroissance-repond-laurent-duplomb-senateur-lr-de-la-haute-loire-a-mickael-auditeur-rmc_VN-202508080142.html\" title=\"Censure de la loi Duplomb, victoire de l&#039;agro-industrie ? &quot;C&#039;est la victoire de la d\u00e9croissance&quot;, r\u00e9pond Laurent Duplomb, s\u00e9nateur (LR) de la Haute-Loire, \u00e0 Micka\u00ebl, auditeur RMC\" rel=\"nofollow noopener\" target=\"_blank\"><img width=\"16\" height=\"9\" class=\"lozad\"  alt=\"Censure de la loi Duplomb, victoire de l'agro-industrie ? &quot;C'est la victoire de la d\u00e9croissance&quot;, r\u00e9pond Laurent Duplomb, s\u00e9nateur (LR) de la Haute-Loire, \u00e0 Micka\u00ebl, auditeur RMC\"\/>2:07Censure de la loi Duplomb, victoire de l&rsquo;agro-industrie ? \u00ab\u00a0C&rsquo;est la victoire de la d\u00e9croissance\u00a0\u00bb, r\u00e9pond Laurent Duplomb, s\u00e9nateur (LR) de la Haute-Loire, \u00e0 Micka\u00ebl, auditeur RMC<\/a><a class=\"jumpToVideo\" target=\"_blank\"><img class=\"thumbnailPreview\"\/><\/a><\/p>\n","protected":false},"excerpt":{"rendered":"Grenoble : \u00ab\u00a0J&rsquo;esp\u00e8re qu&rsquo;il vit au milieu de la population qu&rsquo;il aime tant\u00a0\u00bbSur le m\u00eame sujeten lectureGrenoble :&hellip;\n","protected":false},"author":2,"featured_media":313818,"comment_status":"","ping_status":"","sticky":false,"template":"","format":"standard","meta":{"footnotes":""},"categories":[9566],"tags":[1111,11,2430,1777,674,1011,27,2731,12,25],"class_list":{"0":"post-313817","1":"post","2":"type-post","3":"status-publish","4":"format-standard","5":"has-post-thumbnail","7":"category-grenoble","8":"tag-actu","9":"tag-actualites","10":"tag-auvergne-rhone-alpes","11":"tag-eu","12":"tag-europe","13":"tag-fr","14":"tag-france","15":"tag-grenoble","16":"tag-news","17":"tag-republique-francaise"},"share_on_mastodon":{"url":"https:\/\/pubeurope.com\/@fr\/115015605513482236","error":""},"_links":{"self":[{"href":"https:\/\/www.europesays.com\/fr\/wp-json\/wp\/v2\/posts\/313817","targetHints":{"allow":["GET"]}}],"collection":[{"href":"https:\/\/www.europesays.com\/fr\/wp-json\/wp\/v2\/posts"}],"about":[{"href":"https:\/\/www.europesays.com\/fr\/wp-json\/wp\/v2\/types\/post"}],"author":[{"embeddable":true,"href":"https:\/\/www.europesays.com\/fr\/wp-json\/wp\/v2\/users\/2"}],"replies":[{"embeddable":true,"href":"https:\/\/www.europesays.com\/fr\/wp-json\/wp\/v2\/comments?post=313817"}],"version-history":[{"count":0,"href":"https:\/\/www.europesays.com\/fr\/wp-json\/wp\/v2\/posts\/313817\/revisions"}],"wp:featuredmedia":[{"embeddable":true,"href":"https:\/\/www.europesays.com\/fr\/wp-json\/wp\/v2\/media\/313818"}],"wp:attachment":[{"href":"https:\/\/www.europesays.com\/fr\/wp-json\/wp\/v2\/media?parent=313817"}],"wp:term":[{"taxonomy":"category","embeddable":true,"href":"https:\/\/www.europesays.com\/fr\/wp-json\/wp\/v2\/categories?post=313817"},{"taxonomy":"post_tag","embeddable":true,"href":"https:\/\/www.europesays.com\/fr\/wp-json\/wp\/v2\/tags?post=313817"}],"curies":[{"name":"wp","href":"https:\/\/api.w.org\/{rel}","templated":true}]}}