{"id":313820,"date":"2025-08-12T11:41:10","date_gmt":"2025-08-12T11:41:10","guid":{"rendered":"https:\/\/www.europesays.com\/fr\/313820\/"},"modified":"2025-08-12T11:41:10","modified_gmt":"2025-08-12T11:41:10","slug":"mercato-stade-rennais-vers-un-nouveau-pret-de-rayan-bamba-sport","status":"publish","type":"post","link":"https:\/\/www.europesays.com\/fr\/313820\/","title":{"rendered":"Mercato Stade Rennais. Vers un nouveau pr\u00eat de Rayan Bamba . Sport"},"content":{"rendered":"<p>Revenu de Concarneau o\u00f9 il avait brill\u00e9 la saison derni\u00e8re, Rayan Bamba (21 ans) est sur le point de repartir en pr\u00eat (en Ligue 2 ?), selon nos informations.<\/p>\n<p>Le jeune lat\u00e9ral ou piston droit avait prolong\u00e9 son contrat jusqu\u2019en 2027, mais <a href=\"https:\/\/rennes.maville.com\/sport\/detail_-stade-rennais.-przemyslaw-frankowski-en-terrain-presque-connu-_7-6932477_actu.Htm\" target=\"_self\" rel=\"noopener\">l\u2019arriv\u00e9e de Frankowski<\/a> \u00e0 un poste de piston o\u00f9 Al Tamari peut aussi \u00e9voluer, va lui barrer la route.<\/p>\n<p>Dans l\u2019optique de prendre davantage de temps de jeu et de continuer sa progression, cette d\u00e9cision a \u00e9t\u00e9 prise. Ce serait le 15e d\u00e9part de l\u2019\u00e9t\u00e9, en attendant celui de Gomez \u00e0 Vasco de Gama.<\/p>\n<p>Au moins 22\u00a0d\u00e9parts \u00e0 la fin de l\u2019\u00e9t\u00e9\u00a0?<\/p>\n<p>Le club, qui lorgne encore <a href=\"https:\/\/rennes.maville.com\/sport\/detail_-stade-rennais.-loic-desire-evoque-le-mercato-et-la-restructuration-de-la-cellule-de-recrutement-_7-6931644_actu.Htm\" target=\"_self\" rel=\"noopener\">potentiellement trois renforts<\/a> (deux attaquants, un milieu), pourrait au mois atteindre la barre des 22\u00a0d\u00e9parts au cours de ce mercato.<\/p>\n<p><strong>Lire aussi.<\/strong> <a href=\"https:\/\/rennes.maville.com\/sport\/detail_-portrait.-stade-rennais.-valentin-rongier-par-dela-les-obstacles-_7-6932334_actu.Htm\" target=\"_self\" rel=\"noopener\">Valentin Rongier, par-del\u00e0 les obstacles<\/a><\/p>\n<p>Salah, Kamara (qui a refus\u00e9 l\u2019\u00c9toile Rouge de Belgrade), James (Parme\u00a0?), Gallon, Sishuba, Wooh ou Hateboer sont susceptibles de partir.<\/p>\n<p>\u00a0<\/p>\n","protected":false},"excerpt":{"rendered":"Revenu de Concarneau o\u00f9 il avait brill\u00e9 la saison derni\u00e8re, Rayan Bamba (21 ans) est sur le point&hellip;\n","protected":false},"author":2,"featured_media":313821,"comment_status":"","ping_status":"","sticky":false,"template":"","format":"standard","meta":{"footnotes":""},"categories":[2821],"tags":[1111,11,3809,1465,829,1777,674,63,1011,27,1792,1922,12,584,25,479,517,1470],"class_list":{"0":"post-313820","1":"post","2":"type-post","3":"status-publish","4":"format-standard","5":"has-post-thumbnail","7":"category-rennes","8":"tag-actu","9":"tag-actualites","10":"tag-ball","11":"tag-basket","12":"tag-bretagne","13":"tag-eu","14":"tag-europe","15":"tag-football","16":"tag-fr","17":"tag-france","18":"tag-handball","19":"tag-info","20":"tag-news","21":"tag-rennes","22":"tag-republique-francaise","23":"tag-rugby","24":"tag-sport","25":"tag-volley"},"share_on_mastodon":{"url":"https:\/\/pubeurope.com\/@fr\/115015613472376992","error":""},"_links":{"self":[{"href":"https:\/\/www.europesays.com\/fr\/wp-json\/wp\/v2\/posts\/313820","targetHints":{"allow":["GET"]}}],"collection":[{"href":"https:\/\/www.europesays.com\/fr\/wp-json\/wp\/v2\/posts"}],"about":[{"href":"https:\/\/www.europesays.com\/fr\/wp-json\/wp\/v2\/types\/post"}],"author":[{"embeddable":true,"href":"https:\/\/www.europesays.com\/fr\/wp-json\/wp\/v2\/users\/2"}],"replies":[{"embeddable":true,"href":"https:\/\/www.europesays.com\/fr\/wp-json\/wp\/v2\/comments?post=313820"}],"version-history":[{"count":0,"href":"https:\/\/www.europesays.com\/fr\/wp-json\/wp\/v2\/posts\/313820\/revisions"}],"wp:featuredmedia":[{"embeddable":true,"href":"https:\/\/www.europesays.com\/fr\/wp-json\/wp\/v2\/media\/313821"}],"wp:attachment":[{"href":"https:\/\/www.europesays.com\/fr\/wp-json\/wp\/v2\/media?parent=313820"}],"wp:term":[{"taxonomy":"category","embeddable":true,"href":"https:\/\/www.europesays.com\/fr\/wp-json\/wp\/v2\/categories?post=313820"},{"taxonomy":"post_tag","embeddable":true,"href":"https:\/\/www.europesays.com\/fr\/wp-json\/wp\/v2\/tags?post=313820"}],"curies":[{"name":"wp","href":"https:\/\/api.w.org\/{rel}","templated":true}]}}