{"id":313822,"date":"2025-08-12T11:42:17","date_gmt":"2025-08-12T11:42:17","guid":{"rendered":"https:\/\/www.europesays.com\/fr\/313822\/"},"modified":"2025-08-12T11:42:17","modified_gmt":"2025-08-12T11:42:17","slug":"strasbourg-reporte-lenquete-publique-sur-la-requalification-dun-nouveau-quartier","status":"publish","type":"post","link":"https:\/\/www.europesays.com\/fr\/313822\/","title":{"rendered":"Strasbourg reporte l&rsquo;enqu\u00eate publique sur la requalification d&rsquo;un nouveau quartier"},"content":{"rendered":"<p class=\"wp-block-post-excerpt__excerpt\">Le site industriel Heppner, en friche, doit \u00eatre requalifi\u00e9 pour accueillir un nouveau \u00ab\u00a0quartier jardin\u00a0\u00bb. Alors que le projet est accus\u00e9 de manquer de transparence par l\u2019opposition et certains habitants, la municipalit\u00e9 annonce le report de son enqu\u00eate publique. <\/p>\n<p><a href=\"https:\/\/www.rue89strasbourg.com\/category\/premium\" rel=\"tag noopener\" target=\"_blank\">\u00c9dition abonn\u00e9s<\/a>, <a href=\"https:\/\/www.rue89strasbourg.com\/category\/breve\" rel=\"tag noopener\" target=\"_blank\">En bref<\/a><\/p>\n<p>Lucie Dradem<\/p>\n<p>Publi\u00e9 le 12 ao\u00fbt 2025\u00a0\u00a0\u00b7\u00a0\u00a0<\/p>\n<p>Imprim\u00e9 le 12 ao\u00fbt 2025 \u00e0 13h42\u00a0\u00a0\u00b7\u00a0\u00a0<\/p>\n<p>\t\t\t\t\t3\u00a0minutes\n<\/p>\n<p>\u00ab\u00a0Le dossier d\u2019enqu\u00eate publique n\u2019est pas pr\u00eat\u00a0\u00bb, explique Suzanne Brolly, adjointe \u00e0 la maire de Strasbourg en charge de l\u2019urbanisme et des espaces verts\u00a0: <\/p>\n<blockquote class=\"wp-block-quote is-layout-flow wp-block-quote-is-layout-flow\">\n<p>\u00ab\u00a0Nous avons besoin de plus de temps pour pr\u00e9ciser le projet avec les constructeurs, pour qu\u2019il int\u00e8gre et les besoins du quartier et les \u00e9l\u00e9ments importants pour la mairie\u00a0\u00bb.<\/p>\n<\/blockquote>\n<p>L\u2019enqu\u00eate publique autour du <a href=\"https:\/\/www.rue89strasbourg.com\/projet-quartier-jardin-heppner-351991\" target=\"_blank\" rel=\"noopener\">projet de requalification du site Heppner<\/a>, situ\u00e9 dans le quartier Schluthfeld, au sud du Neudorf, \u00e9tait initialement pr\u00e9vue courant septembre. Elle doit porter sur la modification du Plan local d\u2019urbanisme (PLU), n\u00e9cessaire pour la transformation de ce site industriel presque enti\u00e8rement artificialis\u00e9 en futur \u00ab\u00a0quartier jardin\u00a0\u00bb.<\/p>\n<p><img loading=\"lazy\" decoding=\"async\" width=\"1326\" height=\"745\" src=\"https:\/\/www.europesays.com\/fr\/wp-content\/uploads\/2025\/04\/1744907535_415_23-paywall.png\" alt=\"Abonnez-vous\" class=\"wp-image-282315\" style=\"aspect-ratio:1.7798657718120805;width:227px;height:auto\"  \/><\/p>\n<p>Cet article fait partie de l\u2019\u00e9dition abonn\u00e9s. Pour lire la suite, profitez d\u2019une offre d\u00e9couverte \u00e0 1\u20ac.<\/p>\n<p class=\"has-gray-700-color has-text-color has-medium-font-size\">Contribuez \u00e0 consolider un m\u00e9dia ind\u00e9pendant \u00e0 Strasbourg, en capacit\u00e9 d\u2019enqu\u00eater sur les enjeux locaux.<\/p>\n<p>\t\t\t<a href=\"https:\/\/www.rue89strasbourg.com\/\" class=\"custom-logo-link\" rel=\"home noopener\" target=\"_blank\"><img loading=\"lazy\" decoding=\"async\" width=\"290\" height=\"62\" src=\"https:\/\/www.europesays.com\/fr\/wp-content\/uploads\/2025\/04\/1743975279_388_logo.png\" class=\"custom-logo\" alt=\"Rue89 Strasbourg Enqu\u00eates et informations locales\"  \/><\/a><\/p>\n<p>\n\t\t\t\tAbonnez-vous maintenant pour suivre l\u2019actualit\u00e9 locale.\t\t\t<\/p>\n<p class=\"font-bold font-serif-heading mb-2 text-4xl\">\n\t\t\t\t\t\tL\u2019investigation locale \u00e0 port\u00e9e de main.\n\t\t\t\t\t<\/p>\n<p>\n\t\t\t\t\t\tAbonnez-vous et profitez d\u2019un acc\u00e8s illimit\u00e9 \u00e0 Rue89 Strasbourg. Annulez quand vous voulez.\n\t\t\t\t\t<\/p>\n<p class=\"xl:text-sm\">\n\t\t\t\t\tD\u00e9j\u00e0 abonn\u00e9\u00a0?<br \/>\n\t\t\t\t\t<a class=\"border border-transparent text-center transition-colors duration-instant focus:border-info focus:rounded focus:shadow-focus cursor-pointer text-black hover:text-gray-700 active:bg-black-700 font-semibold inline-block\" href=\"https:\/\/www.rue89strasbourg.com\/user\/connexion?redirect=\/heppner-report-enquete-publique-strasbourg-355377\" target=\"_blank\" rel=\"noopener\">Connectez-vous<\/a>\t\t\t\t<\/p>\n<p>\n\t\t\t\tChoisissez votre formule\u00a0:\n\t\t\t<\/p>\n<p>\t\t\t\tFermer<\/p>\n","protected":false},"excerpt":{"rendered":"Le site industriel Heppner, en friche, doit \u00eatre requalifi\u00e9 pour accueillir un nouveau \u00ab\u00a0quartier jardin\u00a0\u00bb. Alors que le&hellip;\n","protected":false},"author":2,"featured_media":313823,"comment_status":"","ping_status":"","sticky":false,"template":"","format":"standard","meta":{"footnotes":""},"categories":[2820],"tags":[1111,11,18112,1777,674,1011,27,775,45333,12,316,25,640,18695,1352],"class_list":{"0":"post-313822","1":"post","2":"type-post","3":"status-publish","4":"format-standard","5":"has-post-thumbnail","7":"category-strasbourg","8":"tag-actu","9":"tag-actualites","10":"tag-enquete-publique","11":"tag-eu","12":"tag-europe","13":"tag-fr","14":"tag-france","15":"tag-grand-est","16":"tag-heppner","17":"tag-news","18":"tag-politique","19":"tag-republique-francaise","20":"tag-strasbourg","21":"tag-suzanne-brolly","22":"tag-urbanisme"},"share_on_mastodon":{"url":"https:\/\/pubeurope.com\/@fr\/115015617393837740","error":""},"_links":{"self":[{"href":"https:\/\/www.europesays.com\/fr\/wp-json\/wp\/v2\/posts\/313822","targetHints":{"allow":["GET"]}}],"collection":[{"href":"https:\/\/www.europesays.com\/fr\/wp-json\/wp\/v2\/posts"}],"about":[{"href":"https:\/\/www.europesays.com\/fr\/wp-json\/wp\/v2\/types\/post"}],"author":[{"embeddable":true,"href":"https:\/\/www.europesays.com\/fr\/wp-json\/wp\/v2\/users\/2"}],"replies":[{"embeddable":true,"href":"https:\/\/www.europesays.com\/fr\/wp-json\/wp\/v2\/comments?post=313822"}],"version-history":[{"count":0,"href":"https:\/\/www.europesays.com\/fr\/wp-json\/wp\/v2\/posts\/313822\/revisions"}],"wp:featuredmedia":[{"embeddable":true,"href":"https:\/\/www.europesays.com\/fr\/wp-json\/wp\/v2\/media\/313823"}],"wp:attachment":[{"href":"https:\/\/www.europesays.com\/fr\/wp-json\/wp\/v2\/media?parent=313822"}],"wp:term":[{"taxonomy":"category","embeddable":true,"href":"https:\/\/www.europesays.com\/fr\/wp-json\/wp\/v2\/categories?post=313822"},{"taxonomy":"post_tag","embeddable":true,"href":"https:\/\/www.europesays.com\/fr\/wp-json\/wp\/v2\/tags?post=313822"}],"curies":[{"name":"wp","href":"https:\/\/api.w.org\/{rel}","templated":true}]}}