{"id":313831,"date":"2025-08-12T11:48:16","date_gmt":"2025-08-12T11:48:16","guid":{"rendered":"https:\/\/www.europesays.com\/fr\/313831\/"},"modified":"2025-08-12T11:48:16","modified_gmt":"2025-08-12T11:48:16","slug":"le-centre-jean-moulin-un-musee-de-la-resistance-qui-prend-son-mal-en-patience","status":"publish","type":"post","link":"https:\/\/www.europesays.com\/fr\/313831\/","title":{"rendered":"Le Centre Jean Moulin, un mus\u00e9e de la R\u00e9sistance qui prend son mal en patience"},"content":{"rendered":"<p class=\"wp-block-post-excerpt__excerpt\">\u00c0 la fois mus\u00e9e et centre de documentation, le Centre Jean Moulin est un lieu au rayonnement national. Ferm\u00e9 au public depuis 2018 suite \u00e0 des inondations, sa r\u00e9ouverture se fait attendre et ne devrait pas avoir lieu avant quelques ann\u00e9es encore. Cinqui\u00e8me et dernier volet de notre s\u00e9rie d\u2019\u00e9t\u00e9 : \u00ab\u00a0Patrimoine \u00e0 la trappe\u00a0\u00bb. <\/p>\n<p><a href=\"https:\/\/rue89bordeaux.com\/category\/kiosque-abonne\/\" rel=\"tag noopener\" target=\"_blank\">\u00c9dition abonn\u00e9s<\/a>, <a href=\"https:\/\/rue89bordeaux.com\/category\/histoire\/\" rel=\"tag noopener\" target=\"_blank\">Histoire<\/a><\/p>\n<p>Margaux B\u00e9gards<\/p>\n<p>Publi\u00e9 le 12 ao\u00fbt 2025\u00a0\u00a0\u00b7\u00a0\u00a0<\/p>\n<p>Imprim\u00e9 le 12 ao\u00fbt 2025 \u00e0 13h48\u00a0\u00a0\u00b7\u00a0\u00a0<\/p>\n<p>Modifi\u00e9 le 12 ao\u00fbt 2025\u00a0\u00a0\u00b7\u00a0\u00a0<\/p>\n<p>\t\t\t\t\t5\u00a0minutes\n<\/p>\n<p>Voil\u00e0 sept ans que le Centre Jean Moulin n\u2019a plus accueilli de visiteurs. Ou seulement \u00e0 de rares occasions, et seulement au rez-de-chauss\u00e9e, comme pour le mois de la photographie organis\u00e9 en avril, ou en ces derniers jours de canicule pour permettre aux sans-abris de venir y chercher un peu de fra\u00eecheur entre 13h et 22h.<\/p>\n<p>Inond\u00e9 en 2018, il est depuis ferm\u00e9 et en travaux. Des \u00ab\u00a0travaux d\u2019accessibilit\u00e9\u00a0\u00bb, de remise \u00ab\u00a0aux normes PMR et de s\u00e9curit\u00e9 actuelles pour l\u2019accueil du public\u00a0\u00bb qui s\u2019imposent selon Baptiste Maurin, adjoint charg\u00e9 du patrimoine et du matrimoine \u00e0 la mairie de Bordeaux, propri\u00e9taire des lieux.<\/p>\n<p>\t\tDes travaux estim\u00e9s \u00e0 plusieurs millions d\u2019euros<\/p>\n<p>Depuis les inondations, la toiture a fait peau neuve, avec un chantier d\u2019un montant de 660 000\u20ac. Si certains objets trop volumineux sont rest\u00e9s sur place, ce sont 20 000 objets issus de la collection qui ont \u00e9t\u00e9 transf\u00e9r\u00e9s au Mus\u00e9e d\u2019Aquitaine afin d\u2019\u00eatre pr\u00e9serv\u00e9s. Un h\u00e9bergement dont le bail devait initialement prendre fin en 2022. Ces pr\u00e9visions, faites par la pr\u00e9c\u00e9dente mandature, ont depuis \u00e9t\u00e9 revues \u00e0 la hausse.<\/p>\n<p>Rue89 Bordeaux a besoin de vos dons<\/p>\n<p>Mille mercis \u00e0 nos 131 donateurs ! Gr\u00e2ce \u00e0 vous, nous avons atteint notre objectif initial de 10\u202f000\u202f\u20ac. Ce soutien va nous permettre de renflouer notre tr\u00e9sorerie, apr\u00e8s le d\u00e9sengagement en 2025 d\u2019un annonceur important \u2013 Bordeaux M\u00e9tropole \u2013 et de r\u00e9gler nos factures en attente.<br \/>Cependant, la cagnotte reste ouverte jusqu\u2019\u00e0 fin septembre afin de vous laisser l\u2019occasion de continuer \u00e0 soutenir votre m\u00e9dia ind\u00e9pendant. Chaque don est d\u00e9ductible des imp\u00f4ts \u00e0 hauteur de 66\u202f%. En recevoir davantage nous permettra de consolider nos finances, d\u2019envisager une rentr\u00e9e sereine, et surtout, d\u2019enrichir nos contenus et de renforcer notre r\u00e9daction.<\/p>\n<p><\/p>\n<p class=\"has-warning-color has-text-color\">\n\t\t\t<strong> Cet article fait partie de l\u2019\u00e9dition abonn\u00e9s.<\/strong><br \/>\n\t\t\t| D\u00e9j\u00e0 abonn\u00e9\u00a0?<br \/>\n\t\t\t<a href=\"https:\/\/rue89bordeaux.com\/user\/login\/\" data-type=\"page\" data-id=\"26256\" target=\"_blank\" rel=\"noopener\">Connectez-vous<\/a>\n\t\t<\/p>\n<p>Abonnez-vous maintenant pour poursuivre votre lecture<\/p>\n<p><img loading=\"lazy\" decoding=\"async\" width=\"607\" height=\"480\" src=\"https:\/\/www.europesays.com\/fr\/wp-content\/uploads\/2025\/04\/1744387698_768_04-paywall.png\" alt=\"Abonnez-vous\" class=\"wp-image-128438\"  \/><\/p>\n<p>\t\t\t<a href=\"https:\/\/rue89bordeaux.com\/\" class=\"custom-logo-link\" rel=\"home noopener\" target=\"_blank\"><img loading=\"lazy\" decoding=\"async\" width=\"290\" height=\"49\" src=\"https:\/\/www.europesays.com\/fr\/wp-content\/uploads\/2025\/04\/logo.png\" class=\"custom-logo\" alt=\"Rue89Bordeaux Enqu\u00eates et informations de proximit\u00e9\"  \/><\/a><\/p>\n<p>\n\t\t\t\tAbonnez-vous maintenant pour suivre l\u2019actualit\u00e9 locale.\t\t\t<\/p>\n<p class=\"font-bold font-serif-heading mb-2 text-4xl\">\n\t\t\t\t\t\tL\u2019investigation locale \u00e0 port\u00e9e de main.\n\t\t\t\t\t<\/p>\n<p>\n\t\t\t\t\t\tAbonnez-vous et profitez d\u2019un acc\u00e8s illimit\u00e9 \u00e0 Rue89Bordeaux. Annulez quand vous voulez.\n\t\t\t\t\t<\/p>\n<p class=\"xl:text-sm\">\n\t\t\t\t\tD\u00e9j\u00e0 abonn\u00e9\u00a0?<br \/>\n\t\t\t\t\t<a class=\"border border-transparent text-center transition-colors duration-instant focus:border-info focus:rounded focus:shadow-focus cursor-pointer text-black hover:text-gray-700 active:bg-black-700 font-semibold inline-block\" href=\"https:\/\/rue89bordeaux.com\/user\/login\/?redirect=\/2025\/08\/le-centre-jean-moulin-un-musee-de-la-resistance-qui-prend-son-mal-en-patience\/\" target=\"_blank\" rel=\"noopener\">Connectez-vous<\/a>\t\t\t\t<\/p>\n<p>\n\t\t\t\tChoisissez votre formule\u00a0:\n\t\t\t<\/p>\n<p>\t\t\t\tFermer<\/p>\n","protected":false},"excerpt":{"rendered":"\u00c0 la fois mus\u00e9e et centre de documentation, le Centre Jean Moulin est un lieu au rayonnement national.&hellip;\n","protected":false},"author":2,"featured_media":313832,"comment_status":"","ping_status":"","sticky":false,"template":"","format":"standard","meta":{"footnotes":""},"categories":[2817],"tags":[1111,11,1997,1777,674,1011,27,21147,12,2219,2551,25,9855,935,17076],"class_list":{"0":"post-313831","1":"post","2":"type-post","3":"status-publish","4":"format-standard","5":"has-post-thumbnail","7":"category-bordeaux","8":"tag-actu","9":"tag-actualites","10":"tag-bordeaux","11":"tag-eu","12":"tag-europe","13":"tag-fr","14":"tag-france","15":"tag-musee-daquitaine","16":"tag-news","17":"tag-nouvelle-aquitaine","18":"tag-patrimoine","19":"tag-republique-francaise","20":"tag-resistance","21":"tag-seconde-guerre-mondiale","22":"tag-ville-de-bordeaux"},"share_on_mastodon":{"url":"https:\/\/pubeurope.com\/@fr\/115015640915784026","error":""},"_links":{"self":[{"href":"https:\/\/www.europesays.com\/fr\/wp-json\/wp\/v2\/posts\/313831","targetHints":{"allow":["GET"]}}],"collection":[{"href":"https:\/\/www.europesays.com\/fr\/wp-json\/wp\/v2\/posts"}],"about":[{"href":"https:\/\/www.europesays.com\/fr\/wp-json\/wp\/v2\/types\/post"}],"author":[{"embeddable":true,"href":"https:\/\/www.europesays.com\/fr\/wp-json\/wp\/v2\/users\/2"}],"replies":[{"embeddable":true,"href":"https:\/\/www.europesays.com\/fr\/wp-json\/wp\/v2\/comments?post=313831"}],"version-history":[{"count":0,"href":"https:\/\/www.europesays.com\/fr\/wp-json\/wp\/v2\/posts\/313831\/revisions"}],"wp:featuredmedia":[{"embeddable":true,"href":"https:\/\/www.europesays.com\/fr\/wp-json\/wp\/v2\/media\/313832"}],"wp:attachment":[{"href":"https:\/\/www.europesays.com\/fr\/wp-json\/wp\/v2\/media?parent=313831"}],"wp:term":[{"taxonomy":"category","embeddable":true,"href":"https:\/\/www.europesays.com\/fr\/wp-json\/wp\/v2\/categories?post=313831"},{"taxonomy":"post_tag","embeddable":true,"href":"https:\/\/www.europesays.com\/fr\/wp-json\/wp\/v2\/tags?post=313831"}],"curies":[{"name":"wp","href":"https:\/\/api.w.org\/{rel}","templated":true}]}}