{"id":313837,"date":"2025-08-12T11:51:13","date_gmt":"2025-08-12T11:51:13","guid":{"rendered":"https:\/\/www.europesays.com\/fr\/313837\/"},"modified":"2025-08-12T11:51:13","modified_gmt":"2025-08-12T11:51:13","slug":"ou-et-quand-ils-devraient-tomber","status":"publish","type":"post","link":"https:\/\/www.europesays.com\/fr\/313837\/","title":{"rendered":"o\u00f9 et quand ils devraient tomber"},"content":{"rendered":"<p>            Par<br \/>\n        <strong><br \/>\n            <a href=\"https:\/\/actu.fr\/auteur\/guillaume-laurens\" title=\"Consulter tous les articles de Guillaume Laurens\" rel=\"nofollow noopener\" target=\"_blank\">Guillaume Laurens<\/a><br \/>\n        <\/strong><\/p>\n<p>        Publi\u00e9 le<\/p>\n<p>            12 ao\u00fbt 2025 \u00e0 13h08        <\/p>\n<p>Alors que les temp\u00e9ratures devraient encore <a href=\"https:\/\/actu.fr\/occitanie\/toulouse_31555\/meteo-alerte-rouge-canicule-jusqu-a-44-c-attendus-en-occitanie-42-c-a-toulouse_63022172.html\" rel=\"nofollow noopener\" target=\"_blank\">atteindre des sommets ce mardi 12 ao\u00fbt 2025 \u00e0 <strong>Toulouse<\/strong> et en <strong>Haute-Garonne<\/strong><\/a>, de <strong>premiers orages<\/strong> sont annonc\u00e9s par M\u00e9t\u00e9o France d\u00e8s cet apr\u00e8s-midi dans le d\u00e9partement, avant de s\u2019intensifier mercredi. Voici \u00e0 quoi s\u2019attendre.<\/p>\n<p>Des orages vers Luchon et Revel ce mardi<\/p>\n<p class=\" wall-content\">Ce mardi, selon <a href=\"https:\/\/meteofrance.com\/previsions-meteo-france\/haute-garonne\/31\" rel=\"nofollow noopener\" target=\"_blank\">M\u00e9t\u00e9o France<\/a>, seules <strong>deux extr\u00e9mit\u00e9s<\/strong> du d\u00e9partement sont susceptibles d\u2019\u00eatre sous les orages : le secteur de <strong>Bagn\u00e8res-de-Luchon<\/strong>, tout au sud, dans l\u2019apr\u00e8s-midi, mais aussi celui de <strong>Revel<\/strong>, tout \u00e0 l\u2019est, l\u2019apr\u00e8s-midi et en soir\u00e9e.<\/p>\n<p class=\" wall-content\">Dans le reste du d\u00e9partement, o\u00f9 r\u00e8gne toujours un <strong>soleil de plomb<\/strong>, aucune perturbation n\u2019est dans les radars.<\/p>\n<p>    <img   decoding=\"async\" loading=\"lazy\" src=\"https:\/\/www.europesays.com\/fr\/wp-content\/uploads\/2025\/08\/meteo-france-mardi-12-aout-2025-960x640.jpg\" alt=\"Seuls les secteurs du Rev\u00e9lois et du Luchonnais sont susceptibles d'\u00eatre sous les orages ce mardi\" width=\"960\" height=\"640\"\/><br \/>\n    Seuls les secteurs du Rev\u00e9lois et du Luchonnais sont susceptibles d\u2019\u00eatre sous les orages ce mardi (\u00a9M\u00e9t\u00e9o France)Risque d\u2019orages dans tout le d\u00e9partement mercredi<\/p>\n<p class=\" wall-content\">Mercredi 13 ao\u00fbt, toujours d\u2019apr\u00e8s les pr\u00e9visions de M\u00e9t\u00e9o France, le <strong>risque d\u2019orages <\/strong>devrait <strong>se g\u00e9n\u00e9raliser<\/strong> l\u2019apr\u00e8s-midi \u00e0 tout <strong>le d\u00e9partement<\/strong>, avec des <strong>averses orageuses <\/strong>par endroits. Les \u00e9clairs devraient persister en soir\u00e9e dans le nord-est de la Haute-Garonne.<\/p>\n<p>Vid\u00e9os : en ce moment sur Actu<br \/>\n    <img   decoding=\"async\" loading=\"lazy\" src=\"https:\/\/www.europesays.com\/fr\/wp-content\/uploads\/2025\/08\/meteo-france-mercredi-13-aout-2025-haute-garonne-toulouse-960x640.jpg\" alt=\"Les orages devraient toucher la Haute-Garonne mercredi 13 ao\u00fbt 2025 apr\u00e8s-midi\" width=\"960\" height=\"640\"\/><br \/>\n    Les orages devraient toucher la Haute-Garonne mercredi 13 ao\u00fbt 2025 apr\u00e8s-midi (\u00a9M\u00e9t\u00e9o France)Risques d\u2019orages et rafales \u00e0 95 km\/h en vue sur Toulouse<\/p>\n<p class=\" wall-content\">Sur <strong><a href=\"https:\/\/actu.fr\/toulouse\/\" rel=\"nofollow noopener\" target=\"_blank\">Toulouse<\/a> <\/strong>m\u00eame, M\u00e9t\u00e9o France pr\u00e9voit de la bruine dans l\u2019apr\u00e8s-midi, entre 15 heures et 18 heures ce mercredi, avant un <strong>risque d\u2019orages<\/strong> entre 18 heures et 21 heures. Le vent devrait \u00eatre relativement violent au m\u00eame moment, avec des <strong>rafales<\/strong> \u00e0 <strong>95 km\/h.<\/strong><\/p>\n<p>    <img   decoding=\"async\" loading=\"lazy\" src=\"https:\/\/www.europesays.com\/fr\/wp-content\/uploads\/2025\/08\/meteo-france-toulouse-previsions-960x640.jpg\" alt=\"Risques d'orages et rafales de vent sont au programme \u00e0 Toulouse ce mercredi 13 ao\u00fbt, selon M\u00e9t\u00e9o France\" width=\"960\" height=\"640\"\/><br \/>\n    Risques d\u2019orages et rafales de vent sont au programme \u00e0 Toulouse ce mercredi 13 ao\u00fbt, selon M\u00e9t\u00e9o France (\u00a9M\u00e9t\u00e9o France)<\/p>\n<p class=\" wall-content\">\u00c0 noter aussi que mercredi, les <strong>temp\u00e9ratures minimales<\/strong> devraient \u00eatre <strong>caniculaires<\/strong> (25\u00b0C annonc\u00e9s au plus frais), mais les maximales baisseront l\u00e9g\u00e8rement, pour repasser sous le seuil symbolique des 40\u00b0C (environ 38\u00b0C). Pas d\u2019adoucissement en vue puisque le mercure devrait \u00e0 nouveau atteindre les <strong>40\u00b0C vendredi<\/strong>, pour le f\u00e9ri\u00e9 de l\u2019Assomption.<\/p>\n<p class=\" wall-content\"><a href=\"https:\/\/vigilance.meteofrance.fr\/fr\/demain\" rel=\"nofollow noopener\" target=\"_blank\">L\u2019alerte canicule rouge <\/a>est d\u2019ailleurs maintenue par M\u00e9t\u00e9o France au moins pour la journ\u00e9e de mercredi\u2026<\/p>\n<p class=\" wall-content\">Suivez toute l\u2019actualit\u00e9 de vos villes et m\u00e9dias favoris en vous inscrivant \u00e0 <a href=\"https:\/\/moncompte.actu.fr\" title=\"D\u00e9couvez Mon Actu\" rel=\"nofollow noopener\" data-trk=\"{&quot;cta&quot;:{&quot;action&quot;:&quot;https:\\\/\\\/moncompte.actu.fr&quot;,&quot;category&quot;:&quot;mon compte&quot;,&quot;from&quot;:&quot;article footer&quot;,&quot;name&quot;:&quot;Mon actu&quot;,&quot;type&quot;:&quot;cta&quot;}}\" target=\"_blank\">Mon Actu<\/a>.<\/p>\n","protected":false},"excerpt":{"rendered":"Par Guillaume Laurens Publi\u00e9 le 12 ao\u00fbt 2025 \u00e0 13h08 Alors que les temp\u00e9ratures devraient encore atteindre des&hellip;\n","protected":false},"author":2,"featured_media":313838,"comment_status":"","ping_status":"","sticky":false,"template":"","format":"standard","meta":{"footnotes":""},"categories":[2816],"tags":[1111,11,1777,674,1011,27,2487,2357,12,2680,4594,25,2312],"class_list":{"0":"post-313837","1":"post","2":"type-post","3":"status-publish","4":"format-standard","5":"has-post-thumbnail","7":"category-toulouse","8":"tag-actu","9":"tag-actualites","10":"tag-eu","11":"tag-europe","12":"tag-fr","13":"tag-france","14":"tag-meteo","15":"tag-meteo-france","16":"tag-news","17":"tag-occitanie","18":"tag-orages","19":"tag-republique-francaise","20":"tag-toulouse"},"share_on_mastodon":{"url":"https:\/\/pubeurope.com\/@fr\/115015652830884160","error":""},"_links":{"self":[{"href":"https:\/\/www.europesays.com\/fr\/wp-json\/wp\/v2\/posts\/313837","targetHints":{"allow":["GET"]}}],"collection":[{"href":"https:\/\/www.europesays.com\/fr\/wp-json\/wp\/v2\/posts"}],"about":[{"href":"https:\/\/www.europesays.com\/fr\/wp-json\/wp\/v2\/types\/post"}],"author":[{"embeddable":true,"href":"https:\/\/www.europesays.com\/fr\/wp-json\/wp\/v2\/users\/2"}],"replies":[{"embeddable":true,"href":"https:\/\/www.europesays.com\/fr\/wp-json\/wp\/v2\/comments?post=313837"}],"version-history":[{"count":0,"href":"https:\/\/www.europesays.com\/fr\/wp-json\/wp\/v2\/posts\/313837\/revisions"}],"wp:featuredmedia":[{"embeddable":true,"href":"https:\/\/www.europesays.com\/fr\/wp-json\/wp\/v2\/media\/313838"}],"wp:attachment":[{"href":"https:\/\/www.europesays.com\/fr\/wp-json\/wp\/v2\/media?parent=313837"}],"wp:term":[{"taxonomy":"category","embeddable":true,"href":"https:\/\/www.europesays.com\/fr\/wp-json\/wp\/v2\/categories?post=313837"},{"taxonomy":"post_tag","embeddable":true,"href":"https:\/\/www.europesays.com\/fr\/wp-json\/wp\/v2\/tags?post=313837"}],"curies":[{"name":"wp","href":"https:\/\/api.w.org\/{rel}","templated":true}]}}