{"id":313839,"date":"2025-08-12T11:52:16","date_gmt":"2025-08-12T11:52:16","guid":{"rendered":"https:\/\/www.europesays.com\/fr\/313839\/"},"modified":"2025-08-12T11:52:16","modified_gmt":"2025-08-12T11:52:16","slug":"tremplin-series-mania-les-candidatures-sont-ouvertes","status":"publish","type":"post","link":"https:\/\/www.europesays.com\/fr\/313839\/","title":{"rendered":"Tremplin S\u00e9ries Mania : les candidatures sont ouvertes !"},"content":{"rendered":"<p>Vous r\u00eavez de travailler dans l\u2019univers des s\u00e9ries ? Le programme Tremplin S\u00e9ries Mania revient pour une nouvelle \u00e9dition et forme gratuitement les jeunes des Hauts-de-France aux m\u00e9tiers techniques et narratifs de l\u2019audiovisuel.\n<\/p>\n<p>Ouvert aux 18-25 ans, sans condition de dipl\u00f4me, il propose 7 mois de formation \u00e0 Lille, avec immersion professionnelle et r\u00e9alisation d\u2019une mini-s\u00e9rie diffus\u00e9e au festival S\u00e9ries Mania. Les candidatures <strong>sont ouvertes jusqu\u2019au 24 ao\u00fbt 2025.<\/strong><\/p>\n<p>Un programme pour d\u00e9couvrir les coulisses des s\u00e9ries<\/p>\n<p>Cr\u00e9\u00e9 en 2022 par le S\u00e9ries Mania Institute en partenariat avec la R\u00e9gion Hauts-de-France, le Tremplin est destin\u00e9 aux jeunes de 18 \u00e0 25 ans r\u00e9sidant en Hauts-de-France, actuellement sans emploi et hors \u00e9tudes. L\u2019objectif : initier aux techniques narratives et aux m\u00e9tiers techniques de l\u2019audiovisuel, tout en offrant les bases pour une premi\u00e8re qualification professionnelle.<\/p>\n<p><strong>Chiffres cl\u00e9s du Tremplin :<\/strong><\/p>\n<ul>\n<li>3 promotions d\u00e9j\u00e0 form\u00e9es<\/li>\n<li>55 participants accompagn\u00e9s<\/li>\n<li>3 mini-s\u00e9ries cr\u00e9\u00e9es et diffus\u00e9es au festival S\u00e9ries Mania<\/li>\n<li>100 % de stages trouv\u00e9s pour la promotion 2023<\/li>\n<\/ul>\n<p>Les conditions pour candidater<\/p>\n<p>Pour postuler, il faut :<\/p>\n<ul>\n<li>Avoir entre 18 et 25 ans r\u00e9volus (n\u00e9\u00b7e entre le 1er janvier 2000 et le 31 d\u00e9cembre 2007 inclus).<\/li>\n<li>\u00catre demandeur d\u2019emploi inscrit \u00e0 France Travail au plus tard le 12 septembre 2025.<\/li>\n<li>R\u00e9sider en Hauts-de-France.<\/li>\n<\/ul>\n<p>La formation est gratuite et sans condition de dipl\u00f4me.<br \/>Les candidats ayant d\u00e9j\u00e0 obtenu un dipl\u00f4me de niveau III ou plus dans l\u2019audiovisuel ne sont pas \u00e9ligibles.<\/p>\n<p>Un parcours en deux sp\u00e9cialisations<\/p>\n<p>La formation, qui se d\u00e9roule de fin septembre 2025 \u00e0 avril 2026 \u00e0 Lille, d\u00e9bute par un mois de tronc commun pour d\u00e9couvrir tous les m\u00e9tiers des s\u00e9ries : \u00e9criture, tournage, son, post-production, r\u00e9gie\u2026<\/p>\n<p><strong>Ensuite, deux parcours sont propos\u00e9s :<\/strong><\/p>\n<ul>\n<li>M\u00e9tiers techniques : image, son, post-production, r\u00e9gie\u2026<\/li>\n<li>Techniques narratives : \u00e9criture s\u00e9rielle et sc\u00e9narisation.<\/li>\n<\/ul>\n<p>Tout au long de la formation, les participants b\u00e9n\u00e9ficient d\u2019un accompagnement personnalis\u00e9 pour pr\u00e9parer leur insertion professionnelle. Le programme se conclut par un stage dans le secteur audiovisuel.<\/p>\n<p>Comment postuler ?<\/p>\n<p>Les candidatures <a href=\"https:\/\/submissions-series-mania.festicine.fr\/tremplin\" target=\"_blank\" rel=\"noopener\">sont \u00e0 d\u00e9poser en ligne jusqu\u2019au 24 ao\u00fbt 2025.<\/a><\/p>\n<p>Il faudra fournir :<\/p>\n<ul>\n<li>Une vid\u00e9o de pr\u00e9sentation<\/li>\n<li>Un CV<\/li>\n<li>Un portfolio artistique ou un moodboard<\/li>\n<\/ul>\n<p>Les r\u00e9sultats seront communiqu\u00e9s par e-mail le 12 septembre 2025, apr\u00e8s entretiens et s\u00e9lection par un jury.<\/p>\n<p><strong>Pour en savoir plus\u00a0<\/strong><\/p>\n<p>Retrouvez le programme d\u00e9taill\u00e9 et les modalit\u00e9s pratiques de ce programme sur le\u00a0<a href=\"https:\/\/seriesmania.com\/institute\/programme\/tremplin\/\" target=\"_blank\" rel=\"noopener\">site internet de S\u00e9ries Mania\u00a0<\/a>ou consultez la\u00a0<a href=\"https:\/\/www.ij-hdf.fr\/uploads\/media\/default\/0001\/08\/743c8a910519f75552b1acfeabc5f73bb93a1449.pdf\" class=\"mtli_attachment mtli_pdf\" target=\"_blank\" rel=\"noopener\">brochure formation Tremplin 2025-2026<\/a><\/p>\n","protected":false},"excerpt":{"rendered":"Vous r\u00eavez de travailler dans l\u2019univers des s\u00e9ries ? Le programme Tremplin S\u00e9ries Mania revient pour une nouvelle&hellip;\n","protected":false},"author":2,"featured_media":313840,"comment_status":"","ping_status":"","sticky":false,"template":"","format":"standard","meta":{"footnotes":""},"categories":[2815],"tags":[1111,11,251,341,1777,674,1011,27,811,4075,1307,12,25],"class_list":{"0":"post-313839","1":"post","2":"type-post","3":"status-publish","4":"format-standard","5":"has-post-thumbnail","7":"category-lille","8":"tag-actu","9":"tag-actualites","10":"tag-culture","11":"tag-emploi","12":"tag-eu","13":"tag-europe","14":"tag-fr","15":"tag-france","16":"tag-hauts-de-france","17":"tag-jeunesse","18":"tag-lille","19":"tag-news","20":"tag-republique-francaise"},"share_on_mastodon":{"url":"https:\/\/pubeurope.com\/@fr\/115015656673038790","error":""},"_links":{"self":[{"href":"https:\/\/www.europesays.com\/fr\/wp-json\/wp\/v2\/posts\/313839","targetHints":{"allow":["GET"]}}],"collection":[{"href":"https:\/\/www.europesays.com\/fr\/wp-json\/wp\/v2\/posts"}],"about":[{"href":"https:\/\/www.europesays.com\/fr\/wp-json\/wp\/v2\/types\/post"}],"author":[{"embeddable":true,"href":"https:\/\/www.europesays.com\/fr\/wp-json\/wp\/v2\/users\/2"}],"replies":[{"embeddable":true,"href":"https:\/\/www.europesays.com\/fr\/wp-json\/wp\/v2\/comments?post=313839"}],"version-history":[{"count":0,"href":"https:\/\/www.europesays.com\/fr\/wp-json\/wp\/v2\/posts\/313839\/revisions"}],"wp:featuredmedia":[{"embeddable":true,"href":"https:\/\/www.europesays.com\/fr\/wp-json\/wp\/v2\/media\/313840"}],"wp:attachment":[{"href":"https:\/\/www.europesays.com\/fr\/wp-json\/wp\/v2\/media?parent=313839"}],"wp:term":[{"taxonomy":"category","embeddable":true,"href":"https:\/\/www.europesays.com\/fr\/wp-json\/wp\/v2\/categories?post=313839"},{"taxonomy":"post_tag","embeddable":true,"href":"https:\/\/www.europesays.com\/fr\/wp-json\/wp\/v2\/tags?post=313839"}],"curies":[{"name":"wp","href":"https:\/\/api.w.org\/{rel}","templated":true}]}}