{"id":313843,"date":"2025-08-12T11:54:10","date_gmt":"2025-08-12T11:54:10","guid":{"rendered":"https:\/\/www.europesays.com\/fr\/313843\/"},"modified":"2025-08-12T11:54:10","modified_gmt":"2025-08-12T11:54:10","slug":"rtm-a-marseille-ces-stations-de-metro-fermees-durgence-voici-ce-quil-se-passe","status":"publish","type":"post","link":"https:\/\/www.europesays.com\/fr\/313843\/","title":{"rendered":"RTM \u00e0 Marseille. Ces stations de m\u00e9tro ferm\u00e9es d&rsquo;urgence, voici ce qu&rsquo;il se passe"},"content":{"rendered":"<p>            Par<br \/>\n        <strong><br \/>\n            <a href=\"https:\/\/actu.fr\/auteur\/thibault-nadal-actu-fr\" title=\"Consulter tous les articles de Thibault Nadal\" rel=\"nofollow noopener\" target=\"_blank\">Thibault Nadal<\/a><br \/>\n        <\/strong><\/p>\n<p>        Publi\u00e9 le<\/p>\n<p>            12 ao\u00fbt 2025 \u00e0 12h05        <\/p>\n<p>Plusieurs stations de la <strong>ligne M2<\/strong> du <a href=\"https:\/\/actu.fr\/tag\/metro\" rel=\"nofollow noopener\" target=\"_blank\">m\u00e9tro<\/a> de <a href=\"https:\/\/actu.fr\/marseille\/\" rel=\"nofollow noopener\" target=\"_blank\">Marseille<\/a> sont ferm\u00e9es ce mardi 12\u00a0ao\u00fbt 2025, peu avant midi, annonce <a href=\"https:\/\/actu.fr\/tag\/rtm\" rel=\"nofollow noopener\" target=\"_blank\">la R\u00e9gie des transports m\u00e9tropolitains<\/a> (RTM).<\/p>\n<p class=\" wall-content\">Voil\u00e0 ce qu\u2019il se passe.<\/p>\n<p>Trois stations ferm\u00e9es<\/p>\n<p class=\" wall-content\">Les stations <strong>Jules Guesde, Saint-Charles et Noailles<\/strong> ne sont plus desservies sur la ligne M2. Le service est donc interrompu entre Service interrompu entre Joliette\u00a0et Notre-Dame du Mont.<\/p>\n<p class=\" wall-content\">Elles ont \u00e9t\u00e9 ferm\u00e9es en urgence peu apr\u00e8s midi \u00e0 la suite d\u2019un \u00ab\u2009bagage abandonn\u00e9\u2009\u00bb, indique la RTM, sans davantage de pr\u00e9cisions \u00e0 ce stade.<\/p>\n<p class=\" wall-content\">\n<p class=\" wall-content\">Pour vous rendre de la Joliette \u00e0 Castellane, la RTM recommande d\u2019emprunter le T3.<\/p>\n<p class=\" wall-content\">Suivez toute l\u2019actualit\u00e9 de vos villes et m\u00e9dias favoris en vous inscrivant \u00e0 <a href=\"https:\/\/moncompte.actu.fr\" title=\"D\u00e9couvez Mon Actu\" rel=\"nofollow noopener\" data-trk=\"{&quot;cta&quot;:{&quot;action&quot;:&quot;https:\\\/\\\/moncompte.actu.fr&quot;,&quot;category&quot;:&quot;mon compte&quot;,&quot;from&quot;:&quot;article footer&quot;,&quot;name&quot;:&quot;Mon actu&quot;,&quot;type&quot;:&quot;cta&quot;}}\" target=\"_blank\">Mon Actu<\/a>.<\/p>\n","protected":false},"excerpt":{"rendered":"Par Thibault Nadal Publi\u00e9 le 12 ao\u00fbt 2025 \u00e0 12h05 Plusieurs stations de la ligne M2 du m\u00e9tro&hellip;\n","protected":false},"author":2,"featured_media":117178,"comment_status":"","ping_status":"","sticky":false,"template":"","format":"standard","meta":{"footnotes":""},"categories":[2814],"tags":[1111,11,1777,674,1011,27,884,12,882,25,10783,104,2803],"class_list":{"0":"post-313843","1":"post","2":"type-post","3":"status-publish","4":"format-standard","5":"has-post-thumbnail","7":"category-marseille","8":"tag-actu","9":"tag-actualites","10":"tag-eu","11":"tag-europe","12":"tag-fr","13":"tag-france","14":"tag-marseille","15":"tag-news","16":"tag-provence-alpes-cote-dazur","17":"tag-republique-francaise","18":"tag-rtm","19":"tag-societe","20":"tag-transport"},"share_on_mastodon":{"url":"https:\/\/pubeurope.com\/@fr\/115015664506469951","error":""},"_links":{"self":[{"href":"https:\/\/www.europesays.com\/fr\/wp-json\/wp\/v2\/posts\/313843","targetHints":{"allow":["GET"]}}],"collection":[{"href":"https:\/\/www.europesays.com\/fr\/wp-json\/wp\/v2\/posts"}],"about":[{"href":"https:\/\/www.europesays.com\/fr\/wp-json\/wp\/v2\/types\/post"}],"author":[{"embeddable":true,"href":"https:\/\/www.europesays.com\/fr\/wp-json\/wp\/v2\/users\/2"}],"replies":[{"embeddable":true,"href":"https:\/\/www.europesays.com\/fr\/wp-json\/wp\/v2\/comments?post=313843"}],"version-history":[{"count":0,"href":"https:\/\/www.europesays.com\/fr\/wp-json\/wp\/v2\/posts\/313843\/revisions"}],"wp:featuredmedia":[{"embeddable":true,"href":"https:\/\/www.europesays.com\/fr\/wp-json\/wp\/v2\/media\/117178"}],"wp:attachment":[{"href":"https:\/\/www.europesays.com\/fr\/wp-json\/wp\/v2\/media?parent=313843"}],"wp:term":[{"taxonomy":"category","embeddable":true,"href":"https:\/\/www.europesays.com\/fr\/wp-json\/wp\/v2\/categories?post=313843"},{"taxonomy":"post_tag","embeddable":true,"href":"https:\/\/www.europesays.com\/fr\/wp-json\/wp\/v2\/tags?post=313843"}],"curies":[{"name":"wp","href":"https:\/\/api.w.org\/{rel}","templated":true}]}}