{"id":313852,"date":"2025-08-12T12:01:18","date_gmt":"2025-08-12T12:01:18","guid":{"rendered":"https:\/\/www.europesays.com\/fr\/313852\/"},"modified":"2025-08-12T12:01:18","modified_gmt":"2025-08-12T12:01:18","slug":"les-monuments-ouverts-paris-select","status":"publish","type":"post","link":"https:\/\/www.europesays.com\/fr\/313852\/","title":{"rendered":"les monuments ouverts \u2013 Paris Select"},"content":{"rendered":"<p>Le 15 ao\u00fbt, jour f\u00e9ri\u00e9 en France, offre une belle occasion de (re)d\u00e9couvrir Paris : voici 5 monuments embl\u00e9matiques que vous pouvez visiter ce jour-l\u00e0, entre histoire, architecture et \u00e9motions patrimoniales.<\/p>\n<p>Panth\u00e9on \u2013 Temple des grands Hommes<\/p>\n<p><img loading=\"lazy\" decoding=\"async\" width=\"726\" height=\"408\" src=\"data:image\/svg+xml,%3Csvg%20xmlns=\" http:=\"\" alt=\"\" class=\"wp-image-176337\" style=\"width:840px;height:auto\" data-lazy- data-lazy- data-lazy-src=\"https:\/\/www.europesays.com\/fr\/wp-content\/uploads\/2025\/08\/1panth55-edited.jpg\"\/><\/p>\n<p>Le <strong>Panth\u00e9on<\/strong> reste ouvert le 15 ao\u00fbt, accueillant les visiteurs dans son \u00e9crin n\u00e9oclassique surplombant les toits de Paris. Vous pourrez admirer la crypte des illustres personnalit\u00e9s et profiter de la vue exceptionnelle depuis la coupole. Un lieu charg\u00e9 de m\u00e9moire, parfait pour un moment empreint de solennit\u00e9 et de curiosit\u00e9.<\/p>\n<p><a href=\"https:\/\/www.paris-pantheon.fr\/\" target=\"_blank\" rel=\"noreferrer noopener nofollow\">\ud83d\udccdPanth\u00e9on, Pl. du Panth\u00e9on, 75005 Paris<\/a><\/p>\n<p>Sainte-Chapelle \u2013 Joyau du gothique <\/p>\n<p><img loading=\"lazy\" decoding=\"async\" width=\"2048\" height=\"1152\" src=\"data:image\/svg+xml,%3Csvg%20xmlns=\" http:=\"\" alt=\"\" class=\"wp-image-179924\" data-lazy- data-lazy- data-lazy-src=\"https:\/\/www.europesays.com\/fr\/wp-content\/uploads\/2025\/08\/Sainte-Chapelle.original.8622-edited-scaled.jpg\"\/><\/p>\n<p>La <strong>Sainte-Chapelle<\/strong>, situ\u00e9e sur l\u2019\u00eele de la Cit\u00e9, ouvre ses portes le jour de l\u2019Assomption. Ses vitraux extraordinaires, baignant l\u2019int\u00e9rieur d\u2019un ton bleu divin, offrent une exp\u00e9rience visuelle rare. Ce monument reste un moment suspendu, un chef-d\u2019\u0153uvre de lumi\u00e8re dans un Paris apais\u00e9 par la ferveur du jour f\u00e9ri\u00e9.<\/p>\n<p><a href=\"https:\/\/www.sainte-chapelle.fr\/\" target=\"_blank\" rel=\"noreferrer noopener nofollow\">\ud83d\udccdSainte-Chapelle, 10 Bd du Palais, 75001 Paris<\/a><\/p>\n<p>Conciergerie \u2013 Ancienne prison royale<\/p>\n<p><img loading=\"lazy\" decoding=\"async\" width=\"2048\" height=\"1152\" src=\"data:image\/svg+xml,%3Csvg%20xmlns=\" http:=\"\" alt=\"monuments \" class=\"wp-image-176341\" data-lazy- data-lazy- data-lazy-src=\"https:\/\/www.europesays.com\/fr\/wp-content\/uploads\/2025\/08\/Conciergerie-\u00b8-Caroline-Rose-CMN-4-copie-2-edited-scaled.jpg\"\/><\/p>\n<p>Juste \u00e0 c\u00f4t\u00e9, la <strong>Conciergerie<\/strong> vous plonge dans l\u2019histoire r\u00e9volutionnaire de Paris. Ce monument ouvre \u00e9galement le 15 ao\u00fbt. Visitez la Salle des Gens d\u2019Armes, les cellules historiques, et marchez dans les pas de Marie-Antoinette : un lieu puissant, o\u00f9 chaque mur raconte une part de notre pass\u00e9 national.<\/p>\n<p><a href=\"https:\/\/www.paris-conciergerie.fr\/\" target=\"_blank\" rel=\"noreferrer noopener nofollow\">\ud83d\udccdConciergerie, 2 Bd du Palais, 75001 Paris<\/a><\/p>\n<p>Arc de Triomphe \u2013 Vue panoramique et prestige<\/p>\n<p><img loading=\"lazy\" decoding=\"async\" width=\"880\" height=\"495\" src=\"data:image\/svg+xml,%3Csvg%20xmlns=\" http:=\"\" alt=\"monuments \" class=\"wp-image-176329\" data-lazy- data-lazy- data-lazy-src=\"https:\/\/www.europesays.com\/fr\/wp-content\/uploads\/2025\/08\/Arc-de-Triomphe_GettyImages-615063063-880x495.webp.webp\"\/><\/p>\n<p>Loin de la foule de la Tour Eiffel, l\u2019<strong>Arc de Triomphe<\/strong>, \u00e9galement ouvert ce jour-l\u00e0, offre un panorama \u00e0 360\u00b0 sur la ville. \u00c9rig\u00e9 en 1836, il c\u00e9l\u00e8bre les victoires fran\u00e7aises et abrite la tombe du soldat inconnu. Montez au sommet pour admirer les rayons du soleil filer le long des Champs-\u00c9lys\u00e9es.<\/p>\n<p><a href=\"https:\/\/www.paris-arc-de-triomphe.fr\/\" target=\"_blank\" rel=\"noreferrer noopener nofollow\">\ud83d\udccdArc de Triomphe, Pl. Charles de Gaulle<\/a><\/p>\n<p>Mus\u00e9e Gr\u00e9vin \u2013 L\u2019art de l\u2019illusion \u00e0 ciel ouvert<\/p>\n<p><img loading=\"lazy\" decoding=\"async\" width=\"1200\" height=\"675\" src=\"data:image\/svg+xml,%3Csvg%20xmlns=\" http:=\"\" alt=\"monuments \" class=\"wp-image-176345\" data-lazy- data-lazy- data-lazy-src=\"https:\/\/www.europesays.com\/fr\/wp-content\/uploads\/2025\/08\/musee-grevin-edited.webp.webp\"\/><\/p>\n<p>Si vous cherchez une visite plus ludique, le <strong>Mus\u00e9e Gr\u00e9vin<\/strong> reste ouvert le 15 ao\u00fbt. Entre personnalit\u00e9s en cire, d\u00e9cors de th\u00e9\u00e2tre et galeries historiques, ce lieu offre une parenth\u00e8se l\u00e9g\u00e8re et familiale. Une alternative originale pour clore la journ\u00e9e dans un d\u00e9cor parisien r\u00e9tro et \u00e9tonnant.<\/p>\n<p><a href=\"https:\/\/www.grevin-paris.com\/\" target=\"_blank\" rel=\"noreferrer noopener nofollow\">\ud83d\udccdMus\u00e9e Gr\u00e9vin, 10 Bd Montmartre, 75009 Paris<\/a><\/p>\n<p>Une autre fa\u00e7on de vivre Paris, m\u00eame un jour f\u00e9ri\u00e9 !<\/p>\n<p>Le 15 ao\u00fbt \u00e0 Paris, tout ne s\u2019arr\u00eate pas. Bien au contraire : la ville offre une <strong>version plus calme, plus accessible, mais toujours riche<\/strong> de culture. Que vous soyez amateur de grands classiques ou curieux de lieux insolites, ces monuments ouverts vous permettent de vivre une journ\u00e9e hors du temps, entre \u00e9motion patrimoniale et contemplation urbaine.<\/p>\n<p>Et si cette journ\u00e9e devenait <strong>le point de d\u00e9part d\u2019une nouvelle fa\u00e7on d\u2019explorer la capitale<\/strong> ? Sur <a href=\"https:\/\/www.parisselectbook.com\/category\/que-faire-a-paris\/\" rel=\"nofollow noopener\" target=\"_blank\">parisselectbook.com<\/a>, d\u00e9couvrez d\u2019autres adresses confidentielles, id\u00e9es de balades et exp\u00e9riences rares pour sortir des sentiers battus\u2026 m\u00eame les jours f\u00e9ri\u00e9s.<\/p>\n","protected":false},"excerpt":{"rendered":"Le 15 ao\u00fbt, jour f\u00e9ri\u00e9 en France, offre une belle occasion de (re)d\u00e9couvrir Paris : voici 5 monuments&hellip;\n","protected":false},"author":2,"featured_media":313853,"comment_status":"","ping_status":"","sticky":false,"template":"","format":"standard","meta":{"footnotes":""},"categories":[1888],"tags":[1111,1928,11,1927,1777,674,1011,27,12,1926,626,1925,25],"class_list":{"0":"post-313852","1":"post","2":"type-post","3":"status-publish","4":"format-standard","5":"has-post-thumbnail","7":"category-paris","8":"tag-actu","9":"tag-actu-paris","10":"tag-actualites","11":"tag-actualites-paris","12":"tag-eu","13":"tag-europe","14":"tag-fr","15":"tag-france","16":"tag-news","17":"tag-news-paris","18":"tag-paris","19":"tag-paris-news","20":"tag-republique-francaise"},"share_on_mastodon":{"url":"https:\/\/pubeurope.com\/@fr\/115015692083665250","error":""},"_links":{"self":[{"href":"https:\/\/www.europesays.com\/fr\/wp-json\/wp\/v2\/posts\/313852","targetHints":{"allow":["GET"]}}],"collection":[{"href":"https:\/\/www.europesays.com\/fr\/wp-json\/wp\/v2\/posts"}],"about":[{"href":"https:\/\/www.europesays.com\/fr\/wp-json\/wp\/v2\/types\/post"}],"author":[{"embeddable":true,"href":"https:\/\/www.europesays.com\/fr\/wp-json\/wp\/v2\/users\/2"}],"replies":[{"embeddable":true,"href":"https:\/\/www.europesays.com\/fr\/wp-json\/wp\/v2\/comments?post=313852"}],"version-history":[{"count":0,"href":"https:\/\/www.europesays.com\/fr\/wp-json\/wp\/v2\/posts\/313852\/revisions"}],"wp:featuredmedia":[{"embeddable":true,"href":"https:\/\/www.europesays.com\/fr\/wp-json\/wp\/v2\/media\/313853"}],"wp:attachment":[{"href":"https:\/\/www.europesays.com\/fr\/wp-json\/wp\/v2\/media?parent=313852"}],"wp:term":[{"taxonomy":"category","embeddable":true,"href":"https:\/\/www.europesays.com\/fr\/wp-json\/wp\/v2\/categories?post=313852"},{"taxonomy":"post_tag","embeddable":true,"href":"https:\/\/www.europesays.com\/fr\/wp-json\/wp\/v2\/tags?post=313852"}],"curies":[{"name":"wp","href":"https:\/\/api.w.org\/{rel}","templated":true}]}}