{"id":313860,"date":"2025-08-12T12:05:12","date_gmt":"2025-08-12T12:05:12","guid":{"rendered":"https:\/\/www.europesays.com\/fr\/313860\/"},"modified":"2025-08-12T12:05:12","modified_gmt":"2025-08-12T12:05:12","slug":"lavancee-eclair-de-larmee-russe-dans-la-region-de-donetsk-lexpress","status":"publish","type":"post","link":"https:\/\/www.europesays.com\/fr\/313860\/","title":{"rendered":"l\u2019avanc\u00e9e \u00e9clair de l\u2019arm\u00e9e russe dans la r\u00e9gion de Donetsk \u2013 L&rsquo;Express"},"content":{"rendered":"<p class=\"paragraph article-body-paragraph article__item   article-body-paragraph--first \">Les troupes russes ont avanc\u00e9 rapidement dans un secteur strat\u00e9gique du front dans <a href=\"https:\/\/www.lexpress.fr\/monde\/europe\/l-ukraine-hesite-entre-est-et-ouest_1302698.html\" target=\"_blank\" rel=\"noreferrer nofollow noopener\" title=\"https:\/\/www.lexpress.fr\/monde\/europe\/l-ukraine-hesite-entre-est-et-ouest_1302698.html\">l\u2019est de l\u2019Ukraine<\/a>, ont indiqu\u00e9 l\u2019arm\u00e9e ukrainienne et des analystes, ce mardi 12\u00a0ao\u00fbt. Cette progression a eu lieu au nord-est de Pokrovsk, ville mini\u00e8re et \u00e9picentre des combats, dans la r\u00e9gion orientale de Donetsk dont Moscou revendique l\u2019annexion.<\/p>\n<p class=\"paragraph article-body-paragraph article__item   \">En une seule journ\u00e9e, l\u2019arm\u00e9e russe aurait avanc\u00e9 d\u2019une dizaine de kilom\u00e8tres vers le nord le long d\u2019une route, \u00e0 un rythme bien plus soutenu que d\u2019habitude, selon le site d\u2019analyse militaire <a href=\"https:\/\/deepstatemap.live\/en#10\/48.2557699\/37.3535156\" target=\"_blank\" rel=\"noreferrer nofollow noopener\" title=\"https:\/\/deepstatemap.live\/en#10\/48.2557699\/37.3535156\">DeepState<\/a>. Une carte du front, publi\u00e9e par ce site proche de l\u2019arm\u00e9e ukrainienne, montre un \u00e9troit couloir d\u00e9sormais sous contr\u00f4le russe, mena\u00e7ant la ville garnison de Dobropillia, au nord-ouest de Pokrovsk.<\/p>\n<p><strong class=\"article-body-link-list__item text-gray-800 article-body-link-list__item--one-item\">LIRE AUSSI : <a class=\"article-body-link-list__item-link\" href=\"https:\/\/www.lexpress.fr\/monde\/europe\/michel-duclos-donald-trump-a-pris-conscience-de-son-erreur-initiale-sur-poutine-EZVDJ5HFEFBPXA5OFRTAA6C224\/\" target=\"_blank\" rel=\"noreferrer nofollow noopener\">Michel Duclos : \u00ab\u00a0Donald Trump a pris conscience de son erreur initiale sur Poutine\u00a0\u00bb<\/a><\/strong><\/p>\n<p class=\"paragraph article-body-paragraph article__item   \">Le pr\u00e9sident ukrainien <a href=\"https:\/\/www.lexpress.fr\/monde\/en-ukraine-la-faute-politique-de-zelensky-risque-de-laisser-des-traces-QU2Y5Y7MR5BCNIC4XJCBPJ7ATQ\/\" target=\"_blank\" rel=\"noreferrer nofollow noopener\" title=\"https:\/\/www.lexpress.fr\/monde\/en-ukraine-la-faute-politique-de-zelensky-risque-de-laisser-des-traces-QU2Y5Y7MR5BCNIC4XJCBPJ7ATQ\/\">Volodymyr Zelensky<\/a> a assur\u00e9 ce mardi que la Russie pr\u00e9parait de nouvelles attaques en Ukraine, \u00e0 quelques jours des <a href=\"https:\/\/www.lexpress.fr\/monde\/europe\/sommet-en-alaska-vladimir-poutine-obtient-ce-quil-veut-de-donald-trump-YO24L5TG4FBLLLIMO6AWQGZCAU\/\" target=\"_blank\" rel=\"noreferrer nofollow noopener\" title=\"https:\/\/www.lexpress.fr\/monde\/europe\/sommet-en-alaska-vladimir-poutine-obtient-ce-quil-veut-de-donald-trump-YO24L5TG4FBLLLIMO6AWQGZCAU\/\">n\u00e9gociations de paix<\/a> pr\u00e9vues entre Vladimir Poutine et Donald Trump en Alaska. \u00ab\u00a0Nous constatons que l\u2019arm\u00e9e russe ne s\u2019appr\u00eate pas \u00e0 mettre fin \u00e0 la guerre. Au contraire, ils sont engag\u00e9s dans des mouvements qui indiquent la pr\u00e9paration de nouvelles offensives\u00a0\u00bb, a d\u00e9clar\u00e9 le dirigeant ukrainien sur le r\u00e9seau social X.<\/p>\n<p>Des forces russes \u00ab\u00a0nettement sup\u00e9rieures\u00a0\u00bb<\/p>\n<p class=\"paragraph article-body-paragraph article__item   \">L\u2019Etat-major de l\u2019arm\u00e9e <a href=\"https:\/\/www.lexpress.fr\/environnement\/maxim-timchenko-dtek-lukraine-est-le-geant-endormi-de-lenergie-europeenne-QDDXFMRT5JENLCWDGN4GPYXQLA\/\" target=\"_blank\" rel=\"noreferrer nofollow noopener\" title=\"https:\/\/www.lexpress.fr\/environnement\/maxim-timchenko-dtek-lukraine-est-le-geant-endormi-de-lenergie-europeenne-QDDXFMRT5JENLCWDGN4GPYXQLA\/\">ukrainienne<\/a> a quant \u00e0 lui d\u00e9clar\u00e9 ce mardi matin que des combats avaient lieu \u00e0 Koutcheriv Iar, un petit village qui se trouvait il y a encore quelques semaines \u00e0 plusieurs kilom\u00e8tres du front, admettant de fait l\u2019avanc\u00e9e russe dans cette zone. Le groupe op\u00e9rationnel-tactique Donetsk, qui combat dans la zone, a lui aussi assur\u00e9 ce mardi sur Facebook avoir \u00ab\u00a0engag\u00e9 des combats d\u00e9fensifs \u00e9puisants\u00a0\u00bb contre des forces russes \u00ab\u00a0nettement sup\u00e9rieures\u00a0\u00bb. Une situation \u00ab\u00a0complexe, d\u00e9sagr\u00e9able et dynamique\u00a0\u00bb, due \u00e0 l\u2019infiltration de troupes russes entre les lignes de d\u00e9fense ukrainiennes, alerte le groupement.<\/p>\n<p><img decoding=\"async\" src=\"https:\/\/www.europesays.com\/fr\/wp-content\/uploads\/2025\/08\/FBGPJWTBGVGKVLMV2A7X4Y2EZQ.png\" class=\"image-with-legend__cover-img\" alt=\"Contr\u00f4le du terrain \u00e9valu\u00e9 dans la direction de Pokrovsk, le 11 ao\u00fbt 2025 \u00e0 13h30 HAE.\" width=\"883\" height=\"0\" loading=\"lazy\"\/><\/p>\n<p class=\"image-with-legend__legend\">Contr\u00f4le du terrain \u00e9valu\u00e9 dans la direction de Pokrovsk, le 11 ao\u00fbt 2025 \u00e0 13h30, \u00e0 l&rsquo;heure de l\u2019Est nord-am\u00e9ricain.\n<\/p>\n<p class=\"image-with-legend__credits\"> \u00a9  \/ Institute for the Stduy of War (ISW) and Critical Threats (CT)<\/p>\n<p class=\"paragraph article-body-paragraph article__item   \">Une analyse partag\u00e9e par l\u2019Institut am\u00e9ricain pour l\u2019\u00e9tude de la guerre (<a href=\"https:\/\/www.understandingwar.org\/backgrounder\/russian-offensive-campaign-assessment-august-11-2025\" target=\"_blank\" rel=\"noreferrer nofollow noopener\" title=\"https:\/\/www.understandingwar.org\/backgrounder\/russian-offensive-campaign-assessment-august-11-2025\">ISW<\/a>), qui a cependant affirm\u00e9 qu\u2019il \u00e9tait \u00ab\u00a0pr\u00e9matur\u00e9\u00a0\u00bb de qualifier les avanc\u00e9es russes de \u00ab\u00a0perc\u00e9e op\u00e9rationnelle\u00a0\u00bb, et que les prochains jours seraient \u00ab\u00a0probablement cruciaux\u00a0\u00bb. L\u2019ISW a n\u00e9anmoins compar\u00e9 cette p\u00e9n\u00e9tration tactique \u00e0 celle qui avait permis une avanc\u00e9e russe majeure en avril\u00a02024, apr\u00e8s la prise de la ville d\u2019Avdiivka, au prix d\u2019une longue et sanglante bataille. Selon l\u2019institut, la Russie \u00ab\u00a0se concentre probablement sur des avanc\u00e9es en direction de Dobropillya, afin de cr\u00e9er des conditions informationnelles avant le sommet am\u00e9ricano-russe du 15\u00a0ao\u00fbt.\u00a0\u00bb Ainsi, Vladimir <a href=\"https:\/\/www.lexpress.fr\/monde\/sommet-trump-poutine-pourquoi-le-choix-de-lalaska-est-loin-detre-anodin-IXMPQKOKANBNBJ36F5QJOGCLFQ\/\" target=\"_blank\" rel=\"noreferrer nofollow noopener\" title=\"https:\/\/www.lexpress.fr\/monde\/sommet-trump-poutine-pourquoi-le-choix-de-lalaska-est-loin-detre-anodin-IXMPQKOKANBNBJ36F5QJOGCLFQ\/\">Poutine<\/a> \u00ab\u00a0cherche probablement \u00e0 tirer parti des pouss\u00e9es tactiques intensifi\u00e9es \u00e0 Avdiivka pour cr\u00e9er les conditions n\u00e9cessaires afin d\u2019obtenir des concessions am\u00e9ricaines concernant la guerre men\u00e9e par la Russie en Ukraine\u00a0\u00bb, analyse l\u2019ISW.<\/p>\n<p class=\"paragraph article-body-paragraph article__item   \">Un blogueur militaire ukrainien, Sternenko, a aussi \u00e9crit sur Telegram que cette avanc\u00e9e avait permis aux troupes russes de s\u2019emparer de certaines portions d\u2019une route reliant d\u2019importantes villes de la r\u00e9gion. Il avait affirm\u00e9 plus t\u00f4t que la situation \u00e9tait \u00ab\u00a0critique\u00a0\u00bb. La police nationale a de son c\u00f4t\u00e9 annonc\u00e9 que trois personnes avaient \u00e9t\u00e9 tu\u00e9es et 13\u00a0autres bless\u00e9es ce mardi dans des <a href=\"https:\/\/www.lexpress.fr\/monde\/europe\/la-lituanie-demande-laide-de-lotan-apres-un-incident-impliquant-un-drone-russe-EVWKUKUBIRCSZDN5JFGGO4SLLU\/\" target=\"_blank\" rel=\"noreferrer nofollow noopener\" title=\"https:\/\/www.lexpress.fr\/monde\/europe\/la-lituanie-demande-laide-de-lotan-apres-un-incident-impliquant-un-drone-russe-EVWKUKUBIRCSZDN5JFGGO4SLLU\/\">attaques<\/a> de bombes planantes et de roquettes russes sur cette m\u00eame r\u00e9gion.<\/p>\n<p><strong class=\"article-body-link-list__item text-gray-800 article-body-link-list__item--one-item\">LIRE AUSSI : <a class=\"article-body-link-list__item-link\" href=\"https:\/\/www.lexpress.fr\/monde\/europe\/rendre-la-vie-invivable-en-ukraine-le-fleau-sans-limite-des-frappes-aeriennes-russes-5TQQSOMDRJHONDFOM4YPS3ORXU\/\" target=\"_blank\" rel=\"noreferrer nofollow noopener\">\u00ab\u00a0Rendre la vie invivable\u00a0\u00bb : en Ukraine, le fl\u00e9au sans limite des frappes a\u00e9riennes russes<\/a><\/strong><\/p>\n<p class=\"paragraph article-body-paragraph article__item    article__text__endpicto\">L\u2019Ukraine craint que <a href=\"https:\/\/www.lexpress.fr\/monde\/europe\/ukraine-a-la-veille-du-sommet-en-alaska-donald-trump-tient-toujours-a-lecart-volodymyr-zelensky-JOAJGGJYNFH6HFYAINEQV7PV7Q\/\" target=\"_blank\" rel=\"noreferrer nofollow noopener\" title=\"https:\/\/www.lexpress.fr\/monde\/europe\/ukraine-a-la-veille-du-sommet-en-alaska-donald-trump-tient-toujours-a-lecart-volodymyr-zelensky-JOAJGGJYNFH6HFYAINEQV7PV7Q\/\">la rencontre<\/a> entre Donald Trump et Vladimir Poutine ce vendredi 15\u00a0ao\u00fbt, pr\u00e9vue pour l\u2019heure sans la participation de leur homologue ukrainien Volodymyr Zelensky, n\u2019aboutisse \u00e0 un accord qui la forcerait \u00e0 c\u00e9der des parties de son territoire \u00e0 la Russie. Selon Volodymyr Zelensky, la Russie ne semble en rien disposer \u00ab\u00a0\u00e0 mettre fin \u00e0 la guerre\u00a0\u00bb, mais plut\u00f4t \u00e0 de \u00ab\u00a0nouvelles offensives\u00a0\u00bb en Ukraine.<\/p>\n","protected":false},"excerpt":{"rendered":"Les troupes russes ont avanc\u00e9 rapidement dans un secteur strat\u00e9gique du front dans l\u2019est de l\u2019Ukraine, ont indiqu\u00e9&hellip;\n","protected":false},"author":2,"featured_media":313861,"comment_status":"","ping_status":"","sticky":false,"template":"","format":"standard","meta":{"footnotes":""},"categories":[1590],"tags":[11,1777,674,74,12,220],"class_list":{"0":"post-313860","1":"post","2":"type-post","3":"status-publish","4":"format-standard","5":"has-post-thumbnail","7":"category-ukraine","8":"tag-actualites","9":"tag-eu","10":"tag-europe","11":"tag-monde","12":"tag-news","13":"tag-ukraine"},"share_on_mastodon":{"url":"https:\/\/pubeurope.com\/@fr\/115015707807845850","error":""},"_links":{"self":[{"href":"https:\/\/www.europesays.com\/fr\/wp-json\/wp\/v2\/posts\/313860","targetHints":{"allow":["GET"]}}],"collection":[{"href":"https:\/\/www.europesays.com\/fr\/wp-json\/wp\/v2\/posts"}],"about":[{"href":"https:\/\/www.europesays.com\/fr\/wp-json\/wp\/v2\/types\/post"}],"author":[{"embeddable":true,"href":"https:\/\/www.europesays.com\/fr\/wp-json\/wp\/v2\/users\/2"}],"replies":[{"embeddable":true,"href":"https:\/\/www.europesays.com\/fr\/wp-json\/wp\/v2\/comments?post=313860"}],"version-history":[{"count":0,"href":"https:\/\/www.europesays.com\/fr\/wp-json\/wp\/v2\/posts\/313860\/revisions"}],"wp:featuredmedia":[{"embeddable":true,"href":"https:\/\/www.europesays.com\/fr\/wp-json\/wp\/v2\/media\/313861"}],"wp:attachment":[{"href":"https:\/\/www.europesays.com\/fr\/wp-json\/wp\/v2\/media?parent=313860"}],"wp:term":[{"taxonomy":"category","embeddable":true,"href":"https:\/\/www.europesays.com\/fr\/wp-json\/wp\/v2\/categories?post=313860"},{"taxonomy":"post_tag","embeddable":true,"href":"https:\/\/www.europesays.com\/fr\/wp-json\/wp\/v2\/tags?post=313860"}],"curies":[{"name":"wp","href":"https:\/\/api.w.org\/{rel}","templated":true}]}}