{"id":313867,"date":"2025-08-12T12:09:12","date_gmt":"2025-08-12T12:09:12","guid":{"rendered":"https:\/\/www.europesays.com\/fr\/313867\/"},"modified":"2025-08-12T12:09:12","modified_gmt":"2025-08-12T12:09:12","slug":"grand-basculement-de-laide-militaire-a-lukraine-leurope-creuse-lecart-avec-les-etats-unis-lindustrie-de-defense-monte-en-puissance-12-08-2025-a-1239","status":"publish","type":"post","link":"https:\/\/www.europesays.com\/fr\/313867\/","title":{"rendered":"Grand \u00ab\u00a0basculement\u00a0\u00bb de l&rsquo;aide militaire \u00e0 l&rsquo;Ukraine : l&rsquo;Europe creuse l&rsquo;\u00e9cart avec les Etats-Unis, l&rsquo;industrie de d\u00e9fense monte en puissance &#8211; 12\/08\/2025 \u00e0 12:39"},"content":{"rendered":"<p> Le Kiel Institute pointe l&rsquo;\u00e9volution du soutien militaire de l&rsquo;Europe et de ses alli\u00e9s proches, qui puisent d\u00e9sormais moins dans leurs stocks d&rsquo;armes et produisent directement pour approvisionner les forces ukrainiennes dans leur d\u00e9fense face \u00e0 l&rsquo;agression russe.<\/p>\n<p>        <img fetchpriority=\"high\" decoding=\"async\" src=\"https:\/\/www.europesays.com\/fr\/wp-content\/uploads\/2025\/08\/334c5c26a54838a564686b84ae41a1e3-760x507.jpg\" alt=\"Un tank Leopard 2A4 de la 33e Brigade m\u00e9canis\u00e9e ukrainienne, le 30 avril 2025 ( AFP \/ GENYA SAVILOV )\" loading=\"eager\" width=\"760\" height=\"507\" style=\"max-width: 100%!important; height: auto;\"\/><\/p>\n<p class=\"c-image-news__legend\">Un tank Leopard 2A4 de la 33e Brigade m\u00e9canis\u00e9e ukrainienne, le 30 avril 2025 ( AFP \/ GENYA SAVILOV )<\/p>\n<p>\n L&rsquo;Europe pourra t-elle combler le vide laiss\u00e9 par la prise de distance am\u00e9ricaine dans le soutien \u00e0 l&rsquo;Ukraine? Si l&rsquo;incertitude demeure sur l&rsquo;issue de l&rsquo;invasion \u00e0 grande \u00e9chelle des troupes russes sur le terrain, le Vieux continent et ses alli\u00e9s a dans tous les cas encore accru son aide militaire \u00e0 l&rsquo;Ukraine en mai et juin, contrairement aux \u00c9tats-Unis. Tendance notable :<br \/>\n <strong><br \/>\n  l&rsquo;Europe s&rsquo;appuie de plus en plus sur son industrie de d\u00e9fense plut\u00f4t que sur les stocks existants d&rsquo;armement,<br \/>\n <\/strong><br \/>\n a indiqu\u00e9 mardi 12 ao\u00fbt l&rsquo;institut de recherche allemand Kiel Institute.\n<\/p>\n<p>\n Les Europ\u00e9ens, Royaume-Uni compris, ont ainsi donn\u00e9 ou allou\u00e9 \u00e0 l&rsquo;Ukraine<br \/>\n <strong><br \/>\n  80,5 milliards d&rsquo;euros au total d&rsquo;aide militaire entre le d\u00e9but de la guerre et fin juin, contre 64,6 milliards pour les \u00c9tats-Unis.<br \/>\n <\/strong><br \/>\n Selon l&rsquo;institut, le cumul de l&rsquo;aide militaire europ\u00e9enne avait d\u00e9pass\u00e9 les Etats-Unis au printemps, pour la premi\u00e8re fois depuis juin 2022. \u00ab\u00a0Une importante part des armes fournies ne provient plus des stocks mais directement de l&rsquo;industrie de d\u00e9fense\u00a0\u00bb, note le Kiel Institute.\n<\/p>\n<p>\n D\u00e9sormais, les contrats pass\u00e9s par les Europ\u00e9ens \u00e0 l&rsquo;industrie d\u00e9passent les commandes des \u00c9tats-Unis, \u00ab\u00a0marquant<br \/>\n <strong><br \/>\n  un net basculement du recours aux arsenaux vers la production industrielle<br \/>\n <\/strong><br \/>\n \u00ab\u00a0, explique Taro Nishikawa, responsable du \u00ab\u00a0Ukraine Support Tracker\u00a0\u00bb du centre de recherche.\n<\/p>\n<p>\n En mai et juin, l&rsquo;Europe a allou\u00e9 10,5 milliards d&rsquo;euros d&rsquo;aide militaire \u00e0 l&rsquo;Ukraine: l&rsquo;Allemagne y a consacr\u00e9 un paquet d&rsquo;aide de 5 milliards d&rsquo;euros, suivie par la Norv\u00e8ge avec 1,5 milliard et la Belgique avec 1,2 milliard. Les Pays-Bas, le Royaume-Uni et le Danemark ont chacun allou\u00e9 entre 500 et 600 millions d&rsquo;euros.\n<\/p>\n<p>\n Au moins 4,6 milliards d&rsquo;euros de l&rsquo;aide militaire europ\u00e9enne,<br \/>\n <strong><br \/>\n  soit 44% du total de mai et juin, prennent la forme de contrats d&rsquo;approvisionnement,<br \/>\n <\/strong><br \/>\n pass\u00e9s principalement avec des entreprises de d\u00e9fense bas\u00e9es en Europe, notamment en Ukraine, selon le Kiel Institute.\n<\/p>\n<p> L&rsquo;administration Trump se f\u00e9licite de son d\u00e9sengagement<\/p>\n<p>\n Dans le m\u00eame temps, Washington a approuv\u00e9 d&rsquo;importantes exportations d&rsquo;armes vers l&rsquo;Ukraine en mai, mais pas sous forme d&rsquo;aide militaire au sens du Kiel Institute, puisqu&rsquo;il s&rsquo;agit d&rsquo;achats que Kiev doit financer elle-m\u00eame.\n<\/p>\n<p>\n Les Etats-Unis \u00e9taient les principaux pourvoyeurs d&rsquo;aide \u00e0 l&rsquo;Ukraine avant le retour \u00e0 la Maison Blanche, le 20 janvier, de Donald Trump, qui a rompu avec la strat\u00e9gie de soutien de Joe Biden.<br \/>\n <strong><br \/>\n  \u00ab\u00a0Je pense que (&#8230;) nous en avons fini avec le financement de cette guerre en Ukraine\u00a0\u00bb<br \/>\n <\/strong><br \/>\n a  d\u00e9clar\u00e9 le vice-pr\u00e9sident am\u00e9ricain JD Vance dans une interview diffus\u00e9e dimanche sur la cha\u00eene conservatrice<\/p>\n<p>  Fox News<\/p>\n<p> .\n<\/p>\n<p>\n \u00ab\u00a0Si les Europ\u00e9ens veulent prendre le relais et acheter les armes aux fabricants am\u00e9ricains, nous n&rsquo;y voyons pas d&rsquo;inconv\u00e9nient\u00a0\u00bb, a-t-il ajout\u00e9. Donald Trump et son homologue russe Vladimir Poutine doivent se retrouver en Alaska vendredi pour \u00e9voquer, selon le pr\u00e9sident am\u00e9ricain, un possible accord pr\u00e9voyant \u00ab\u00a0des \u00e9changes de territoires\u00a0\u00bb pour mettre fin \u00e0 la guerre qui s\u00e9vit en Ukraine depuis l&rsquo;invasion de la Russie il y a plus de trois ans.<\/p>\n","protected":false},"excerpt":{"rendered":"Le Kiel Institute pointe l&rsquo;\u00e9volution du soutien militaire de l&rsquo;Europe et de ses alli\u00e9s proches, qui puisent d\u00e9sormais&hellip;\n","protected":false},"author":2,"featured_media":313868,"comment_status":"","ping_status":"","sticky":false,"template":"","format":"standard","meta":{"footnotes":""},"categories":[1586],"tags":[400,11,398,408,405,1777,674,1011,27,403,402,399,404,12,25,401,406,407],"class_list":{"0":"post-313867","1":"post","2":"type-post","3":"status-publish","4":"format-standard","5":"has-post-thumbnail","7":"category-europe","8":"tag-action-cac-40","9":"tag-actualites","10":"tag-bourse-de-paris","11":"tag-boursorama","12":"tag-cotations","13":"tag-eu","14":"tag-europe","15":"tag-fr","16":"tag-france","17":"tag-indices-devises","18":"tag-investir","19":"tag-investissement","20":"tag-marche-boursier","21":"tag-news","22":"tag-republique-francaise","23":"tag-sicav","24":"tag-trackers","25":"tag-warrants"},"share_on_mastodon":{"url":"https:\/\/pubeurope.com\/@fr\/115015723575862899","error":""},"_links":{"self":[{"href":"https:\/\/www.europesays.com\/fr\/wp-json\/wp\/v2\/posts\/313867","targetHints":{"allow":["GET"]}}],"collection":[{"href":"https:\/\/www.europesays.com\/fr\/wp-json\/wp\/v2\/posts"}],"about":[{"href":"https:\/\/www.europesays.com\/fr\/wp-json\/wp\/v2\/types\/post"}],"author":[{"embeddable":true,"href":"https:\/\/www.europesays.com\/fr\/wp-json\/wp\/v2\/users\/2"}],"replies":[{"embeddable":true,"href":"https:\/\/www.europesays.com\/fr\/wp-json\/wp\/v2\/comments?post=313867"}],"version-history":[{"count":0,"href":"https:\/\/www.europesays.com\/fr\/wp-json\/wp\/v2\/posts\/313867\/revisions"}],"wp:featuredmedia":[{"embeddable":true,"href":"https:\/\/www.europesays.com\/fr\/wp-json\/wp\/v2\/media\/313868"}],"wp:attachment":[{"href":"https:\/\/www.europesays.com\/fr\/wp-json\/wp\/v2\/media?parent=313867"}],"wp:term":[{"taxonomy":"category","embeddable":true,"href":"https:\/\/www.europesays.com\/fr\/wp-json\/wp\/v2\/categories?post=313867"},{"taxonomy":"post_tag","embeddable":true,"href":"https:\/\/www.europesays.com\/fr\/wp-json\/wp\/v2\/tags?post=313867"}],"curies":[{"name":"wp","href":"https:\/\/api.w.org\/{rel}","templated":true}]}}