{"id":313869,"date":"2025-08-12T12:10:34","date_gmt":"2025-08-12T12:10:34","guid":{"rendered":"https:\/\/www.europesays.com\/fr\/313869\/"},"modified":"2025-08-12T12:10:34","modified_gmt":"2025-08-12T12:10:34","slug":"la-france-soppose-a-lassouplissement-des-regles-relatives-aux-exportations-darmes-intra-ue-2","status":"publish","type":"post","link":"https:\/\/www.europesays.com\/fr\/313869\/","title":{"rendered":"La France s&rsquo;oppose \u00e0 l&rsquo;assouplissement des r\u00e8gles relatives aux exportations d&rsquo;armes intra-UE"},"content":{"rendered":"<p style=\"text-align: left\"><b>Paris s\u2019oppose fermement \u00e0 toute r\u00e9vision des r\u00e8gles de l\u2019UE en mati\u00e8re de contr\u00f4le des exportations d\u2019\u00e9quipements de d\u00e9fense au sein du bloc, ont confi\u00e9 \u00e0 Euractiv des sources au fait du dossier.<\/b><\/p>\n<p style=\"text-align: left\">Afin de r\u00e9duire les charges administratives et d\u2019acc\u00e9l\u00e9rer la production d\u2019armes, la Commission europ\u00e9enne a propos\u00e9 de faciliter la circulation des produits li\u00e9s \u00e0 la d\u00e9fense entre les \u00c9tats membres de l\u2019UE en assouplissant les r\u00e8gles nationales de contr\u00f4le des exportations.<\/p>\n<p style=\"text-align: left\">Apr\u00e8s une premi\u00e8re <a href=\"https:\/\/www.euractiv.fr\/section\/defense\/news\/production-de-munitions-les-etats-membres-veulent-supprimer-certaines-dispositions-de-la-proposition-de-loi\/\" target=\"_blank\" rel=\"noopener nofollow\">tentative infructueuse<\/a> il y a deux ans, l\u2019ex\u00e9cutif europ\u00e9en a de nouveau propos\u00e9 de r\u00e9viser ces r\u00e8gles dans le cadre du programme europ\u00e9en d\u2019investissement pour la d\u00e9fense (EDIP). L\u2019EDIP a pour objectif de subventionner la production et l\u2019acquisition d\u2019armements en Europe, dans le but de renforcer l\u2019industrie de la d\u00e9fense du continent sur le long terme.<\/p>\n<p style=\"text-align: left\">Mais un an apr\u00e8s le d\u00e9but des n\u00e9gociations sur l\u2019EDIP, et \u00e0 quelques semaines de la cl\u00f4ture des d\u00e9bats, des divergences subsistent. Des sources ont r\u00e9cemment indiqu\u00e9 \u00e0 Euractiv que les Fran\u00e7ais restent oppos\u00e9s \u00e0 un assouplissement des r\u00e8gles en mati\u00e8re de contr\u00f4le des exportations.<\/p>\n<p style=\"text-align: left\">Avec l\u2019EDIP, Paris devrait renoncer \u00e0 l\u2019obligation, pr\u00e9vue dans son droit national, de contr\u00f4ler le trajet des produits de d\u00e9fense vendus par la France au sein de l\u2019Union europ\u00e9enne.<\/p>\n<p style=\"text-align: left\">Actuellement, lorsqu\u2019une entreprise d\u2019un pays A vend un produit jug\u00e9 \u00ab sensible \u00bb \u00e0 un pays B dans l\u2019UE, le gouvernement du pays A doit approuver la vente, comme il le fait pour tout autre produit de d\u00e9fense. Par la suite, si le pays B souhaite int\u00e9grer ce composant dans un autre produit et le revendre \u00e0 un pays C, il doit obtenir l\u2019accord pr\u00e9alable du pays A.<\/p>\n<p style=\"text-align: left\">Mais l\u2019EDIP contourne cette exigence d\u2019autorisation pr\u00e9alable : le pays B pourrait ainsi revendre au pays C des produits sensibles achet\u00e9s au pays A, sans avoir besoin de l\u2019accord de ce dernier.<\/p>\n<p style=\"text-align: left\">La France estime que cette nouvelle disposition va au-del\u00e0 de ce qui est actuellement pr\u00e9vu par le droit europ\u00e9en en mati\u00e8re de transferts intra-UE de produits li\u00e9s \u00e0 la d\u00e9fense, qui ne mentionnent pas cette question sp\u00e9cifique. De plus, elle prive la France de son droit de savoir o\u00f9 aboutissent les composants sensibles, affirment des responsables fran\u00e7ais.<\/p>\n<p style=\"text-align: left\">Bien que Paris se soit oppos\u00e9 \u00e0 cette clause en particulier, il n\u2019est pas certain qu\u2019elle parviendra \u00e0 obtenir sa modification.<\/p>\n<p style=\"text-align: left\">En effet, face \u00e0 une lutte plus importante qui se profile concernant la question de l\u2019acc\u00e8s des pays non membres de l\u2019UE au programme de d\u00e9fense, les Fran\u00e7ais pourraient \u00eatre contraints de faire des compromis et de laisser leurs revendications concernant cette clause de c\u00f4t\u00e9, a indiqu\u00e9 une source proche du dossier \u00e0 Euractiv.<\/p>\n<p style=\"text-align: left\">Le pays m\u00e8ne d\u00e9j\u00e0 <a href=\"https:\/\/www.euractiv.fr\/section\/defense\/news\/le-programme-europeen-dinvestissement-dans-le-domaine-de-la-defense-a-nouveau-dans-limpasse\/\" target=\"_blank\" rel=\"noopener nofollow\">un combat solitaire<\/a> contre l\u2019ouverture des fonds europ\u00e9ens aux entreprises \u00e9trang\u00e8res qui fabriquent leurs \u00e9quipements en Europe \u2014 en particulier les missiles \u2014 ou aux entreprises qui n\u2019ont pas le droit de modifier leurs produits en fonction de besoins sp\u00e9cifiques, ou dont les produits sont soumis \u00e0 des restrictions d\u2019utilisation.<\/p>\n<p style=\"text-align: left\">Et la campagne de Paris contre une modification des r\u00e8gles relatives aux exportations intra-UE dans le domaine de la d\u00e9fense ne s\u2019arr\u00eate pas l\u00e0.<\/p>\n<p style=\"text-align: left\">Le pays veut emp\u00eacher la Commission de <a href=\"https:\/\/www.euractiv.fr\/section\/defense\/news\/lagenda-de-lue-en-matiere-de-defense-pour-lannee-2025\/\" target=\"_blank\" rel=\"noopener nofollow\">lancer une r\u00e9vision<\/a> de la directive dans son ensemble. Toute r\u00e9vision entra\u00eenerait soit un durcissement, soit un assouplissement des r\u00e8gles, et sans doute des heures de n\u00e9gociations sur de nombreuses questions techniques et hautement politiques li\u00e9es \u00e0 la pr\u00e9rogative nationale en mati\u00e8re de vente d\u2019armes.<\/p>\n<p><img loading=\"lazy\" decoding=\"async\" width=\"800\" height=\"600\" src=\"https:\/\/www.europesays.com\/fr\/wp-content\/uploads\/2025\/04\/VDL-Informal-Retreat-800x600.jpg\" class=\"attachment-4x3 size-4x3 wp-post-image ea-media-unrolled ea-media-formatted img-responsive\" alt=\"\"\/><\/p>\n<p>[\u00c9dit\u00e9 par Anne-Sophie Gayet]<\/p>\n","protected":false},"excerpt":{"rendered":"Paris s\u2019oppose fermement \u00e0 toute r\u00e9vision des r\u00e8gles de l\u2019UE en mati\u00e8re de contr\u00f4le des exportations d\u2019\u00e9quipements de&hellip;\n","protected":false},"author":2,"featured_media":57324,"comment_status":"","ping_status":"","sticky":false,"template":"","format":"standard","meta":{"footnotes":""},"categories":[1586],"tags":[11,1777,674,1779,1011,27,12,25,1778,364],"class_list":{"0":"post-313869","1":"post","2":"type-post","3":"status-publish","4":"format-standard","5":"has-post-thumbnail","7":"category-europe","8":"tag-actualites","9":"tag-eu","10":"tag-europe","11":"tag-european-union","12":"tag-fr","13":"tag-france","14":"tag-news","15":"tag-republique-francaise","16":"tag-ue","17":"tag-union-europeenne"},"share_on_mastodon":{"url":"https:\/\/pubeurope.com\/@fr\/115015727458196480","error":""},"_links":{"self":[{"href":"https:\/\/www.europesays.com\/fr\/wp-json\/wp\/v2\/posts\/313869","targetHints":{"allow":["GET"]}}],"collection":[{"href":"https:\/\/www.europesays.com\/fr\/wp-json\/wp\/v2\/posts"}],"about":[{"href":"https:\/\/www.europesays.com\/fr\/wp-json\/wp\/v2\/types\/post"}],"author":[{"embeddable":true,"href":"https:\/\/www.europesays.com\/fr\/wp-json\/wp\/v2\/users\/2"}],"replies":[{"embeddable":true,"href":"https:\/\/www.europesays.com\/fr\/wp-json\/wp\/v2\/comments?post=313869"}],"version-history":[{"count":0,"href":"https:\/\/www.europesays.com\/fr\/wp-json\/wp\/v2\/posts\/313869\/revisions"}],"wp:featuredmedia":[{"embeddable":true,"href":"https:\/\/www.europesays.com\/fr\/wp-json\/wp\/v2\/media\/57324"}],"wp:attachment":[{"href":"https:\/\/www.europesays.com\/fr\/wp-json\/wp\/v2\/media?parent=313869"}],"wp:term":[{"taxonomy":"category","embeddable":true,"href":"https:\/\/www.europesays.com\/fr\/wp-json\/wp\/v2\/categories?post=313869"},{"taxonomy":"post_tag","embeddable":true,"href":"https:\/\/www.europesays.com\/fr\/wp-json\/wp\/v2\/tags?post=313869"}],"curies":[{"name":"wp","href":"https:\/\/api.w.org\/{rel}","templated":true}]}}