{"id":313878,"date":"2025-08-12T12:16:11","date_gmt":"2025-08-12T12:16:11","guid":{"rendered":"https:\/\/www.europesays.com\/fr\/313878\/"},"modified":"2025-08-12T12:16:11","modified_gmt":"2025-08-12T12:16:11","slug":"petite-frayeur-autour-de-cheslin-kolbe","status":"publish","type":"post","link":"https:\/\/www.europesays.com\/fr\/313878\/","title":{"rendered":"Petite frayeur autour de Cheslin Kolbe !"},"content":{"rendered":"<p>Les Springboks devront se passer de Cheslin Kolbe pour leur entr\u00e9e en lice dans le Rugby Championship, ce samedi 16 ao\u00fbt face \u00e0 l\u2019Australie.<\/p>\n<p>L\u2019ailier, double champion du monde et h\u00e9ros malheureux des Bleus en quart de finale du Mondial 2023 avec son contre d\u00e9cisif sur Thomas Ramos, est m\u00e9nag\u00e9 par son s\u00e9lectionneur Rassie Erasmus.<\/p>\n<p><strong>Ce dernier a confi\u00e9 \u00e0 Planet Rugby avoir craint une blessure s\u00e9rieuse au genou de l\u2019ancien Toulousain :<\/strong><\/p>\n<p>\u00ab Cheslin sera pr\u00eat la semaine prochaine. Il a pass\u00e9 un scanner du genou et nous pensions initialement que c\u2019\u00e9tait un peu plus grave, mais il \u00e9tait finalement pr\u00eat \u00e0 jouer ce week-end. \u00bb<\/p>\n<p><strong>Malgr\u00e9 cette aptitude, Erasmus pr\u00e9f\u00e8re jouer la prudence :<\/strong><\/p>\n<p>\u00ab C\u2019est une mesure de s\u00e9curit\u00e9 pour s\u2019assurer qu\u2019il sera en pleine forme. \u00bb<\/p>\n<p>Kolbe devrait donc retrouver ses co\u00e9quipiers d\u00e8s la deuxi\u00e8me journ\u00e9e de la comp\u00e9tition.<\/p>\n","protected":false},"excerpt":{"rendered":"Les Springboks devront se passer de Cheslin Kolbe pour leur entr\u00e9e en lice dans le Rugby Championship, ce&hellip;\n","protected":false},"author":2,"featured_media":313879,"comment_status":"","ping_status":"","sticky":false,"template":"","format":"standard","meta":{"footnotes":""},"categories":[1416],"tags":[1011,27,479,1468,60],"class_list":{"0":"post-313878","1":"post","2":"type-post","3":"status-publish","4":"format-standard","5":"has-post-thumbnail","7":"category-rugby","8":"tag-fr","9":"tag-france","10":"tag-rugby","11":"tag-rugby-football","12":"tag-sports"},"share_on_mastodon":{"url":"https:\/\/pubeurope.com\/@fr\/115015751005556360","error":""},"_links":{"self":[{"href":"https:\/\/www.europesays.com\/fr\/wp-json\/wp\/v2\/posts\/313878","targetHints":{"allow":["GET"]}}],"collection":[{"href":"https:\/\/www.europesays.com\/fr\/wp-json\/wp\/v2\/posts"}],"about":[{"href":"https:\/\/www.europesays.com\/fr\/wp-json\/wp\/v2\/types\/post"}],"author":[{"embeddable":true,"href":"https:\/\/www.europesays.com\/fr\/wp-json\/wp\/v2\/users\/2"}],"replies":[{"embeddable":true,"href":"https:\/\/www.europesays.com\/fr\/wp-json\/wp\/v2\/comments?post=313878"}],"version-history":[{"count":0,"href":"https:\/\/www.europesays.com\/fr\/wp-json\/wp\/v2\/posts\/313878\/revisions"}],"wp:featuredmedia":[{"embeddable":true,"href":"https:\/\/www.europesays.com\/fr\/wp-json\/wp\/v2\/media\/313879"}],"wp:attachment":[{"href":"https:\/\/www.europesays.com\/fr\/wp-json\/wp\/v2\/media?parent=313878"}],"wp:term":[{"taxonomy":"category","embeddable":true,"href":"https:\/\/www.europesays.com\/fr\/wp-json\/wp\/v2\/categories?post=313878"},{"taxonomy":"post_tag","embeddable":true,"href":"https:\/\/www.europesays.com\/fr\/wp-json\/wp\/v2\/tags?post=313878"}],"curies":[{"name":"wp","href":"https:\/\/api.w.org\/{rel}","templated":true}]}}