{"id":313880,"date":"2025-08-12T12:17:11","date_gmt":"2025-08-12T12:17:11","guid":{"rendered":"https:\/\/www.europesays.com\/fr\/313880\/"},"modified":"2025-08-12T12:17:11","modified_gmt":"2025-08-12T12:17:11","slug":"atp-rafael-nadal-continue-de-battre-des-records-plus-de-100-000-personnes-en-sont-temoins","status":"publish","type":"post","link":"https:\/\/www.europesays.com\/fr\/313880\/","title":{"rendered":"ATP > Rafael Nadal continue de battre des records, plus de 100 000 personnes en sont t\u00e9moins !"},"content":{"rendered":"<p>Rafael Nadal a r\u00e9cem\u00adment eu l\u2019oc\u00adca\u00adsion de faire des adieux dignes de ce nom \u00e0 Roland\u2010Garros, au cours d\u2019une c\u00e9r\u00e9\u00admonie marquante et touchante pour chaque passionn\u00e9 de tennis.<\/p>\n<p>L\u2019Espagnol, bien que retrait\u00e9, continue de travailler dur, comme \u00e0 son habi\u00adtude. Son acad\u00e9mie est sans doute une de ses plus grosses pr\u00e9oc\u00adcu\u00adpa\u00adtions. Et c\u2019est en ces lieux, \u00e0 Majorque, que le roi de la terre battue a \u00e9gale\u00adment install\u00e9 un mus\u00e9e retra\u00ad\u00e7ant ses exploits.<\/p>\n<p>Un mus\u00e9e qui a battu un record de fr\u00e9quen\u00adta\u00adtion sur les 12 derniers mois, avec pas moins de 107 000 visi\u00adteurs au\u00a0total.<\/p>\n<blockquote class=\"twitter-tweet\">\n<p lang=\"en\" dir=\"ltr\">\ud83c\udfc6 The \ud835\udde5\ud835\uddee\ud835\uddf3\ud835\uddee \ud835\udde1\ud835\uddee\ud835\uddf1\ud835\uddee\ud835\uddf9 \ud835\udde0\ud835\ude02\ud835\ude00\ud835\uddf2\ud835\ude02\ud835\uddfa breaks atten\u00addance records. <\/p>\n<p>Over the last 12 months, the museum has received over 100,000 visi\u00adtors, a record high since it was opened almost 9\u202fyears ago\ud83d\udcc8<\/p>\n<p>\ud83e\udd29 Experience it for your\u00adself at the <a href=\"https:\/\/twitter.com\/rnadalacademy?ref_src=twsrc%5Etfw\" data-wpel-link=\"external\" target=\"_blank\" rel=\"nofollow external noopener\">@rnadalacademy<\/a> <a href=\"https:\/\/t.co\/tcSBbkAAJn\" data-wpel-link=\"external\" target=\"_blank\" rel=\"nofollow external noopener\">https:\/\/t.co\/tcSBbkAAJn<\/a><\/p>\n<p>\u2014 Rafa Nadal Academy by Movistar (@rnadalacademy) <a href=\"https:\/\/twitter.com\/rnadalacademy\/status\/1955178989082829000?ref_src=twsrc%5Etfw\" data-wpel-link=\"external\" target=\"_blank\" rel=\"nofollow external noopener\">August 12,\u00a02025<\/a><\/p><\/blockquote>\n<p>Un succ\u00e8s reten\u00adtis\u00adsant pour le mus\u00e9e, qui a certai\u00adne\u00adment connu une forte crois\u00adsance apr\u00e8s que Rafa ait annonc\u00e9 sa retraite.<\/p>\n<p class=\"post-published-date\" style=\"color: silver; font-size: 75%; text-align: left;\">Publi\u00e9 le mardi 12 ao\u00fbt 2025 \u00e0 13:15<\/p>\n<p><script async src=\"https:\/\/platform.twitter.com\/widgets.js\" charset=\"utf-8\"><\/script><\/p>\n","protected":false},"excerpt":{"rendered":"Rafael Nadal a r\u00e9cem\u00adment eu l\u2019oc\u00adca\u00adsion de faire des adieux dignes de ce nom \u00e0 Roland\u2010Garros, au cours&hellip;\n","protected":false},"author":2,"featured_media":313881,"comment_status":"","ping_status":"","sticky":false,"template":"","format":"standard","meta":{"footnotes":""},"categories":[1415],"tags":[1011,27,1960,60,1467],"class_list":{"0":"post-313880","1":"post","2":"type-post","3":"status-publish","4":"format-standard","5":"has-post-thumbnail","7":"category-tennis","8":"tag-fr","9":"tag-france","10":"tag-nadal","11":"tag-sports","12":"tag-tennis"},"share_on_mastodon":{"url":"https:\/\/pubeurope.com\/@fr\/115015754853924766","error":""},"_links":{"self":[{"href":"https:\/\/www.europesays.com\/fr\/wp-json\/wp\/v2\/posts\/313880","targetHints":{"allow":["GET"]}}],"collection":[{"href":"https:\/\/www.europesays.com\/fr\/wp-json\/wp\/v2\/posts"}],"about":[{"href":"https:\/\/www.europesays.com\/fr\/wp-json\/wp\/v2\/types\/post"}],"author":[{"embeddable":true,"href":"https:\/\/www.europesays.com\/fr\/wp-json\/wp\/v2\/users\/2"}],"replies":[{"embeddable":true,"href":"https:\/\/www.europesays.com\/fr\/wp-json\/wp\/v2\/comments?post=313880"}],"version-history":[{"count":0,"href":"https:\/\/www.europesays.com\/fr\/wp-json\/wp\/v2\/posts\/313880\/revisions"}],"wp:featuredmedia":[{"embeddable":true,"href":"https:\/\/www.europesays.com\/fr\/wp-json\/wp\/v2\/media\/313881"}],"wp:attachment":[{"href":"https:\/\/www.europesays.com\/fr\/wp-json\/wp\/v2\/media?parent=313880"}],"wp:term":[{"taxonomy":"category","embeddable":true,"href":"https:\/\/www.europesays.com\/fr\/wp-json\/wp\/v2\/categories?post=313880"},{"taxonomy":"post_tag","embeddable":true,"href":"https:\/\/www.europesays.com\/fr\/wp-json\/wp\/v2\/tags?post=313880"}],"curies":[{"name":"wp","href":"https:\/\/api.w.org\/{rel}","templated":true}]}}