{"id":313882,"date":"2025-08-12T12:19:11","date_gmt":"2025-08-12T12:19:11","guid":{"rendered":"https:\/\/www.europesays.com\/fr\/313882\/"},"modified":"2025-08-12T12:19:11","modified_gmt":"2025-08-12T12:19:11","slug":"motogp-2025-en-autriche-marquez-une-premiere","status":"publish","type":"post","link":"https:\/\/www.europesays.com\/fr\/313882\/","title":{"rendered":"MotoGP 2025 en Autriche : Marquez, une, premi\u00e8re ?"},"content":{"rendered":"<p><strong>\u00ab Une, premi\u00e8re \u00bb<\/strong> c&rsquo;est plus qu&rsquo;une premi\u00e8re au th\u00e9\u00e2tre. Parce qu&rsquo;au th\u00e9\u00e2tre, avant la premi\u00e8re, il y a la couturi\u00e8re et la g\u00e9n\u00e9rale&#8230; Une, premi\u00e8re, la virgule est d&rsquo;importance, c&rsquo;est une nouveaut\u00e9 capitale. Et en effet, depuis 2016, date de l&rsquo;arriv\u00e9e du MotoGP au Spielberg, on note dans l&rsquo;ordre les victoires de Iannone, de Dovizioso, de Lorenzo, puis encore \u00e0 deux reprises de Dovi, puis Binder (une KTM qui gagne en Autriche, troulala\u00eftou !) puis trois fois Bagnaia. Euh beuh ? Marquez ? Et non, jamais gagn\u00e9 en Autriche le gar\u00e7on ! Bagnaia a aussi gagn\u00e9 en Moto2, Zarco aussi, Binder, Martin, Ogura, Raoul Fernandez, Vietti mais Marquez \u00e9tait d\u00e9j\u00e0 trop vieux quand le circuit r\u00e9ouvre pour le MotoGP, en 2016, Marquez est dans une s\u00e9rie hallucinante de quatre titres d&rsquo;affil\u00e9e en MotoGP. Mais ce qui est s\u00fbr, \u00e0 peine croyable en fait c&rsquo;est que Marquez n&rsquo;a jamais gagn\u00e9 sur le circuit autrichien. Ce qui donne un go\u00fbt singulier. On se souvient quand m\u00eame qu&rsquo;en 2019 il y a eu ici une \u00e9norme baston Marquez\/Dovizioso et on se souviendra alors que Dovi est l&rsquo;un des seuls \u00e0 avoir battu Marquez en duel. Et ce GP d&rsquo;Autriche n&rsquo;est pas la seule fois, on se souviendra aussi du Japon en 2017. Du tr\u00e8s grand GP ! Bon, c&rsquo;est s\u00fbr, \u00e0 cette \u00e9poque Dovi est en pleine possession de ses immenses moyens et sur une moto hyper performante, chez Honda la moto est d\u00e9j\u00e0 un tr\u00e9teau mais l&rsquo;incroyable talent de Marquez masque ce qui deviendra une tare technique durable quand il sera bless\u00e9&#8230; Alors \u00ab ces temps ne sont plus, ils reviendront peut-\u00eatre \u00bb disait dans Cinna l&rsquo;Auguste de Corneille. Qui sait ? Alors Baston ?<\/p>\n","protected":false},"excerpt":{"rendered":"\u00ab Une, premi\u00e8re \u00bb c&rsquo;est plus qu&rsquo;une premi\u00e8re au th\u00e9\u00e2tre. Parce qu&rsquo;au th\u00e9\u00e2tre, avant la premi\u00e8re, il y&hellip;\n","protected":false},"author":2,"featured_media":313883,"comment_status":"","ping_status":"","sticky":false,"template":"","format":"standard","meta":{"footnotes":""},"categories":[1413],"tags":[1011,27,1457,1456,60],"class_list":{"0":"post-313882","1":"post","2":"type-post","3":"status-publish","4":"format-standard","5":"has-post-thumbnail","7":"category-moto","8":"tag-fr","9":"tag-france","10":"tag-moto","11":"tag-motocycle","12":"tag-sports"},"share_on_mastodon":{"url":"https:\/\/pubeurope.com\/@fr\/115015763539067316","error":""},"_links":{"self":[{"href":"https:\/\/www.europesays.com\/fr\/wp-json\/wp\/v2\/posts\/313882","targetHints":{"allow":["GET"]}}],"collection":[{"href":"https:\/\/www.europesays.com\/fr\/wp-json\/wp\/v2\/posts"}],"about":[{"href":"https:\/\/www.europesays.com\/fr\/wp-json\/wp\/v2\/types\/post"}],"author":[{"embeddable":true,"href":"https:\/\/www.europesays.com\/fr\/wp-json\/wp\/v2\/users\/2"}],"replies":[{"embeddable":true,"href":"https:\/\/www.europesays.com\/fr\/wp-json\/wp\/v2\/comments?post=313882"}],"version-history":[{"count":0,"href":"https:\/\/www.europesays.com\/fr\/wp-json\/wp\/v2\/posts\/313882\/revisions"}],"wp:featuredmedia":[{"embeddable":true,"href":"https:\/\/www.europesays.com\/fr\/wp-json\/wp\/v2\/media\/313883"}],"wp:attachment":[{"href":"https:\/\/www.europesays.com\/fr\/wp-json\/wp\/v2\/media?parent=313882"}],"wp:term":[{"taxonomy":"category","embeddable":true,"href":"https:\/\/www.europesays.com\/fr\/wp-json\/wp\/v2\/categories?post=313882"},{"taxonomy":"post_tag","embeddable":true,"href":"https:\/\/www.europesays.com\/fr\/wp-json\/wp\/v2\/tags?post=313882"}],"curies":[{"name":"wp","href":"https:\/\/api.w.org\/{rel}","templated":true}]}}