{"id":313886,"date":"2025-08-12T12:21:16","date_gmt":"2025-08-12T12:21:16","guid":{"rendered":"https:\/\/www.europesays.com\/fr\/313886\/"},"modified":"2025-08-12T12:21:16","modified_gmt":"2025-08-12T12:21:16","slug":"vermaerke-sest-engage-jusquen-2027","status":"publish","type":"post","link":"https:\/\/www.europesays.com\/fr\/313886\/","title":{"rendered":"Vermaerke s&rsquo;est engag\u00e9 jusqu&rsquo;en 2027"},"content":{"rendered":"<p class=\"date\">\n                                                            Mathieu Warnier, Media365, publi\u00e9 le mardi 12 ao\u00fbt 2025 \u00e0 12h30\n                                                    <\/p>\n<p>Alors qu&rsquo;il va achever sa cinqui\u00e8me saison avec l&rsquo;\u00e9quipe Picnic-PostNL, Kevin Vermaerke a sign\u00e9 un contrat de deux ans avec l&rsquo;\u00e9quipe UAE Team Emirates-XRG.<\/p>\n<p>L&rsquo;\u00e9quipe UAE Team Emirates-XRG compte se renouveler. Alors que le coureur polonais Rafal Majka va prendre sa retraite et l&rsquo;Italien Alessandro Covi va rejoindre la formation Jayco-AlUla, un renfort de poids va devenir un co\u00e9quipier de Tadej Pogacar d\u00e8s 2026. Alors qu&rsquo;il va boucler sa cinqui\u00e8me saison sous le maillot de l&rsquo;\u00e9quipe Picnic-PostNL, Kevin Vermaerke va changer de couleurs d&rsquo;ici quelques mois. En effet, le coureur am\u00e9ricain a appos\u00e9 sa signature sur un contrat de deux saisons avec l&rsquo;\u00e9quipe UAE Team Emirates-XRG, qui compte sur lui pour apporter \u00ab\u00a0de la profondeur en vue de la saison 2026, plus particuli\u00e8rement au soutien de ses ambitions sur les courses par \u00e9tapes et la campagne des classiques\u00a0\u00bb. Vu comme \u00ab\u00a0un coureur polyvalent\u00a0\u00bb, le natif de Rancho Santa Marguerita a \u00e9galement \u00e9t\u00e9 cibl\u00e9 pour \u00ab\u00a0son exp\u00e9rience du World Tour, sa force tactique et sa capacit\u00e9 prouv\u00e9e \u00e0 soutenir les leaders \u00e0 l&rsquo;occasion des courses les plus dures du calendrier\u00a0\u00bb.<\/p>\n<p>Vermaerke : \u00ab\u00a0Le d\u00e9but d&rsquo;un nouveau chapitre\u00a0\u00bb<\/p>\n<p>Confiant \u00eatre \u00ab\u00a0extr\u00eamement heureux de rejoindre l&rsquo;\u00e9quipe UAE Team Emirates-XRG\u00a0\u00bb, Kevin Vermaerke voit dans cette signature \u00ab\u00a0le d\u00e9but d&rsquo;un nouveau chapitre dans (sa) carri\u00e8re\u00a0\u00bb. Admettant avoir \u00ab\u00a0beaucoup progress\u00e9 lors des derni\u00e8res ann\u00e9es\u00a0\u00bb, l&rsquo;Am\u00e9ricain compte sur sa future \u00e9quipe pour \u00ab\u00a0franchir une nouvelle \u00e9tape. \u00ab\u00a0J&rsquo;ai vraiment h\u00e2te d&rsquo;apprendre aupr\u00e8s des meilleurs coureurs au monde et de contribuer aux succ\u00e8s de l&rsquo;\u00e9quipe la saison prochaine\u00a0\u00bb, a-t-il ajout\u00e9. Une marge de progression sur laquelle compte \u00e9galement Mauro Gianetti, directeur de l&rsquo;\u00e9quipe UAE Team Emirates-XRG. \u00ab\u00a0Il est un coureur jeune, polyvalent et qui a d\u00e9j\u00e0 d\u00e9montr\u00e9 sa capacit\u00e9 \u00e0 \u00eatre performant au plus haut niveau, a ajout\u00e9 le dirigeant italien dans un communiqu\u00e9. Nous croyons qu&rsquo;il peut continuer \u00e0 progresser dans notre environnement et devenir un \u00e9l\u00e9ment important de notre \u00e9quipe, autant sur les courses par \u00e9tapes que sur celles d&rsquo;un jour.\u00a0\u00bb Kevin Vermaerke est la deuxi\u00e8me addition \u00e0 l&rsquo;effectif de la formation \u00e9miratie en vue de la saison 2026, apr\u00e8s la promotion du jeune coureur espagnol Adria Pericas.<\/p>\n","protected":false},"excerpt":{"rendered":"Mathieu Warnier, Media365, publi\u00e9 le mardi 12 ao\u00fbt 2025 \u00e0 12h30 Alors qu&rsquo;il va achever sa cinqui\u00e8me saison&hellip;\n","protected":false},"author":2,"featured_media":313887,"comment_status":"","ping_status":"","sticky":false,"template":"","format":"standard","meta":{"footnotes":""},"categories":[1411],"tags":[1154,207,1011,27,60],"class_list":{"0":"post-313886","1":"post","2":"type-post","3":"status-publish","4":"format-standard","5":"has-post-thumbnail","7":"category-cyclisme","8":"tag-cycling","9":"tag-cyclisme","10":"tag-fr","11":"tag-france","12":"tag-sports"},"share_on_mastodon":{"url":"https:\/\/pubeurope.com\/@fr\/115015770709359118","error":""},"_links":{"self":[{"href":"https:\/\/www.europesays.com\/fr\/wp-json\/wp\/v2\/posts\/313886","targetHints":{"allow":["GET"]}}],"collection":[{"href":"https:\/\/www.europesays.com\/fr\/wp-json\/wp\/v2\/posts"}],"about":[{"href":"https:\/\/www.europesays.com\/fr\/wp-json\/wp\/v2\/types\/post"}],"author":[{"embeddable":true,"href":"https:\/\/www.europesays.com\/fr\/wp-json\/wp\/v2\/users\/2"}],"replies":[{"embeddable":true,"href":"https:\/\/www.europesays.com\/fr\/wp-json\/wp\/v2\/comments?post=313886"}],"version-history":[{"count":0,"href":"https:\/\/www.europesays.com\/fr\/wp-json\/wp\/v2\/posts\/313886\/revisions"}],"wp:featuredmedia":[{"embeddable":true,"href":"https:\/\/www.europesays.com\/fr\/wp-json\/wp\/v2\/media\/313887"}],"wp:attachment":[{"href":"https:\/\/www.europesays.com\/fr\/wp-json\/wp\/v2\/media?parent=313886"}],"wp:term":[{"taxonomy":"category","embeddable":true,"href":"https:\/\/www.europesays.com\/fr\/wp-json\/wp\/v2\/categories?post=313886"},{"taxonomy":"post_tag","embeddable":true,"href":"https:\/\/www.europesays.com\/fr\/wp-json\/wp\/v2\/tags?post=313886"}],"curies":[{"name":"wp","href":"https:\/\/api.w.org\/{rel}","templated":true}]}}