{"id":313901,"date":"2025-08-12T12:29:12","date_gmt":"2025-08-12T12:29:12","guid":{"rendered":"https:\/\/www.europesays.com\/fr\/313901\/"},"modified":"2025-08-12T12:29:12","modified_gmt":"2025-08-12T12:29:12","slug":"les-douleurs-a-la-cuisse-de-ce-jeune-de-17-ans-etaient-en-realite-un-cancer-agressif-les-signes-a-reperer-selon-le-dr-kierzek","status":"publish","type":"post","link":"https:\/\/www.europesays.com\/fr\/313901\/","title":{"rendered":"Les douleurs \u00e0 la cuisse de ce jeune de 17 ans \u00e9taient en r\u00e9alit\u00e9 un cancer agressif. Les signes \u00e0 rep\u00e9rer selon le Dr Kierzek"},"content":{"rendered":"<p>S&rsquo;il est courant d&rsquo;associer les douleurs \u00e0 la cuisse \u00e0 des probl\u00e8mes b\u00e9nins tels que la sciatique, l&rsquo;histoire de Jake Spencer nous rappelle que chaque sympt\u00f4me peut cacher des enjeux de sant\u00e9 bien plus graves. \u00c0 seulement 17 ans, <strong>ce jeune britannique pensait souffrir d&rsquo;une simple sciatique jusqu&rsquo;\u00e0 ce qu&rsquo;un diagnostic tardif r\u00e9v\u00e8le un cancer aggressif.<\/strong> Dr. G\u00e9rald Kierzek avait partag\u00e9 son expertise sur le site de Doctissimo pour <strong>expliquer ce cas d\u00e9routant et les signaux d&rsquo;alarme qu&rsquo;il ne faut pas n\u00e9gliger.<\/strong><\/p>\n<p>La sciatique \u00e9tait en r\u00e9alit\u00e9 un cancer rare<\/p>\n<p>L&rsquo;alerte a \u00e9t\u00e9 donn\u00e9e lorsque Jake, assistait \u00e0 un cours de conduite et <strong>qu&rsquo;une douleur subite s&rsquo;est manifest\u00e9e dans sa cuisse gauche<\/strong>. Trait\u00e9e d&rsquo;abord comme une sciatique avec des m\u00e9dicaments antalgiques, la douleur de Jake ne s&rsquo;est pas estomp\u00e9e malgr\u00e9 le traitement. Apr\u00e8s plusieurs ann\u00e9es de souffrance et de traitements inefficaces tels que les radiographies, la physioth\u00e9rapie et les th\u00e9rapies par ondes de choc, le verdict tombe finalement :<strong> un sarcome synovial est diagnostiqu\u00e9.<\/strong> Cette forme de cancer rare qui touche les tissus mous du corps le frappait de plein fouet. Selon Jake, dont les propos ont \u00e9t\u00e9 report\u00e9s par le Daily Mail, \u00ab\u00a0<strong>de nombreux signes et sympt\u00f4mes ont \u00e9t\u00e9 manqu\u00e9s\u00a0\u00bb durant cette p\u00e9riode.<\/strong> Il \u00e9tait frustr\u00e9 mais finalement <strong>soulag\u00e9 de savoir que sa douleur avait une cause concr\u00e8te<\/strong>. Une intervention chirurgicale en mai 2020 lui a permis d&rsquo;enlever la tumeur.<\/p>\n<p>Un appel \u00e0 la vigilance (&#8230;)<\/p>\n<p><a href=\"https:\/\/www.topsante.com\/medecine\/cancers\/cancer\/les-douleurs-a-la-cuisse-de-ce-jeune-de-17-ans-etaient-en-realite-un-cancer-agressif-les-signes-a-reperer-selon-le-dr-kierzek-923403?utm_campaign=partenariat&amp;utm_source=yahoo-articles&amp;utm_medium=flux\" rel=\"nofollow noopener\" target=\"_blank\" data-ylk=\"slk:Lire la suite sur Top Sant\u00e9;elm:context_link;itc:0;sec:content-canvas\" class=\"link \">Lire la suite sur Top Sant\u00e9<\/a><\/p>\n<p><a href=\"https:\/\/www.topsante.com\/medecine\/votre_sante_vous\/sante_pratique\/a-quelle-frequence-faut-il-laver-ses-torchons-une-virologue-repond-923879?utm_campaign=partenariat&amp;utm_source=yahoo-articles&amp;utm_medium=flux\" rel=\"nofollow noopener\" target=\"_blank\" data-ylk=\"slk:\u00c0 quelle fr\u00e9quence faut-il laver ses torchons ? Une virologue r\u00e9pond;elm:context_link;itc:0;sec:content-canvas\" class=\"link \">\u00c0 quelle fr\u00e9quence faut-il laver ses torchons ? Une virologue r\u00e9pond<\/a><br \/><a href=\"https:\/\/www.topsante.com\/nutrition_et_recettes\/bien_choisir_ses_aliments\/decrypter_les_etiquettes\/si-vous-prenez-cette-boisson-une-fois-par-jour-vous-mettez-en-danger-votre-coeur-et-vos-arteres-923875?utm_campaign=partenariat&amp;utm_source=yahoo-articles&amp;utm_medium=flux\" rel=\"nofollow noopener\" target=\"_blank\" data-ylk=\"slk:Si vous prenez cette boisson une fois par jour, vous mettez en danger votre c\u0153ur et vos art\u00e8res;elm:context_link;itc:0;sec:content-canvas\" class=\"link \">Si vous prenez cette boisson une fois par jour, vous mettez en danger votre c\u0153ur et vos art\u00e8res<\/a><br \/><a href=\"https:\/\/www.topsante.com\/medecine\/maladies_chroniques\/le-prediabete-est-plus-dangereux-pour-cette-tranche-dage-et-ce-nest-pas-celle-que-vous-croyez-923930?utm_campaign=partenariat&amp;utm_source=yahoo-articles&amp;utm_medium=flux\" rel=\"nofollow noopener\" target=\"_blank\" data-ylk=\"slk:Le pr\u00e9diab\u00e8te est plus dangereux pour cette tranche d\u2019\u00e2ge (et ce n\u2019est pas celle que vous croyez);elm:context_link;itc:0;sec:content-canvas\" class=\"link \">Le pr\u00e9diab\u00e8te est plus dangereux pour cette tranche d\u2019\u00e2ge (et ce n\u2019est pas celle que vous croyez)<\/a><br \/><a href=\"https:\/\/www.topsante.com\/medecine\/troubles_du_sommeil\/une-cuiller-de-cette-pate-a-tartiner-2-heures-avant-le-coucher-vous-aidera-a-mieux-dormir-assure-un-medecin-923850?utm_campaign=partenariat&amp;utm_source=yahoo-articles&amp;utm_medium=flux\" rel=\"nofollow noopener\" target=\"_blank\" data-ylk=\"slk:Une cuiller de cette p\u00e2te \u00e0 tartiner 2 heures avant le coucher vous aidera \u00e0 mieux dormir, assure un m\u00e9decin;elm:context_link;itc:0;sec:content-canvas\" class=\"link \">Une cuiller de cette p\u00e2te \u00e0 tartiner 2 heures avant le coucher vous aidera \u00e0 mieux dormir, assure un m\u00e9decin<\/a><br \/><a href=\"https:\/\/www.topsante.com\/medecine\/maladies_chroniques\/cholesterol\/vos-analyses-revelent-un-cholesterol-eleve-les-conseils-d-un-cardiologue-pour-agir-efficacement-893687?utm_campaign=partenariat&amp;utm_source=yahoo-articles&amp;utm_medium=flux\" rel=\"nofollow noopener\" target=\"_blank\" data-ylk=\"slk:Vos analyses r\u00e9v\u00e8lent un cholest\u00e9rol \u00e9lev\u00e9 : les conseils d&#039;un cardiologue pour agir efficacement;elm:context_link;itc:0;sec:content-canvas\" class=\"link \">Vos analyses r\u00e9v\u00e8lent un cholest\u00e9rol \u00e9lev\u00e9 : les conseils d&rsquo;un cardiologue pour agir efficacement<\/a><\/p>\n","protected":false},"excerpt":{"rendered":"S&rsquo;il est courant d&rsquo;associer les douleurs \u00e0 la cuisse \u00e0 des probl\u00e8mes b\u00e9nins tels que la sciatique, l&rsquo;histoire&hellip;\n","protected":false},"author":2,"featured_media":313902,"comment_status":"","ping_status":"","sticky":false,"template":"","format":"standard","meta":{"footnotes":""},"categories":[10],"tags":[101,45338,1011,27,45340,72,45337,45339,71],"class_list":{"0":"post-313901","1":"post","2":"type-post","3":"status-publish","4":"format-standard","5":"has-post-thumbnail","7":"category-sante","8":"tag-cancer","9":"tag-cours-de-conduite","10":"tag-fr","11":"tag-france","12":"tag-gerald-kierzek","13":"tag-health","14":"tag-jake-spencer","15":"tag-ondes-de-choc","16":"tag-sante"},"share_on_mastodon":{"url":"https:\/\/pubeurope.com\/@fr\/115015802174056515","error":""},"_links":{"self":[{"href":"https:\/\/www.europesays.com\/fr\/wp-json\/wp\/v2\/posts\/313901","targetHints":{"allow":["GET"]}}],"collection":[{"href":"https:\/\/www.europesays.com\/fr\/wp-json\/wp\/v2\/posts"}],"about":[{"href":"https:\/\/www.europesays.com\/fr\/wp-json\/wp\/v2\/types\/post"}],"author":[{"embeddable":true,"href":"https:\/\/www.europesays.com\/fr\/wp-json\/wp\/v2\/users\/2"}],"replies":[{"embeddable":true,"href":"https:\/\/www.europesays.com\/fr\/wp-json\/wp\/v2\/comments?post=313901"}],"version-history":[{"count":0,"href":"https:\/\/www.europesays.com\/fr\/wp-json\/wp\/v2\/posts\/313901\/revisions"}],"wp:featuredmedia":[{"embeddable":true,"href":"https:\/\/www.europesays.com\/fr\/wp-json\/wp\/v2\/media\/313902"}],"wp:attachment":[{"href":"https:\/\/www.europesays.com\/fr\/wp-json\/wp\/v2\/media?parent=313901"}],"wp:term":[{"taxonomy":"category","embeddable":true,"href":"https:\/\/www.europesays.com\/fr\/wp-json\/wp\/v2\/categories?post=313901"},{"taxonomy":"post_tag","embeddable":true,"href":"https:\/\/www.europesays.com\/fr\/wp-json\/wp\/v2\/tags?post=313901"}],"curies":[{"name":"wp","href":"https:\/\/api.w.org\/{rel}","templated":true}]}}