{"id":313907,"date":"2025-08-12T12:32:11","date_gmt":"2025-08-12T12:32:11","guid":{"rendered":"https:\/\/www.europesays.com\/fr\/313907\/"},"modified":"2025-08-12T12:32:11","modified_gmt":"2025-08-12T12:32:11","slug":"adieu-temu-je-nachete-plus-rien-jimprime-tout-en-3d-pour-quelques-centimes","status":"publish","type":"post","link":"https:\/\/www.europesays.com\/fr\/313907\/","title":{"rendered":"Adieu Temu : je n&rsquo;ach\u00e8te plus rien, j&rsquo;imprime tout en 3D pour quelques centimes"},"content":{"rendered":"<p class=\"ed__a-p ed__bdy__l\">Si les r\u00e9seaux sociaux ont initialement vu le jour pour permettre aux individus qui se connaissent de rester en contact les uns avec les autres, ils repr\u00e9sentent d\u00e9sormais une formidable opportunit\u00e9 pour les marques de se promouvoir. En 2025, rares sont les hommes et les femmes de moins de la cinquantaine \u00e0 n\u2019\u00eatre inscrit sur aucun r\u00e9seau social. Entre les vid\u00e9os de chats ou de chiens \u2014 mention faite aux Welsh Corgi qui tendent \u00e0 inonder mon flux Instagram \u2014 ou les coachs en d\u00e9veloppement personnel plus ou moins cr\u00e9dibles, se glissent ces fameuses incitations \u00e0 l\u2019achat.<\/p>\n<p class=\"ed__a-p ed__bdy__l\">Pourtant, dans mes achats r\u00e9cents, ne figurent ni f\u00e9lin de canap\u00e9, ni billet pour un s\u00e9minaire de d\u00e9veloppement personnel. L\u2019algorithme qui me propose des vid\u00e9os sur Facebook et sur Instagram semble discr\u00e8tement avoir ins\u00e9min\u00e9 dans mon cerveau l\u2019id\u00e9e d\u2019acheter une imprimante 3D.<\/p>\n<p>            Publicit\u00e9, votre contenu continue ci-dessous<\/p>\n<p>        Publicit\u00e9<\/p>\n<p>Imprimante 3D et \u00e9cosyst\u00e8me logiciel : le choix de la simplicit\u00e9<\/p>\n<p class=\"ed__a-p ed__bdy__l\">\u00c0 l\u2019\u00e9poque o\u00f9 \u2014 jadis \u2014 je fr\u00e9quentais encore les bancs de l\u2019\u00e9cole, je collectionnais les mauvaises notes en g\u00e9om\u00e9trie. Rien ne me destinait \u00e0 appr\u00e9cier la mod\u00e9lisation 3D. C&rsquo;est d&rsquo;ailleurs pour cette raison tr\u00e8s pr\u00e9cise, j\u2019ai choisi de m\u2019orienter vers le mod\u00e8le A1 de la marque Bambu Lab.<\/p>\n<p class=\"ed__a-p ed__bdy__l\">Si de nombreuses banques d\u2019objets 3D tr\u00e8s fournies existent sur le web, Bambu Lab a l\u2019avantage de proposer un \u00e9cosyst\u00e8me tr\u00e8s bien pens\u00e9 qui permet d\u2019imprimer toute sorte d\u2019objets sans d\u00e9bourser le moindre centime, mais surtout, sans s\u2019arracher les cheveux \u00e0 modifier pl\u00e9thores de param\u00e8tres. Gr\u00e2ce \u00e0 la plateforme communautaire int\u00e9gr\u00e9e, nomm\u00e9e MakerWorld, Bambu Lab attire et satisfait de parfaits d\u00e9butants en impression 3D. Nous sommes ainsi sur un produit presque plug-and-play et contr\u00f4lable par le biais d&rsquo;un logiciel sur Windows et Mac mais \u00e9galement d&rsquo;une application mobile (iOS et Android).<\/p>\n<p>            Publicit\u00e9, votre contenu continue ci-dessous<\/p>\n<p>        Publicit\u00e9<\/p>\n<p class=\"ed__a-p ed__bdy__l\">L\u2019une des premi\u00e8res pi\u00e8ces utiles que j\u2019ai imprim\u00e9 \u2014 je ne compte pas la figurine multicouleur de canard en plastique \u2014 \u00e9tait un support pour installer un capteur d\u2019ouverture de mon alarme, sur ma porte de garage. Fonctionnant par simple gravit\u00e9, le module de d\u00e9tection d\u2019ouverture s\u2019\u00e9carte lorsque l\u2019on soul\u00e8ve cette porte, ce qui d\u00e9clenche la sir\u00e8ne du domicile.<\/p>\n<p class=\"ed__a-p ed__bdy__l\"><img loading=\"lazy\" decoding=\"async\" src=\"data:image\/svg+xml,%3Csvg xmlns='http:\/\/www.w3.org\/2000\/svg'%3E%3C\/svg%3E\" draggable=\"false\" width=\"909\" height=\"518\" class=\"ed__title-xxs\" alt=\"Adaptateur porte garage ring\" style=\"background-color: #f2f2f2; aspect-ratio:909\/518;\"\/><\/p>\n<p>Un adaptateur pour capteur d&rsquo;ouverture de porte imprim\u00e9 en 3D.<\/p>\n<p>\u00a9 Florent Lanne pour Les Num\u00e9riques<\/p>\n<\/p>\n<p class=\"ed__a-p ed__bdy__l\">Ce mod\u00e8le 3D, sp\u00e9cialement con\u00e7u pour la marque de mon alarme, Ring, \u00e9tait propos\u00e9 par un membre de MakerWorld et imprimable gratuitement.<\/p>\n<p class=\"ed__a-p ed__bdy__l\">Dans un autre registre, j\u2019ai imprim\u00e9 un support pour capsules de caf\u00e9 Nespresso \u00e0 partir d\u2019un autre mod\u00e8le fourni sur la plateforme de Bambu Lab.<\/p>\n<p class=\"ed__a-p ed__bdy__l\"><img loading=\"lazy\" decoding=\"async\" src=\"data:image\/svg+xml,%3Csvg xmlns='http:\/\/www.w3.org\/2000\/svg'%3E%3C\/svg%3E\" draggable=\"false\" width=\"1255\" height=\"1017\" class=\"ed__title-xxs\" alt=\"Support capsules nespresso\" style=\"background-color: #f2f2f2; aspect-ratio:1255\/1017;\"\/><\/p>\n<p>Un support de capsules de caf\u00e9 Nespresso imprim\u00e9 en 3D<\/p>\n<p>\u00a9 Florent Lanne pour Les Num\u00e9riques<\/p>\n<\/p>\n<p class=\"ed__a-p ed__bdy__l\">Cet objet permet de glisser l\u2019\u00e9tui de caf\u00e9 t\u00eate en bas et agit comme un distributeur de capsules. Le designer a m\u00eame pens\u00e9 \u00e0 un syst\u00e8me permettant d\u2019afficher le type de caf\u00e9 en d\u00e9coupant puis en ins\u00e9rant la vignette pr\u00e9sente sur le haut de l\u2019\u00e9tui en carton.<\/p>\n<p>Choisir un logiciel de 3D<\/p>\n<p class=\"ed__a-p ed__bdy__l\">Malgr\u00e9 mes notes calamiteuses en g\u00e9om\u00e9trie, durant l&rsquo;une de mes ann\u00e9es de lyc\u00e9e, j\u2019ai suivi un cursus qui s\u2019intitulait Initiation aux Sciences de l\u2019Ing\u00e9nieur (ISI). Je me rappelle que nous mod\u00e9lisions en 3D des pi\u00e8ces m\u00e9caniques sur le logiciel SolidWorks. Faute de moyen, nous travaillions en bin\u00f4me et partagions un seul ordinateur \u00e0 chaque cours. Faute d\u2019int\u00e9r\u00eat pour cette mati\u00e8re, je ne tenais jamais la souris en main. Bien que le cours avait toujours lieu \u00e0 la premi\u00e8re heure, un horaire particuli\u00e8rement pris\u00e9 par les adolescents pour somnoler, j\u2019ai n\u00e9anmoins \u00e9tonnamment retenu \u2014 par observation pure \u2014 les bases de la mod\u00e9lisation sur ordinateur.<\/p>\n<p>            Publicit\u00e9, votre contenu continue ci-dessous<\/p>\n<p>        Publicit\u00e9<\/p>\n<p class=\"ed__a-p ed__bdy__l\">Apr\u00e8s avoir longuement h\u00e9sit\u00e9 entre les logiciels Fusion360 et Blender, mon choix s&rsquo;est port\u00e9 sur Shapr3D. Blender est un logiciel gratuit et open-source bien connu du milieu, mais son utilisation s\u2019oriente plut\u00f4t vers la mod\u00e9lisation d\u2019\u00e9l\u00e9ments sculpt\u00e9s comme par exemple des figurines. Fusion360 aurait pu \u00eatre un bon candidat puisqu\u2019il permet d\u2019assembler virtuellement des pi\u00e8ces et de simuler une m\u00e9canique. J\u2019ai jet\u00e9 mon d\u00e9volu sur Shapr3D pour sa disponibilit\u00e9 \u00e0 la fois sur iPad et sur Mac.<\/p>\n<p class=\"ed__a-p ed__bdy__l\">Naquirent ainsi en moi de nouvelles aspirations d\u2019apprenti mod\u00e9lisateur 3D.<\/p>\n<p>Mod\u00e9liser en 3D avec l\u2019intelligence artificielle<\/p>\n<p class=\"ed__a-p ed__bdy__l\">Quelques jours avant de d\u00e9buter sur Shapr3D, j\u2019ai utilis\u00e9 le logiciel en ligne Meshy AI qui fonctionne par intelligence artificielle. Mon exp\u00e9rience me fait penser qu\u2019il n\u2019est pas adapt\u00e9 \u00e0 des pi\u00e8ces techniques aux dimensions pr\u00e9cises.<br \/>N\u00e9anmoins, Meshy peut se r\u00e9v\u00e9ler utile pour g\u00e9n\u00e9rer des figurines, voir, pour cr\u00e9er un clone d\u2019un individu physique en partant d\u2019une image. Je suis cependant assez mitig\u00e9 sur ce processus : je n\u2019ai obtenu qu\u2019un seul r\u00e9sultat convaincant en proc\u00e9dant de la sorte.<\/p>\n<p>Premi\u00e8res cr\u00e9ations de A \u00e0 Z<\/p>\n<p class=\"ed__a-p ed__bdy__l\">La premi\u00e8re pi\u00e8ce que j\u2019ai mod\u00e9lis\u00e9 de A \u00e0 Z \u00e9tait une poign\u00e9e d\u2019acc\u00e9l\u00e9ration pour ma trottinette \u00e9lectrique Xiaomi Scooter Pro 4. Les possesseurs d\u2019un mod\u00e8le de cette marque le savent, la g\u00e2chette d\u2019origine fonctionne en appuyant avec le pouce et depuis certaines mises \u00e0 jour du firmware de ces engins, le r\u00e9gulateur de vitesse a \u00e9t\u00e9 d\u00e9sactiv\u00e9.<\/p>\n<p class=\"ed__a-p ed__bdy__l\"><img loading=\"lazy\" decoding=\"async\" src=\"data:image\/svg+xml,%3Csvg xmlns='http:\/\/www.w3.org\/2000\/svg'%3E%3C\/svg%3E\" draggable=\"false\" width=\"6144\" height=\"6717\" class=\"ed__title-xxs\" alt=\"Poign\u00e9e modifi\u00e9e xiaomi scooter 4\" style=\"background-color: #f2f2f2; aspect-ratio:6144\/6717;\"\/><\/p>\n<p>Poign\u00e9e d&rsquo;acc\u00e9l\u00e9ration am\u00e9lior\u00e9e d&rsquo;une trottinette \u00e9lectrique Xiaomi<\/p>\n<p>\u00a9 Florent Lanne pour Les Num\u00e9riques<\/p>\n<\/p>\n<p class=\"ed__a-p ed__bdy__l\">Bien loin d\u2019un gadget, cette poign\u00e9e permet de ne plus avoir le pouce endolori apr\u00e8s un long trajet. Une but\u00e9e vient appuyer \u00e0 l\u2019emplacement du pouce et la poign\u00e9e s\u2019actionne par rotation, comme on acc\u00e9l\u00e8re sur une moto.<\/p>\n<p class=\"ed__a-p ed__bdy__l\">Une petite encoche rendue souple par sa faible \u00e9paisseur permet de maintenir la poign\u00e9e en place et d\u2019\u00e9viter qu\u2019elle ne glisse vers l\u2019ext\u00e9rieur pendant l\u2019utilisation.<\/p>\n<p>            Publicit\u00e9, votre contenu continue ci-dessous<\/p>\n<p>        Publicit\u00e9<\/p>\n<p class=\"ed__a-p ed__bdy__l\">J\u2019ai \u00e9galement imprim\u00e9 un syst\u00e8me de blocage de l\u2019ouverture d\u2019une fen\u00eatre sur laquelle est install\u00e9 un climatiseur mobile portable split. Pour laisser le moins d\u2019espace entre les deux battants de la fen\u00eatre ouverte pour le tuyau d\u2019\u00e9vacuation de l\u2019air chaud, j\u2019ai imprim\u00e9 une pi\u00e8ce en deux parties.<\/p>\n<p class=\"ed__a-p ed__bdy__l\"><img loading=\"lazy\" decoding=\"async\" src=\"data:image\/svg+xml,%3Csvg xmlns='http:\/\/www.w3.org\/2000\/svg'%3E%3C\/svg%3E\" draggable=\"false\" width=\"912\" height=\"753\" class=\"ed__title-xxs\" alt=\"Fermeture de fen\u00eatre imprim\u00e9e en 3D\" style=\"background-color: #f2f2f2; aspect-ratio:912\/753;\"\/><\/p>\n<p>Fermeture de fen\u00eatre imprim\u00e9e en 3D<\/p>\n<p>\u00a9 Florent Lanne pour Les Num\u00e9riques<\/p>\n<\/p>\n<p class=\"ed__a-p ed__bdy__l\">L\u2019une est fix\u00e9e par un adh\u00e9sif repositionnable, l\u2019autre prend la forme d\u2019un crochet pour la partie mobile de ma fen\u00eatre. Pour relier les deux pi\u00e8ces et cr\u00e9er la tension n\u00e9cessaire \u00e0 la bonne tenue de l\u2019ensemble, j\u2019ai ajout\u00e9 une vis au milieu.<\/p>\n<p class=\"ed__a-p ed__bdy__l\">Dans un avenir tr\u00e8s proche, je pense am\u00e9liorer ma pi\u00e8ce avec un syst\u00e8me de glissi\u00e8re, qui me permettra de ne pas enlever l\u2019adh\u00e9sif \u00e0 chaque fois que je ferme cette fen\u00eatre. Une nouvelle occasion pour moi d\u2019utiliser cet outil de mesure extr\u00eamement utile qui m\u2019\u00e9tait inconnu jusqu\u2019alors, le pied \u00e0 coulisse.<\/p>\n<p>Co\u00fbt r\u00e9duits et d\u00e9marche \u00e9coresponsable<\/p>\n<p class=\"ed__a-p ed__bdy__l\">Les prix des imprimantes 3D ont baiss\u00e9 ces derni\u00e8res ann\u00e9es. On trouve d\u00e9sormais des mod\u00e8les performants, polyvalents et largement suffisants dans une tranche de prix de 350 &#8211; 450 euros, en dehors des p\u00e9riodes de promotion. Le consommable, les bobines de filament plastique (PLA basique), se monnaient g\u00e9n\u00e9ralement autour d\u2019une quinzaine d\u2019euros le kilo.<\/p>\n<p class=\"ed__a-p ed__bdy__l\">Avoir une imprimante 3D chez soi ouvre de nouvelles possibilit\u00e9s \u00e0 am\u00e9liorer les objets du quotidien que l\u2019on poss\u00e8de d\u00e9j\u00e0. Qui plus est, imprimer ses propres objets et adaptateurs s\u2019inscrit dans une d\u00e9marche d\u2019am\u00e9lioration du pouvoir d\u2019achat (en dehors du co\u00fbt initial de la machine).<\/p>\n<p class=\"ed__a-p ed__bdy__l\"><img loading=\"lazy\" decoding=\"async\" src=\"data:image\/svg+xml,%3Csvg xmlns='http:\/\/www.w3.org\/2000\/svg'%3E%3C\/svg%3E\" draggable=\"false\" width=\"3000\" height=\"2001\" class=\"ed__title-xxs\" alt=\"Bobine de filament plastique imprimante 3D\" style=\"background-color: #f2f2f2; aspect-ratio:3000\/2001;\"\/><\/p>\n<p>Des bobines de filament plastique pour une imprimante 3D \u2014 Image d&rsquo;illustration<\/p>\n<p>\u00a9 Pexels<\/p>\n<\/p>\n<p class=\"ed__a-p ed__bdy__l\">\u00c0 titre indicatif, l\u2019impression de mon support de capteur d\u2019ouverture verticale de porte ne m\u2019a co\u00fbt\u00e9 que 30 centimes en mati\u00e8re premi\u00e8re (filament plastique). Des adaptateurs similaires sont disponibles sur Internet, mais s\u2019acqui\u00e8rent pour une bonne dizaine d\u2019euros au minimum.<\/p>\n<p class=\"ed__a-p ed__bdy__l\">Au-del\u00e0 de l\u2019aspect financier, l\u2019imprimante 3D permet de reproduire certaines pi\u00e8ces d\u2019un objet, ce qui la positionne dans un cadre plut\u00f4t \u00e9coresponsable : r\u00e9parer plut\u00f4t que jeter.<\/p>\n<p>            Publicit\u00e9, votre contenu continue ci-dessous<\/p>\n<p>        Publicit\u00e9<\/p>\n","protected":false},"excerpt":{"rendered":"Si les r\u00e9seaux sociaux ont initialement vu le jour pour permettre aux individus qui se connaissent de rester&hellip;\n","protected":false},"author":2,"featured_media":313908,"comment_status":"","ping_status":"","sticky":false,"template":"","format":"standard","meta":{"footnotes":""},"categories":[7],"tags":[1011,27,43,40,41,39,42,44],"class_list":{"0":"post-313907","1":"post","2":"type-post","3":"status-publish","4":"format-standard","5":"has-post-thumbnail","7":"category-sciences-et-technologies","8":"tag-fr","9":"tag-france","10":"tag-science","11":"tag-science-and-technology","12":"tag-sciences","13":"tag-sciences-et-technologies","14":"tag-technologies","15":"tag-technology"},"share_on_mastodon":{"url":"https:\/\/pubeurope.com\/@fr\/115015813946469880","error":""},"_links":{"self":[{"href":"https:\/\/www.europesays.com\/fr\/wp-json\/wp\/v2\/posts\/313907","targetHints":{"allow":["GET"]}}],"collection":[{"href":"https:\/\/www.europesays.com\/fr\/wp-json\/wp\/v2\/posts"}],"about":[{"href":"https:\/\/www.europesays.com\/fr\/wp-json\/wp\/v2\/types\/post"}],"author":[{"embeddable":true,"href":"https:\/\/www.europesays.com\/fr\/wp-json\/wp\/v2\/users\/2"}],"replies":[{"embeddable":true,"href":"https:\/\/www.europesays.com\/fr\/wp-json\/wp\/v2\/comments?post=313907"}],"version-history":[{"count":0,"href":"https:\/\/www.europesays.com\/fr\/wp-json\/wp\/v2\/posts\/313907\/revisions"}],"wp:featuredmedia":[{"embeddable":true,"href":"https:\/\/www.europesays.com\/fr\/wp-json\/wp\/v2\/media\/313908"}],"wp:attachment":[{"href":"https:\/\/www.europesays.com\/fr\/wp-json\/wp\/v2\/media?parent=313907"}],"wp:term":[{"taxonomy":"category","embeddable":true,"href":"https:\/\/www.europesays.com\/fr\/wp-json\/wp\/v2\/categories?post=313907"},{"taxonomy":"post_tag","embeddable":true,"href":"https:\/\/www.europesays.com\/fr\/wp-json\/wp\/v2\/tags?post=313907"}],"curies":[{"name":"wp","href":"https:\/\/api.w.org\/{rel}","templated":true}]}}