{"id":313911,"date":"2025-08-12T12:34:11","date_gmt":"2025-08-12T12:34:11","guid":{"rendered":"https:\/\/www.europesays.com\/fr\/313911\/"},"modified":"2025-08-12T12:34:11","modified_gmt":"2025-08-12T12:34:11","slug":"benyamin-netanyahou-a-t-il-les-moyens-de-ses-ambitions-dans-lenclave","status":"publish","type":"post","link":"https:\/\/www.europesays.com\/fr\/313911\/","title":{"rendered":"Benyamin Netanyahou a-t-il les moyens de ses ambitions dans l\u2019enclave\u00a0?"},"content":{"rendered":"<p>La pression \u00e0 l\u2019int\u00e9rieur et \u00e0 l\u2019ext\u00e9rieur des fronti\u00e8res isra\u00e9liennes s\u2019intensifie. Le plan d\u00e9fendu par <a href=\"https:\/\/www.20minutes.fr\/dossier\/benyamin_netanyahou\" target=\"_blank\" class=\"color-ultramarine c-link\" rel=\"noopener\">Benyamin Netanyahou<\/a> dimanche pour les suites des op\u00e9rations militaires dans la bande de <a href=\"https:\/\/www.20minutes.fr\/monde\/gaza\/\" target=\"_blank\" class=\"color-ultramarine c-link\" rel=\"noopener\">Gaza<\/a> fait l\u2019unanimit\u00e9 contre lui. Appelant \u00e0 \u00ab\u00a0terminer le travail\u00a0\u00bb en prenant le contr\u00f4le de Gaza City, le Premier ministre isra\u00e9lien s\u2019est attir\u00e9 les foudres de plusieurs alli\u00e9s historiques de son pays, de son propre peuple et m\u00eame au sein de son gouvernement.<\/p>\n<p>Pour ce faire, <a href=\"https:\/\/www.20minutes.fr\/monde\/israel\/4167392-20250810-israel-faut-retenir-annonces-netanyahou-plan-israelien-gaza\" target=\"_blank\" class=\"color-ultramarine c-link\" rel=\"noopener\">il a d\u00e9taill\u00e9 cinq objectifs<\/a>\u00a0: d\u00e9sarmer le Hamas\u00a0; lib\u00e9rer les otages\u00a0; d\u00e9militariser Gaza\u00a0; exercer un contr\u00f4le de s\u00e9curit\u00e9 pr\u00e9pond\u00e9rant\u00a0; \u00ab\u00a0mettre en place une administration civile pacifique non isra\u00e9lienne\u00a0\u00bb qui ne soit ni le <a href=\"https:\/\/www.20minutes.fr\/monde\/hamas\/\" target=\"_blank\" class=\"color-ultramarine c-link\" rel=\"noopener\">Hamas<\/a> ni l\u2019Autorit\u00e9 palestinienne.<\/p>\n<\/p>\n<p>Un programme charg\u00e9 qui demande des moyens humains, militaires, \u00e9conomiques et politiques. Benyamin Netanyahou aura-t-il le soutien suffisant pour mettre en \u0153uvre ses ambitions\u00a0? \u00ab\u00a0On a du mal \u00e0 voir sur quels leviers il peut s\u2019appuyer pour r\u00e9aliser ses projets\u00a0\u00bb, r\u00e9pond de mani\u00e8re lapidaire Dominique Vidal, journaliste historien coauteur de Palestine-Isra\u00ebl\u00a0: Une histoire visuelle (Seuil).<\/p>\n<p>Peu de soutien politique<\/p>\n<p>L\u2019extr\u00eame droite gr\u00e2ce \u00e0 laquelle il gouverne encore l\u2019Etat h\u00e9breu trouve qu\u2019il ne va pas assez loin. <a href=\"https:\/\/www.20minutes.fr\/monde\/israel\/4061159-20231107-guerre-hamas-israel-pourquoi-controle-gaza-defendu-netanyahou-risque-finir-bourbier\" target=\"_blank\" class=\"color-ultramarine c-link\" rel=\"noopener\">Fin\u00a02023 Benyamin Netanyahou avait d\u00e9j\u00e0 annonc\u00e9 son projet<\/a> de contr\u00f4ler l\u2019ensemble de l\u2019enclave palestinienne. Se limiter \u00e0 la ville de Gaza (en plus des 75\u00a0% de territoire sous contr\u00f4le militaire isra\u00e9lien) est un recul de sa strat\u00e9gie que regrettent les membres les plus extr\u00eames de sa coalition. \u00ab\u00a0Le Premier ministre et le cabinet se sont rendus aux faibles\u00a0\u00bb, a ainsi fustig\u00e9 le ministre des Finances, Bezalel Smotrich. \u00ab\u00a0Je veux tout Gaza, le transfert [de sa population] et la colonisation\u00a0\u00bb, a rench\u00e9ri le ministre de la S\u00e9curit\u00e9 nationale, Itamar Ben-Gvir, autre figure d\u2019extr\u00eame droite.<\/p>\n<p>Opposition populaire<\/p>\n<p>M\u00eame s\u2019il entend lib\u00e9rer les otages, leur survie est compromise par la mise en \u0153uvre de ce plan qui doit \u00eatre mis en place d\u2019ici deux mois, selon les avertissements du chef des <a href=\"https:\/\/www.20minutes.fr\/dossier\/armee_israelienne\" target=\"_blank\" class=\"color-ultramarine c-link\" rel=\"noopener\">Israel Defense Forces<\/a> (IDF) sur le sort des Isra\u00e9liens enlev\u00e9s par le Hamas le 7\u00a0octobre 2023. \u00ab\u00a0Le cabinet a d\u00e9cid\u00e9 du sort des otages\u00a0: les vivants seront assassin\u00e9s et les morts dispara\u00eetront \u00e0 jamais\u00a0\u00bb, a accus\u00e9 Einav Zangauker, m\u00e8re de l\u2019un d\u2019entre eux, et figure de la mobilisation des familles.<\/p>\n<p>Des parents d\u2019otages ont appel\u00e9 \u00e0 une gr\u00e8ve g\u00e9n\u00e9rale dimanche prochain. \u00ab\u00a0Si c\u2019est une r\u00e9ussite, cela peut devenir une \u00e9tape importante, en revanche, si la mobilisation est mitig\u00e9e, Benyamin Netanyahou aura les mains libres\u00a0\u00bb, pr\u00e9vient Thomas Vescovi, doctorant en \u00e9tudes politiques sur Isra\u00ebl et la Palestine \u00e0 l\u2019\u00c9cole des hautes \u00e9tudes en sciences sociales (EHESS) et \u00e0 l\u2019universit\u00e9 libre de Bruxelles (ULB).<\/p>\n<p>Reste qu\u2019une majorit\u00e9 de la population r\u00e9clame un cessez-le-feu imm\u00e9diat comme <a href=\"https:\/\/www.20minutes.fr\/monde\/israel\/4167370-20250810-conflit-proche-orient-milliers-manifestants-israel-contre-plan-netanyahou-gaza\" target=\"_blank\" class=\"color-ultramarine c-link\" rel=\"noopener\">les milliers de personnes qui ont d\u00e9fil\u00e9<\/a> \u00e0 Tel-Aviv samedi contre le plan de Netanyahou. \u00ab\u00a0L\u2019exc\u00e8s de guerre conduit \u00e0 la mobilisation populaire\u00a0\u00bb, r\u00e9sume Dominique Vidal.<\/p>\n<p>Des limites \u00e9conomiques\u2026<\/p>\n<p>C\u2019est bien connu, l\u2019argent est le nerf de la guerre. Sauf qu\u2019il n\u2019est pas in\u00e9puisable. L\u2019offensive que m\u00e8ne Isra\u00ebl en r\u00e9ponse \u00e0 l\u2019attaque sanglante du Hamas sur son sol co\u00fbte cher. D\u00e9j\u00e0 en f\u00e9vrier\u00a02024, le Bureau central des statistiques d\u2019Isra\u00ebl r\u00e9v\u00e9lait que la production \u00e9conomique s\u2019\u00e9tait consid\u00e9rablement contract\u00e9e au cours des derniers mois de\u00a02023, rapportait la <a href=\"https:\/\/www.bbc.com\/afrique\/articles\/cll5q4324gro\" rel=\"nofollow noopener\" target=\"_blank\" class=\"color-ultramarine c-link\">BBC<\/a>.<\/p>\n<p>Un an et demi apr\u00e8s, alors que l\u2019Etat a accru ses d\u00e9penses de d\u00e9fense de 43,3\u00a0% en\u00a02024, cette augmentation des d\u00e9penses militaires a pouss\u00e9 le ministre Bezalel Smotrich \u00e0 accro\u00eetre la pression fiscale, notamment sur les consommateurs, note le m\u00e9dia <a href=\"https:\/\/www.areion24.news\/2025\/06\/14\/israel-une-economie-en-guerre-a-bout-de-souffle\/2\/\" rel=\"nofollow noopener\" target=\"_blank\" class=\"color-ultramarine c-link\">Areion24.news<\/a>. \u00ab\u00a0Je ne suis pas convaincu que la soci\u00e9t\u00e9 isra\u00e9lienne soit pr\u00eate \u00e0 \u00eatre saign\u00e9e \u00e9conomiquement et socialement pour cette nouvelle Nakba [l\u2019exode forc\u00e9 de la population palestinienne]\u00a0\u00bb, pointe Dominique Vidal.<\/p>\n<p>D\u2019autant que la mobilisation de quelque 295.000 r\u00e9servistes depuis le 7\u00a0octobre 2023, selon les <a href=\"https:\/\/www.i24news.tv\/fr\/actu\/israel\/artc-nous-voulons-une-victoire-totale-les-reservistes-israeliens-au-coeur-de-la-nouvelle-offensive-sur-gaza#:~:text=Depuis%20le%207%20octobre%2C%20ce,l&#039;offensive%20finale%20sur%20Gaza.\" rel=\"nofollow noopener\" target=\"_blank\" class=\"color-ultramarine c-link\">m\u00e9dias isra\u00e9liens<\/a>, c\u2019est autant de \u00ab\u00a0soldats qui ne sont plus employ\u00e9s dans le monde du travail et ne participent pas \u00e0 la vie de tous les jours\u00a0\u00bb, remarque Dominique Vidal. La guerre n\u2019est pas non plus tr\u00e8s bonne pour le tourisme. Malgr\u00e9 les discours rassurants du pouvoir, le pays a enregistr\u00e9 une chute de 78\u00a0% du nombre de visiteurs \u00e9trangers entre janvier et avril\u00a02024, par rapport \u00e0 la m\u00eame p\u00e9riode de\u00a02023, d\u2019apr\u00e8s <a href=\"https:\/\/www.i24news.tv\/fr\/actu\/israel\/artc-israel-annonce-l-ouverture-de-sa-saison-touristique-en-affirmant-que-le-pays-est-sur\" rel=\"nofollow noopener\" target=\"_blank\" class=\"color-ultramarine c-link\">i24News<\/a>.<\/p>\n<p>Malgr\u00e9 ces points noirs dans les finances d\u2019Isra\u00ebl, il peut toujours compter sur le soutien de \u00ab\u00a0son parrain, les Etats-Unis, et le pacte europ\u00e9en\u00a0\u00bb, nuance Thomas Vescovi selon qui \u00ab\u00a0la guerre \u00e0 Gaza n\u2019est possible que gr\u00e2ce \u00e0 ces deux soutiens \u00e9conomiques\u00a0\u00bb.<\/p>\n<p>\u2026 Et militaires<\/p>\n<p>L\u2019arm\u00e9e isra\u00e9lienne para\u00eet de moins en moins volontaire pour suivre la politique offensive men\u00e9e par son gouvernement. M\u00eame le chef de l\u2019\u00c9tat-major a \u00e9mis des r\u00e9serves sur le \u00ab\u00a0pi\u00e8ge\u00a0\u00bb que constituerait une occupation de l\u2019enclave palestinienne. Plus de 100.000 Isra\u00e9liens auraient cess\u00e9 de se pr\u00e9senter \u00e0 leur service militaire de r\u00e9serve, selon le m\u00e9dia am\u00e9ricain <a href=\"https:\/\/www.972mag.com\/israeli-army-refusal-crisis-gaza-war\/\" rel=\"nofollow noopener\" target=\"_blank\" class=\"color-ultramarine c-link\">+\u00a0972<\/a>.<\/p>\n<p><a href=\"https:\/\/www.20minutes.fr\/monde\/gaza\/\" target=\"_blank\" class=\"c-link c-btn c-btn--primary\" rel=\"noopener\">Tous nos articles sur Gaza<\/a><\/p>\n<p>Le plan demanderait la mobilisation de 430.000 r\u00e9servistes selon le chef de l\u2019opposition isra\u00e9lienne Ya\u00efr Lapid. Or, apr\u00e8s les plus de vingt mois de guerre men\u00e9e, \u00ab\u00a0l\u2019arm\u00e9e n\u2019a jamais mobilis\u00e9 autant de soldats aussi longtemps\u00a0\u00bb, pointe Dominique Vidal. \u00ab\u00a0L\u2019arm\u00e9e est fatigu\u00e9e, l\u2019arm\u00e9e est d\u00e9moralis\u00e9e. L\u2019arm\u00e9e ne veut pas faire cette guerre\u2026 nous ne voulons pas mener cette guerre d\u2019extermination des habitants de Gaza\u00a0\u00bb, confie ainsi Shaked Rogel, un universitaire dans le civil, \u00e0 <a href=\"https:\/\/www.rfi.fr\/fr\/moyen-orient\/20250809-en-isra%C3%ABl-de-plus-en-plus-de-soldats-refusent-les-ordres-de-mobilisation-pour-gaza-guerre-netanyahu\" rel=\"nofollow noopener\" target=\"_blank\" class=\"color-ultramarine c-link\">RFI<\/a>. Mais l\u2019institution militaire \u00ab\u00a0aura-t-elle la capacit\u00e9 de se mettre en opposition frontale \u00e0 son donneur d\u2019ordre\u00a0? Tout va se d\u00e9canter dans les jours \u00e0 venir\u00a0\u00bb, avance Thomas Vescovi.<\/p>\n<p>Finalement, il y a \u00ab\u00a0une vraie contradiction entre ce que veut faire Benyamin Netanyahou et ce qu\u2019il peut faire, mais il est dans une fuite en avant devant les nombreuses impasses qu\u2019il rencontre\u00a0\u00bb, analyse encore Dominique Vidal. Le jour o\u00f9 il ne sera plus un chef de guerre, le Premier ministre isra\u00e9lien redeviendra un simple homme politique, dont l\u2019avenir est tr\u00e8s incertain.<\/p>\n","protected":false},"excerpt":{"rendered":"La pression \u00e0 l\u2019int\u00e9rieur et \u00e0 l\u2019ext\u00e9rieur des fronti\u00e8res isra\u00e9liennes s\u2019intensifie. Le plan d\u00e9fendu par Benyamin Netanyahou dimanche&hellip;\n","protected":false},"author":2,"featured_media":313912,"comment_status":"","ping_status":"","sticky":false,"template":"","format":"standard","meta":{"footnotes":""},"categories":[5],"tags":[47,11,34748,952,3259,1011,27,665,3519,14,664,74,12,3521,28],"class_list":{"0":"post-313911","1":"post","2":"type-post","3":"status-publish","4":"format-standard","5":"has-post-thumbnail","7":"category-international","8":"tag-actualite","9":"tag-actualites","10":"tag-armee-israelienne","11":"tag-benyamin-netanyahou","12":"tag-conflit-israelo-palestinien","13":"tag-fr","14":"tag-france","15":"tag-gaza","16":"tag-hamas","17":"tag-international","18":"tag-israel","19":"tag-monde","20":"tag-news","21":"tag-onu","22":"tag-world"},"share_on_mastodon":{"url":"https:\/\/pubeurope.com\/@fr\/115015821826861137","error":""},"_links":{"self":[{"href":"https:\/\/www.europesays.com\/fr\/wp-json\/wp\/v2\/posts\/313911","targetHints":{"allow":["GET"]}}],"collection":[{"href":"https:\/\/www.europesays.com\/fr\/wp-json\/wp\/v2\/posts"}],"about":[{"href":"https:\/\/www.europesays.com\/fr\/wp-json\/wp\/v2\/types\/post"}],"author":[{"embeddable":true,"href":"https:\/\/www.europesays.com\/fr\/wp-json\/wp\/v2\/users\/2"}],"replies":[{"embeddable":true,"href":"https:\/\/www.europesays.com\/fr\/wp-json\/wp\/v2\/comments?post=313911"}],"version-history":[{"count":0,"href":"https:\/\/www.europesays.com\/fr\/wp-json\/wp\/v2\/posts\/313911\/revisions"}],"wp:featuredmedia":[{"embeddable":true,"href":"https:\/\/www.europesays.com\/fr\/wp-json\/wp\/v2\/media\/313912"}],"wp:attachment":[{"href":"https:\/\/www.europesays.com\/fr\/wp-json\/wp\/v2\/media?parent=313911"}],"wp:term":[{"taxonomy":"category","embeddable":true,"href":"https:\/\/www.europesays.com\/fr\/wp-json\/wp\/v2\/categories?post=313911"},{"taxonomy":"post_tag","embeddable":true,"href":"https:\/\/www.europesays.com\/fr\/wp-json\/wp\/v2\/tags?post=313911"}],"curies":[{"name":"wp","href":"https:\/\/api.w.org\/{rel}","templated":true}]}}