{"id":313920,"date":"2025-08-12T12:42:11","date_gmt":"2025-08-12T12:42:11","guid":{"rendered":"https:\/\/www.europesays.com\/fr\/313920\/"},"modified":"2025-08-12T12:42:11","modified_gmt":"2025-08-12T12:42:11","slug":"une-partie-du-campus-rct-evacuee-ce-mardi-les-sapeurs-pompiers-sur-place","status":"publish","type":"post","link":"https:\/\/www.europesays.com\/fr\/313920\/","title":{"rendered":"Une partie du Campus RCT \u00e9vacu\u00e9e ce mardi, les sapeurs-pompiers sur place"},"content":{"rendered":"<p>Alors que l\u2019entra\u00eenement ouvert au public de ce mardi 12 ao\u00fbt, auquel environ <strong>500 supporters<\/strong> ont assist\u00e9, venait de se terminer, un incident s\u2019est produit<strong> au niveau de la brasserie Le Muguet.\u00a0<\/strong><\/p>\n<p>Aux environs de 11h30, tandis que Baptiste Serin \u00e9tait le dernier joueur \u00e0 signer des autographes sur la pelouse, la centaine de supporters restante a \u00e9t\u00e9 <strong>\u00e9vacu\u00e9e<\/strong> et regroup\u00e9e \u00e0 l\u2019entr\u00e9e de l\u2019\u00e9tablissement. M\u00eame chose pour l\u2019ensemble du personnel de la brasserie.\u00a0<\/p>\n<p>Des fum\u00e9es \u00e0 l\u2019origine de l\u2019intervention<\/p>\n<p>Selon les premiers \u00e9l\u00e9ments, des fum\u00e9es se seraient d\u00e9gag\u00e9es d\u2019un <strong>transformateur \u00e9lectrique,<\/strong> n\u00e9cessitant l\u2019intervention des sapeurs-pompiers du Var et des services d\u2019Enedis.\u00a0<\/p>\n<p>Le p\u00e9rim\u00e8tre a \u00e9t\u00e9 <strong>s\u00e9curis\u00e9<\/strong> par la police nationale.\u00a0<\/p>\n","protected":false},"excerpt":{"rendered":"Alors que l\u2019entra\u00eenement ouvert au public de ce mardi 12 ao\u00fbt, auquel environ 500 supporters ont assist\u00e9, venait&hellip;\n","protected":false},"author":2,"featured_media":313921,"comment_status":"","ping_status":"","sticky":false,"template":"","format":"standard","meta":{"footnotes":""},"categories":[9619],"tags":[1111,11,1777,674,1011,27,12,882,25,60,2310],"class_list":{"0":"post-313920","1":"post","2":"type-post","3":"status-publish","4":"format-standard","5":"has-post-thumbnail","7":"category-toulon","8":"tag-actu","9":"tag-actualites","10":"tag-eu","11":"tag-europe","12":"tag-fr","13":"tag-france","14":"tag-news","15":"tag-provence-alpes-cote-dazur","16":"tag-republique-francaise","17":"tag-sports","18":"tag-toulon"},"share_on_mastodon":{"url":"https:\/\/pubeurope.com\/@fr\/115015853201146132","error":""},"_links":{"self":[{"href":"https:\/\/www.europesays.com\/fr\/wp-json\/wp\/v2\/posts\/313920","targetHints":{"allow":["GET"]}}],"collection":[{"href":"https:\/\/www.europesays.com\/fr\/wp-json\/wp\/v2\/posts"}],"about":[{"href":"https:\/\/www.europesays.com\/fr\/wp-json\/wp\/v2\/types\/post"}],"author":[{"embeddable":true,"href":"https:\/\/www.europesays.com\/fr\/wp-json\/wp\/v2\/users\/2"}],"replies":[{"embeddable":true,"href":"https:\/\/www.europesays.com\/fr\/wp-json\/wp\/v2\/comments?post=313920"}],"version-history":[{"count":0,"href":"https:\/\/www.europesays.com\/fr\/wp-json\/wp\/v2\/posts\/313920\/revisions"}],"wp:featuredmedia":[{"embeddable":true,"href":"https:\/\/www.europesays.com\/fr\/wp-json\/wp\/v2\/media\/313921"}],"wp:attachment":[{"href":"https:\/\/www.europesays.com\/fr\/wp-json\/wp\/v2\/media?parent=313920"}],"wp:term":[{"taxonomy":"category","embeddable":true,"href":"https:\/\/www.europesays.com\/fr\/wp-json\/wp\/v2\/categories?post=313920"},{"taxonomy":"post_tag","embeddable":true,"href":"https:\/\/www.europesays.com\/fr\/wp-json\/wp\/v2\/tags?post=313920"}],"curies":[{"name":"wp","href":"https:\/\/api.w.org\/{rel}","templated":true}]}}