{"id":313922,"date":"2025-08-12T12:43:11","date_gmt":"2025-08-12T12:43:11","guid":{"rendered":"https:\/\/www.europesays.com\/fr\/313922\/"},"modified":"2025-08-12T12:43:11","modified_gmt":"2025-08-12T12:43:11","slug":"top-14-toulon-le-campus-rct-evacue-apres-des-emanations-de-fumee","status":"publish","type":"post","link":"https:\/\/www.europesays.com\/fr\/313922\/","title":{"rendered":"Top 14 \u2013 Toulon\u00a0: le Campus RCT \u00e9vacu\u00e9 apr\u00e8s des \u00e9manations de fum\u00e9e"},"content":{"rendered":"<p>\n                Le Campus RCT a \u00e9t\u00e9 \u00e9vacu\u00e9 en partie apr\u00e8s l\u2019entra\u00eenement des joueurs toulonnais. Les pompiers sont intervenus mais le p\u00e9rim\u00e8tre a \u00e9t\u00e9 s\u00e9curis\u00e9.\n            <\/p>\n<p>Petite alerte au centre d\u2019entra\u00eenement dernier cri du Rugby club toulonnais. Alors que les joueurs varois terminaient l\u2019entra\u00eenement, un incident a eu lieu \u00e0 c\u00f4t\u00e9 de la Brasserie du club \u00ab\u00a0le Muguet\u00a0\u00bb donnant sur le terrain. Comme l\u2019expliquent nos confr\u00e8res de Var Matin, c\u2019est un transformateur \u00e9lectrique qui a propag\u00e9 de la fum\u00e9e.<\/p>\n<p>Le p\u00e9rim\u00e8tre s\u00e9curis\u00e9<\/p>\n<p>Les sapeurs pompiers du Var ainsi que les services d\u2019Enedis ont oeuvr\u00e9 pour remettre les choses en ordre. La police nationale a s\u00e9curis\u00e9 le p\u00e9rim\u00e8tre. 500 supporters \u00e9taient pr\u00e9sents pour voir les demi-finalistes du dernier championnat de France \u00e0 l\u2019oeuvre. Parmi la foule restante pour avoir photos et autographe, une centaine a \u00e9t\u00e9 \u00e9vacu\u00e9e et rassembl\u00e9e dans le restaurant.<\/p>\n","protected":false},"excerpt":{"rendered":"Le Campus RCT a \u00e9t\u00e9 \u00e9vacu\u00e9 en partie apr\u00e8s l\u2019entra\u00eenement des joueurs toulonnais. Les pompiers sont intervenus mais&hellip;\n","protected":false},"author":2,"featured_media":313923,"comment_status":"","ping_status":"","sticky":false,"template":"","format":"standard","meta":{"footnotes":""},"categories":[9619],"tags":[1111,11,1777,674,1011,27,12,882,25,2310],"class_list":{"0":"post-313922","1":"post","2":"type-post","3":"status-publish","4":"format-standard","5":"has-post-thumbnail","7":"category-toulon","8":"tag-actu","9":"tag-actualites","10":"tag-eu","11":"tag-europe","12":"tag-fr","13":"tag-france","14":"tag-news","15":"tag-provence-alpes-cote-dazur","16":"tag-republique-francaise","17":"tag-toulon"},"share_on_mastodon":{"url":"https:\/\/pubeurope.com\/@fr\/115015857204266759","error":""},"_links":{"self":[{"href":"https:\/\/www.europesays.com\/fr\/wp-json\/wp\/v2\/posts\/313922","targetHints":{"allow":["GET"]}}],"collection":[{"href":"https:\/\/www.europesays.com\/fr\/wp-json\/wp\/v2\/posts"}],"about":[{"href":"https:\/\/www.europesays.com\/fr\/wp-json\/wp\/v2\/types\/post"}],"author":[{"embeddable":true,"href":"https:\/\/www.europesays.com\/fr\/wp-json\/wp\/v2\/users\/2"}],"replies":[{"embeddable":true,"href":"https:\/\/www.europesays.com\/fr\/wp-json\/wp\/v2\/comments?post=313922"}],"version-history":[{"count":0,"href":"https:\/\/www.europesays.com\/fr\/wp-json\/wp\/v2\/posts\/313922\/revisions"}],"wp:featuredmedia":[{"embeddable":true,"href":"https:\/\/www.europesays.com\/fr\/wp-json\/wp\/v2\/media\/313923"}],"wp:attachment":[{"href":"https:\/\/www.europesays.com\/fr\/wp-json\/wp\/v2\/media?parent=313922"}],"wp:term":[{"taxonomy":"category","embeddable":true,"href":"https:\/\/www.europesays.com\/fr\/wp-json\/wp\/v2\/categories?post=313922"},{"taxonomy":"post_tag","embeddable":true,"href":"https:\/\/www.europesays.com\/fr\/wp-json\/wp\/v2\/tags?post=313922"}],"curies":[{"name":"wp","href":"https:\/\/api.w.org\/{rel}","templated":true}]}}