{"id":313929,"date":"2025-08-12T12:48:27","date_gmt":"2025-08-12T12:48:27","guid":{"rendered":"https:\/\/www.europesays.com\/fr\/313929\/"},"modified":"2025-08-12T12:48:27","modified_gmt":"2025-08-12T12:48:27","slug":"un-homme-menace-avec-un-pistolet-factice-plusieurs-passants-a-rouen","status":"publish","type":"post","link":"https:\/\/www.europesays.com\/fr\/313929\/","title":{"rendered":"Un homme menace avec un pistolet factice plusieurs passants \u00e0 Rouen"},"content":{"rendered":"<p>Un homme a \u00e9t\u00e9 plac\u00e9 en garde \u00e0 vue pour avoir menac\u00e9 quatre personnes avec une arme, \u00e0 Rouen, dans la nuit du 11 au 12 ao\u00fbt. <\/p>\n<p>Un homme de 20 ans a menac\u00e9 six jeunes avec un pistolet, ce mardi 12 ao\u00fbt au milieu de la nuit, \u00e0 Rouen. Vers 2h15 du matin, les policiers arrivent sur la place du Vieux-March\u00e9. Ils demandent au suspect de mettre ses mains en \u00e9vidence et d\u00e9couvrent \u00e0 ce moment-l\u00e0 <strong>une arme cach\u00e9e dans son pantalon<\/strong>. C&rsquo;est un neuf millim\u00e8tres semi-automatique qui s&rsquo;av\u00e8re finalement \u00eatre un pistolet en plastique factice.<\/p>\n<p>Le suspect n&rsquo;est pas connu des autorit\u00e9s et il n&rsquo;\u00e9tait pas alcoolis\u00e9. Pour le moment, ses motivations restent inconnues. Il a \u00e9t\u00e9 plac\u00e9 en garde \u00e0 vue.<\/p>\n<p> \u00c0 lire aussi   <img decoding=\"async\" src=\"https:\/\/www.europesays.com\/fr\/wp-content\/uploads\/2025\/08\/560x315_sc_magnum.jpg\" alt=\"Un revolver de type .357 Magnum (illustration).\" style=\"--_image-preview:url('data:image\/jpeg;base64,\/9j\/2wBDACgcHiMeGSgjISMtKygwPGRBPDc3PHtYXUlkkYCZlo+AjIqgtObDoKrarYqMyP\/L2u71\/\/\/\/m8H\/\/\/\/6\/+b9\/\/j\/2wBDASstLTw1PHZBQXb4pYyl+Pj4+Pj4+Pj4+Pj4+Pj4+Pj4+Pj4+Pj4+Pj4+Pj4+Pj4+Pj4+Pj4+Pj4+Pj4+Pj4+Pj\/wAARCAAXACoDASIAAhEBAxEB\/8QAGAABAQEBAQAAAAAAAAAAAAAAAAMBAgT\/xAAZEAEAAwEBAAAAAAAAAAAAAAAAAQIREhP\/xAAWAQEBAQAAAAAAAAAAAAAAAAABAAL\/xAAUEQEAAAAAAAAAAAAAAAAAAAAA\/9oADAMBAAIRAxEAPwCfRqUS61kqRKlbIa2LJPVF3Xo8kXb6FIQ0ATTQQZ0dAU\/\/2Q==');\" loading=\"lazy\" fetchpriority=\"low\" aria-hidden=\"true\" class=\"svelte-1pnmlwx rounded\" onload=\"this.__e=event\" onerror=\"this.__e=event\"\/><\/p>\n","protected":false},"excerpt":{"rendered":"Un homme a \u00e9t\u00e9 plac\u00e9 en garde \u00e0 vue pour avoir menac\u00e9 quatre personnes avec une arme, \u00e0&hellip;\n","protected":false},"author":2,"featured_media":313930,"comment_status":"","ping_status":"","sticky":false,"template":"","format":"standard","meta":{"footnotes":""},"categories":[9587],"tags":[1111,11,1777,674,1011,27,12,5161,25,9590],"class_list":{"0":"post-313929","1":"post","2":"type-post","3":"status-publish","4":"format-standard","5":"has-post-thumbnail","7":"category-rouen","8":"tag-actu","9":"tag-actualites","10":"tag-eu","11":"tag-europe","12":"tag-fr","13":"tag-france","14":"tag-news","15":"tag-normandie","16":"tag-republique-francaise","17":"tag-rouen"},"share_on_mastodon":{"url":"https:\/\/pubeurope.com\/@fr\/115015877265609052","error":""},"_links":{"self":[{"href":"https:\/\/www.europesays.com\/fr\/wp-json\/wp\/v2\/posts\/313929","targetHints":{"allow":["GET"]}}],"collection":[{"href":"https:\/\/www.europesays.com\/fr\/wp-json\/wp\/v2\/posts"}],"about":[{"href":"https:\/\/www.europesays.com\/fr\/wp-json\/wp\/v2\/types\/post"}],"author":[{"embeddable":true,"href":"https:\/\/www.europesays.com\/fr\/wp-json\/wp\/v2\/users\/2"}],"replies":[{"embeddable":true,"href":"https:\/\/www.europesays.com\/fr\/wp-json\/wp\/v2\/comments?post=313929"}],"version-history":[{"count":0,"href":"https:\/\/www.europesays.com\/fr\/wp-json\/wp\/v2\/posts\/313929\/revisions"}],"wp:featuredmedia":[{"embeddable":true,"href":"https:\/\/www.europesays.com\/fr\/wp-json\/wp\/v2\/media\/313930"}],"wp:attachment":[{"href":"https:\/\/www.europesays.com\/fr\/wp-json\/wp\/v2\/media?parent=313929"}],"wp:term":[{"taxonomy":"category","embeddable":true,"href":"https:\/\/www.europesays.com\/fr\/wp-json\/wp\/v2\/categories?post=313929"},{"taxonomy":"post_tag","embeddable":true,"href":"https:\/\/www.europesays.com\/fr\/wp-json\/wp\/v2\/tags?post=313929"}],"curies":[{"name":"wp","href":"https:\/\/api.w.org\/{rel}","templated":true}]}}