{"id":313933,"date":"2025-08-12T12:50:13","date_gmt":"2025-08-12T12:50:13","guid":{"rendered":"https:\/\/www.europesays.com\/fr\/313933\/"},"modified":"2025-08-12T12:50:13","modified_gmt":"2025-08-12T12:50:13","slug":"plutot-que-de-casser-les-ghettos-de-riches-il-faut-sauver-grenoble-des-mains-deric-piolle","status":"publish","type":"post","link":"https:\/\/www.europesays.com\/fr\/313933\/","title":{"rendered":"\u00abPlut\u00f4t que de \u201ccasser les ghettos de riches\u201d, il faut sauver Grenoble des mains d\u2019\u00c9ric Piolle\u00bb"},"content":{"rendered":"<p><strong>FIGAROVOX\/TRIBUNE &#8211;<\/strong> Le maire \u00e9cologiste de Grenoble a condamn\u00e9 fin juillet les \u00abghettos de riches\u00bb qui se formeraient dans sa ville. Une \u00e9ni\u00e8me pol\u00e9mique inutile qui peine \u00e0 masquer le bilan calamiteux de l\u2019\u00e9dile, estime Alain Carignon, ancien maire de Grenoble et candidat aux municipales de 2026.<\/p>\n<p class=\"fig-paragraph\">Alain Carignon est ancien maire (RPR) de Grenoble (1983-1995), ancien ministre et candidat \u00e0 la mairie de Grenoble en 2026.<\/p>\n<p class=\"fig-paragraph\">Chaque commune de France est un roman. Les racines dans l\u2019Histoire constituent ainsi un temp\u00e9rament durable forg\u00e9 par des \u00e9v\u00e9nements forts qui ont imprim\u00e9 les esprits, g\u00e9n\u00e9ration apr\u00e8s g\u00e9n\u00e9ration. Une personnalit\u00e9 souvent complexe mais qui parle aux habitants comme aux observateurs ext\u00e9rieurs. Comme les autres communes de France, ni plus ni moins,\u00a0<a href=\"http:\/\/www.lefigaro.fr\/faits-divers\/deux-nouvelles-fusillades-a-grenoble-ont-fait-trois-blesses-au-cours-de-la-nuit-20250426\" target=\"_blank\" data-fig-type=\"NewsFlash\" rel=\"noopener nofollow\" data-gtm-custom-categorie=\"navigation\" data-gtm-custom-action=\"crossclick\" data-gtm-custom-label=\"Contextuel\" data-gtm-event=\"customEventSPE\" data-fig-domain=\"LEFIGARO\">Grenoble\u00a0<\/a>n\u2019\u00e9chappe pas \u00e0 ce constat. Ainsi est n\u00e9e une ville traditionnellement pionni\u00e8re qui a structur\u00e9 son Histoire autour de trois valeurs fortes\u00a0: la science, le sport et la libert\u00e9.<\/p>\n<p>                                    <a class=\"fig-a11y-skip a11y-hidden\" href=\"#fig-a11y-skip-main-inarticle\"><br \/>\n        Passer la publicit\u00e9<br \/>\n    <\/a><\/p>\n<p class=\"fig-paragraph\">Ici, la science a toujours \u00e9t\u00e9 le creuset d\u2019une industrie active\u00a0: de l\u2019exposition de la\u00a0<a href=\"https:\/\/immobilier.lefigaro.fr\/article\/cette-tour-en-beton-qui-va-feter-ses-100-ans-en-2025-se-reve-en-monument-touristique_7a49d784-b714-11ef-aab9-6d0471c8c880\/\" target=\"_blank\" data-fig-type=\"Article\" rel=\"noopener nofollow\" data-gtm-custom-categorie=\"navigation\" data-gtm-custom-action=\"crossclick\" data-gtm-custom-label=\"Contextuel\" data-gtm-event=\"customEventSPE\" data-fig-domain=\"IMMOBILIER\">Houille Blanche<\/a>\u00a0au Synchrotron en passant par les essaimages li\u00e9s au CEA, aux innovations scientifiques avec la r\u00e9f\u00e9rence \u00e0 Louis N\u00e9el, Prix Nobel de physique. Le sport est indissociable de la ville de Grenoble. Les montagnes sont \u00e0 notre porte imm\u00e9diate comme une invitation permanente aux activit\u00e9s de plein air. Les JO de 1968 avec les victoires de Killy mais aussi l\u2019alpinisme avec Lionel Terray, le v\u00e9lo avec Jeannie Longo sont des r\u00e9f\u00e9rences associ\u00e9es \u00e0 Grenoble. Et la plus belle des valeurs\u00a0: la libert\u00e9, valeur ancr\u00e9e d\u00e8s 1788 avec la Journ\u00e9e des Tuiles, mais aussi la R\u00e9sistance avec une ville faite Compagnon de la Lib\u00e9ration. Puis plus pr\u00e8s de nous, les radios locales, le 1er r\u00e9f\u00e9rendum municipal en France, etc.\u00a0: toutes ces \u00e9tapes qui ont construit un temp\u00e9rament grenoblois aimant la fra\u00eecheur des avanc\u00e9es collectives.<\/p>\n<p class=\"fig-paragraph\">Avec sa pol\u00e9mique sur les \u00ab<a href=\"https:\/\/immobilier.lefigaro.fr\/article\/eric-piolle-maire-de-grenoble-veut-casser-les-ghettos-de-riches-et-les-remplacer-par-des-hlm-20250802\/\" target=\"_blank\" data-fig-type=\"Article\" rel=\"noopener nofollow\" data-gtm-custom-categorie=\"navigation\" data-gtm-custom-action=\"crossclick\" data-gtm-custom-label=\"Contextuel\" data-gtm-event=\"customEventSPE\" data-fig-domain=\"IMMOBILIER\">ghettos de riches<\/a>\u00bb, \u00c9ric Piolle trahit une fois de plus cette histoire. Apr\u00e8s une manifestation contre l\u2019\u00e9tat d\u2019urgence apr\u00e8s le Bataclan, la suppression des f\u00eates chr\u00e9tiennes ou l\u2019autorisation du\u00a0<a href=\"https:\/\/www.lefigaro.fr\/vox\/societe\/burkini-le-droit-doit-venir-au-secours-de-l-ordre-symbolique-de-la-democratie-liberale-20220526\" target=\"_blank\" data-fig-type=\"Article\" rel=\"noopener nofollow\" data-gtm-custom-categorie=\"navigation\" data-gtm-custom-action=\"crossclick\" data-gtm-custom-label=\"Contextuel\" data-gtm-event=\"customEventSPE\" data-fig-domain=\"LEFIGARO\">burkini\u00a0<\/a>dans les piscines municipales. C\u2019est coh\u00e9rent avec son passif mais\u00a0grave pour notre ville. Grenoble ville \u2013 centre d\u2019une agglom\u00e9ration est devenue un \u00eelot d\u00e9sert\u00e9 par les habitants de sa p\u00e9riph\u00e9rie, marginalis\u00e9e au sein de la m\u00e9tropole o\u00f9 ses \u00e9lus engagent des pol\u00e9miques permanentes contre une autre fraction de la gauche locale qui d\u00e9tient le pouvoir. La d\u00e9linquance est maintenant la \u00abnouvelle industrie\u00bb avec le ravage de la drogue et son cort\u00e8ge de drames. Les chiffres parlent\u00a0: selon le minist\u00e8re de l\u2019Int\u00e9rieur, nous sommes devenus les premiers pour la d\u00e9linquance pour 1000 habitants. Les commerces ferment et notre taux de vacance commerciale est le double de certaines grandes villes comparables. La ville des conqu\u00eates qui font envie est ainsi devenue celle des passifs qui font peur.<\/p>\n<blockquote class=\"fig-quote&#10;    \">\n<p class=\"fig-quote__text\">\u00c9ric Piolle cr\u00e9e une \u00e8re post-v\u00e9rit\u00e9 o\u00f9 les chiffres du quotidien n\u2019ont plus leur place tant ils ont de quoi inqui\u00e9ter<\/p>\n<p>            Alain Carignon\n    <\/p><\/blockquote>\n<p class=\"fig-paragraph\">\u00c9ric Piolle a massacr\u00e9 l\u2019actif grenoblois historique. Incapable de faire, avec ses proches, leur \u00e9nergie est consacr\u00e9e \u00e0 tirer autrui vers le bas. La ville est id\u00e9ologiquement enferm\u00e9e dans les th\u00e9matiques r\u00e9gressives et stigmatisantes de l\u2019extr\u00eame gauche. Elle a aussi perdu sa grande tradition des d\u00e9bats ouverts. \u00c9ric Piolle est ainsi devenu le \u00abtristouille\u00bb de Grenoble. Tout est triste. \u00c0 l\u2019abandon par exemple de l\u2019espace public. Excluant l\u2019autre, ils incarnent l\u2019am\u00e9ricanisation des villes\u00a0: leur violence devenue la voisine qui peut s\u2019inviter \u00e0 chaque instant n\u2019importe o\u00f9 \u00e0 n\u2019importe quelle heure\u2026 Bref, une jungle qui devient une cit\u00e9 \u00e0 fuir dans laquelle les plus modestes sont assign\u00e9s \u00e0 r\u00e9sidence\u00a0: 8 000 locataires de HLM demandent \u00e0 quitter leur appartement pour un quartier apais\u00e9 qui n\u2019existe pas.<\/p>\n<p class=\"fig-paragraph\">C\u2019est aussi la trumpisation des r\u00e9cits\u00a0: d\u00e9signer en permanence des adversaires pour cr\u00e9er un \u00e9vitement face aux vrais enjeux. Cr\u00e9er une \u00e8re post-v\u00e9rit\u00e9 o\u00f9 les chiffres du quotidien n\u2019ont plus leur place tant ils ont de quoi inqui\u00e9ter. Ainsi Grenoble est devenue la premi\u00e8re de sa cat\u00e9gorie pour le taux de\u00a0<a href=\"http:\/\/www.lefigaro.fr\/social\/grenoble-adopte-une-hausse-controversee-de-sa-taxe-fonciere-20230314\" target=\"_blank\" data-fig-type=\"NewsFlash\" rel=\"noopener nofollow\" data-gtm-custom-categorie=\"navigation\" data-gtm-custom-action=\"crossclick\" data-gtm-custom-label=\"Contextuel\" data-gtm-event=\"customEventSPE\" data-fig-domain=\"LEFIGARO\">taxe fonci\u00e8re<\/a>\u00a0et la derni\u00e8re pour la valeur des biens,\u00a0\u00e9crasant les propri\u00e9taires du \u00abpermis de louer\u00bb, de l\u2019encadrement des loyers, de la menace de r\u00e9quisitions. La ville compte pr\u00e8s de 10 % de plus de familles que la moyenne qui vivent en dessous du taux de bas revenus. Des quartiers entiers sont abandonn\u00e9s, ghetto\u00efs\u00e9s. Grenoble est devenue la premi\u00e8re grande ville de France pour les \u00eelots de chaleur dus \u00e0 la \u00abb\u00e9tonisation\u00bb syst\u00e9matique. Ainsi l\u2019une des suppos\u00e9es \u00abvitrines \u00e9cologiques\u00bb du parti des Verts sera aussi une ville qui aura handicap\u00e9 durablement la possibilit\u00e9 d\u2019atteindre la neutralit\u00e9 carbone en 2050.<\/p>\n<p class=\"fig-body-link\">\n            \u00c0 lire aussi<br \/>\n        <a class=\"fig-body-link__link fig-premium-mark\" href=\"http:\/\/www.lefigaro.fr\/vox\/politique\/eric-piolle-a-grenoble-le-maire-deconstruit-d-une-cite-bientot-detruite-20250131\" target=\"_blank\" data-fig-type=\"Article\" rel=\"noopener nofollow\" data-gtm-custom-categorie=\"navigation\" data-gtm-custom-action=\"crossclick\" data-gtm-custom-label=\"Contextuel\" data-gtm-event=\"customEventSPE\" data-fig-domain=\"LEFIGARO\">\u00c9ric Piolle \u00e0 Grenoble, le maire d\u00e9construit d\u2019une cit\u00e9 bient\u00f4t d\u00e9truite<br \/>\n    <\/a>\n<\/p>\n<p class=\"fig-paragraph\">Une ville ne doit pas rester en qu\u00eate de v\u00e9rit\u00e9s. Le d\u00e9ni et l\u2019\u00e9vitement ne peuvent s\u2019installer comme des priorit\u00e9s de gestion ou de d\u00e9bats. C\u2019est tout l\u2019enjeu des prochains mois\u00a0: sauver Grenoble. Une n\u00e9cessit\u00e9 qui passe par l\u2019acceptation des vraies crises qui attendent la ville, la plus lourde \u00e9tant la financi\u00e8re et l\u2019\u00e9nonc\u00e9 de vraies solutions. C\u2019est aussi ce qui garantira la tr\u00e8s large mobilisation citoyenne indispensable donnant la l\u00e9gitimit\u00e9 irrempla\u00e7able pour ouvrir une belle nouvelle page de l\u2019Histoire de la capitale du Dauphin\u00e9\u00a0:\u00a0r\u00e9concilier Grenoble avec son Histoire et avec ses habitants, tous ses habitants sans la moindre exception.<\/p>\n","protected":false},"excerpt":{"rendered":"FIGAROVOX\/TRIBUNE &#8211; Le maire \u00e9cologiste de Grenoble a condamn\u00e9 fin juillet les \u00abghettos de riches\u00bb qui se formeraient&hellip;\n","protected":false},"author":2,"featured_media":313934,"comment_status":"","ping_status":"","sticky":false,"template":"","format":"standard","meta":{"footnotes":""},"categories":[9566],"tags":[1111,11,2430,9607,1777,674,1011,27,2731,3554,12,25],"class_list":{"0":"post-313933","1":"post","2":"type-post","3":"status-publish","4":"format-standard","5":"has-post-thumbnail","7":"category-grenoble","8":"tag-actu","9":"tag-actualites","10":"tag-auvergne-rhone-alpes","11":"tag-eric-piolle","12":"tag-eu","13":"tag-europe","14":"tag-fr","15":"tag-france","16":"tag-grenoble","17":"tag-municipales","18":"tag-news","19":"tag-republique-francaise"},"share_on_mastodon":{"url":"https:\/\/pubeurope.com\/@fr\/115015884667574482","error":""},"_links":{"self":[{"href":"https:\/\/www.europesays.com\/fr\/wp-json\/wp\/v2\/posts\/313933","targetHints":{"allow":["GET"]}}],"collection":[{"href":"https:\/\/www.europesays.com\/fr\/wp-json\/wp\/v2\/posts"}],"about":[{"href":"https:\/\/www.europesays.com\/fr\/wp-json\/wp\/v2\/types\/post"}],"author":[{"embeddable":true,"href":"https:\/\/www.europesays.com\/fr\/wp-json\/wp\/v2\/users\/2"}],"replies":[{"embeddable":true,"href":"https:\/\/www.europesays.com\/fr\/wp-json\/wp\/v2\/comments?post=313933"}],"version-history":[{"count":0,"href":"https:\/\/www.europesays.com\/fr\/wp-json\/wp\/v2\/posts\/313933\/revisions"}],"wp:featuredmedia":[{"embeddable":true,"href":"https:\/\/www.europesays.com\/fr\/wp-json\/wp\/v2\/media\/313934"}],"wp:attachment":[{"href":"https:\/\/www.europesays.com\/fr\/wp-json\/wp\/v2\/media?parent=313933"}],"wp:term":[{"taxonomy":"category","embeddable":true,"href":"https:\/\/www.europesays.com\/fr\/wp-json\/wp\/v2\/categories?post=313933"},{"taxonomy":"post_tag","embeddable":true,"href":"https:\/\/www.europesays.com\/fr\/wp-json\/wp\/v2\/tags?post=313933"}],"curies":[{"name":"wp","href":"https:\/\/api.w.org\/{rel}","templated":true}]}}