{"id":313935,"date":"2025-08-12T12:51:11","date_gmt":"2025-08-12T12:51:11","guid":{"rendered":"https:\/\/www.europesays.com\/fr\/313935\/"},"modified":"2025-08-12T12:51:11","modified_gmt":"2025-08-12T12:51:11","slug":"fanfan-cloture-son-tour-de-france-a-velo-lors-dune-derniere-etape-collective","status":"publish","type":"post","link":"https:\/\/www.europesays.com\/fr\/313935\/","title":{"rendered":"\u00ab\u00a0Fanfan\u00a0\u00bb cl\u00f4ture son Tour de France \u00e0 v\u00e9lo lors d\u2019une derni\u00e8re \u00e9tape collective"},"content":{"rendered":"<p>Samedi 9\u00a0ao\u00fbt, \u00ab\u00a0Fanfan\u00a0\u00bb a cl\u00f4tur\u00e9 son Tour de France \u00e0 v\u00e9lo. Apr\u00e8s 3\u00a0400\u00a0km parcourus au profit d\u2019une association de lutte contre le cancer, il a voulu une derni\u00e8re \u00e9tape \u00a0collective et r\u00e9cr\u00e9ative\u00a0. Samedi a donc \u00e9t\u00e9 lanc\u00e9e l\u2019op\u00e9ration Tout le monde en selle\u00a0: un appel \u00e0 venir rouler avec Fanfan pour rallier Rennes \u00e0 Dinan lors de l\u2019ultime \u00e9tape du d\u00e9fi.<\/p>\n<p>Lire aussi\u00a0: <a href=\"https:\/\/dinan.maville.com\/actu\/actudet_-arrive-a-dinan-ce-breton-recolte-17-000-e-contre-le-cancer-apres-un-tour-de-france-de-3-400-km-_52686-6930064_actu.Htm\" target=\"_blank\" rel=\"noopener\">Arriv\u00e9 \u00e0 Dinan, ce Breton r\u00e9colte 17\u00a0000\u00a0\u20ac contre le cancer apr\u00e8s un Tour de France de 3\u00a0400\u00a0km<\/a><\/p>\n<p>L\u2019objectif \u00e9tait de faire participer ceux qui le voulaient au d\u00e9fi. Le matin, c\u2019est pr\u00e8s d\u2019une cinquantaine de cyclistes qui ont retrouv\u00e9 Fanfan au centre Eug\u00e8ne-Marquis. \u00a0Le nombre de participants a \u00e9t\u00e9 une bonne surprise\u00a0 s\u2019exclame, Magali Bouteille, la femme de Fanfan. Le d\u00e9part a \u00e9t\u00e9 donn\u00e9 \u00e0 10\u00a0h\u00a020 \u00e0 Rennes, direction une pause pique-nique \u00e0 Tint\u00e9niac, l\u00e0 ou les trois\u00a0d\u00e9fis de Fanfan ont commenc\u00e9.<\/p>\n<p>17\u00a0000\u00a0\u20ac de dons<\/p>\n<p>\u00a0J\u2019ai la fiert\u00e9 d\u2019atteindre l\u2019objectif que je m\u2019\u00e9tais lanc\u00e9\u00a0\u00bb, d\u00e9clare Fanfan. En effet, ce Tint\u00e9niacois de 40\u00a0ans s\u2019\u00e9tait lanc\u00e9 le 15\u00a0juillet dernier dans un tour de France comportant 23\u00a0\u00e9tapes, sur un parcours de plus de 3\u00a0400\u00a0km. \u00a0J\u2019aime me lancer des d\u00e9fis fous, mais toujours pour la bonne cause\u00a0!\u00a0 Le but de Fanfan est clair\u00a0: rouler pour r\u00e9colter un maximum de dons au profit de l\u2019association Souffles d\u2019espoir contre le cancer, en lien avec le Centre Eug\u00e8ne-Marquis de Rennes. \u00a0Le but \u00e9tait de collecter le maximum de fonds pour venir en aide aux malades et \u00e0 la recherche, mais aussi aux aidants. Les familles des malades ont besoin de financement, notamment pour le co\u00fbt des parkings des h\u00f4pitaux.\u00a0<\/p>\n<p><strong>\u00ab\u00a0L\u2019objectif du d\u00e9fi sportif est atteint mais je suis fier et heureux de me retrouver avec autant de monde autour de nous pour cette derni\u00e8re \u00e9tape qui vient cl\u00f4turer un d\u00e9fi fou. \u00c7a para\u00eet presque irr\u00e9el. On a r\u00e9ussi \u00e0 trouver les h\u00e9bergements aux quatre coins de la France, on se souvient de rencontres coups de c\u0153ur. C\u2019est vraiment un d\u00e9fi qui s\u2019est ponctu\u00e9 de beaux moments\u00a0\u00bb,<\/strong> souligne-t-il.<\/p>\n<p>Le groupe de cyclistes accompagnant Fanfan lors de cette derni\u00e8re \u00e9tape est arriv\u00e9 \u00e0 la mairie de Dinan dans l\u2019apr\u00e8s-midi. La fin d\u2019une aventure qui s\u2019est d\u00e9roul\u00e9e dans la bonne humeur g\u00e9n\u00e9rale. Mais surtout, Fanfan et sa famille ont pu annoncer une somme r\u00e9colt\u00e9e de 17\u00a0000\u00a0\u20ac. Une belle somme au profit \u00a0d\u2019une cause qui nous tient \u00e0 c\u0153ur\u00a0.<\/p>\n<p>\u00a0<\/p>\n","protected":false},"excerpt":{"rendered":"Samedi 9\u00a0ao\u00fbt, \u00ab\u00a0Fanfan\u00a0\u00bb a cl\u00f4tur\u00e9 son Tour de France \u00e0 v\u00e9lo. Apr\u00e8s 3\u00a0400\u00a0km parcourus au profit d\u2019une association&hellip;\n","protected":false},"author":2,"featured_media":313936,"comment_status":"","ping_status":"","sticky":false,"template":"","format":"standard","meta":{"footnotes":""},"categories":[2821],"tags":[1111,11,829,22854,13773,9424,20173,1777,674,45342,1011,27,7826,12,584,25,3584,208],"class_list":{"0":"post-313935","1":"post","2":"type-post","3":"status-publish","4":"format-standard","5":"has-post-thumbnail","7":"category-rennes","8":"tag-actu","9":"tag-actualites","10":"tag-bretagne","11":"tag-cloture","12":"tag-collective","13":"tag-derniere","14":"tag-etape","15":"tag-eu","16":"tag-europe","17":"tag-fanfan","18":"tag-fr","19":"tag-france","20":"tag-lors","21":"tag-news","22":"tag-rennes","23":"tag-republique-francaise","24":"tag-tour","25":"tag-velo"},"share_on_mastodon":{"url":"https:\/\/pubeurope.com\/@fr\/115015888749988226","error":""},"_links":{"self":[{"href":"https:\/\/www.europesays.com\/fr\/wp-json\/wp\/v2\/posts\/313935","targetHints":{"allow":["GET"]}}],"collection":[{"href":"https:\/\/www.europesays.com\/fr\/wp-json\/wp\/v2\/posts"}],"about":[{"href":"https:\/\/www.europesays.com\/fr\/wp-json\/wp\/v2\/types\/post"}],"author":[{"embeddable":true,"href":"https:\/\/www.europesays.com\/fr\/wp-json\/wp\/v2\/users\/2"}],"replies":[{"embeddable":true,"href":"https:\/\/www.europesays.com\/fr\/wp-json\/wp\/v2\/comments?post=313935"}],"version-history":[{"count":0,"href":"https:\/\/www.europesays.com\/fr\/wp-json\/wp\/v2\/posts\/313935\/revisions"}],"wp:featuredmedia":[{"embeddable":true,"href":"https:\/\/www.europesays.com\/fr\/wp-json\/wp\/v2\/media\/313936"}],"wp:attachment":[{"href":"https:\/\/www.europesays.com\/fr\/wp-json\/wp\/v2\/media?parent=313935"}],"wp:term":[{"taxonomy":"category","embeddable":true,"href":"https:\/\/www.europesays.com\/fr\/wp-json\/wp\/v2\/categories?post=313935"},{"taxonomy":"post_tag","embeddable":true,"href":"https:\/\/www.europesays.com\/fr\/wp-json\/wp\/v2\/tags?post=313935"}],"curies":[{"name":"wp","href":"https:\/\/api.w.org\/{rel}","templated":true}]}}